{"id":9500,"date":"2022-07-12T12:30:54","date_gmt":"2022-07-12T10:30:54","guid":{"rendered":"http:\/\/www.incipe.org\/?p=7708"},"modified":"2024-10-14T12:10:55","modified_gmt":"2024-10-14T12:10:55","slug":"prioridades-y-desafios-de-la-presidencia-checa-del-consejo-de-la-union-europea","status":"publish","type":"post","link":"https:\/\/fundacionincipe.com\/index.php\/2022\/07\/12\/prioridades-y-desafios-de-la-presidencia-checa-del-consejo-de-la-union-europea\/","title":{"rendered":"Prioridades y desaf\u00edos de la Presidencia checa del consejo de la Uni\u00f3n Europea"},"content":{"rendered":"<p><!--:es--><\/p>\n<p style=\"text-align: justify;\">Bajo el lema <em><strong>Europe as a Task<\/strong><\/em>, la Rep\u00fablica Checa es la encargada de asumir la presidencia del Consejo de la Uni\u00f3n Europea este semestre. Este mensaje quiere transmitir una visi\u00f3n: <strong>repensar, reforzar y reconstruir<\/strong>. Y es que la situaci\u00f3n en el continente Europeo no pasa por su mejor momento consecuencia de la guerra en ucrania, la alt\u00edsima inflaci\u00f3n y la incertidumbre relacionada a la seguridad energ\u00e9tica. Todos estos contratiempos presentan desaf\u00edos para la Uni\u00f3n Europea y es por eso que la actuaci\u00f3n conjunta de todos los pa\u00edses es la \u00fanica manera de sobreponerse a estas situaciones.<\/p>\n<p style=\"text-align: justify;\">El embajador Ivan Jan\u010d\u00e1rek divide su ponencia en <strong>tres puntos clave<\/strong>, y que son prioritarios a la hora de plantear la presidencia del Consejo de la Uni\u00f3n Europea. En primer lugar, <strong>la dependencia europea de los recursos energ\u00e9ticos rusos ha llevado a que la seguridad energ\u00e9tica sea de m\u00e1xima prioridad para la Uni\u00f3n Europea<\/strong>. Lamentablemente, tal y como asegura el embajador Jan\u010d\u00e1rek, esta dependencia no puede cambiar de un d\u00eda para otro. Para poder dar soluci\u00f3n a esta dependencia, se han tenido que encontrar otros suministros que provienen de otros sitios como los Estados Unidos, Catar y Mozambique\u2026 Por otra parte, <strong>las energ\u00edas renovables como soluci\u00f3n a corto plazo no es una opci\u00f3n viable<\/strong>, y por tanto, ese viraje hacia una energ\u00eda m\u00e1s verde puede llevar m\u00e1s tiempo, aunque eso no significa que los retos del COP y del cambio clim\u00e1tico se pongan en duda o pasen a estar en segundo plano.<\/p>\n<p style=\"text-align: justify;\">En segundo lugar, la <strong>guerra de Ucrania<\/strong> tambi\u00e9n va a ser un tema a tratar en estos meses de presidencia checa. Las prioridades dentro de este conflicto son la <strong>gesti\u00f3n de los refugiados<\/strong> de Ucrania y la <strong>reconstrucci\u00f3n del pa\u00eds<\/strong>; muy necesaria para que los ciudadanos que tuvieron que huir de las acciones militares se encuentren a la vuelta con una Ucrania lista para recibirlos. Se espera que la guerra se alargue y la Uni\u00f3n Europea, por tanto, se encuentra en la <strong>obligaci\u00f3n moral de otorgar ayuda;<\/strong> tanto militar, como monetaria. Aunque no solo eso, tambi\u00e9n es importante la candidatura de Ucrania a la Uni\u00f3n Europea ya que es el reconocimiento de una situaci\u00f3n extraordinaria, respaldando as\u00ed al pa\u00eds.<\/p>\n<p style=\"text-align: justify;\">En tercer lugar, el embajador checo tambi\u00e9n hace referencia al <strong>sistema de defensa europeo<\/strong>. Entre sus objetivos se encuentran promover la defensa del \u00e1rea ciberespacial y espacial, as\u00ed como tambi\u00e9n buscar <strong>la independencia tecnol\u00f3gica total<\/strong> a partir del desarrollo de las industrias, incluyendo las militares. Otra de las prioridades en relaci\u00f3n a esta \u00e1rea seria la <strong>implementaci\u00f3n de los retos y objetivos presentes en la br\u00fajula estrat\u00e9gica<\/strong>, ya adoptada por la Uni\u00f3n Europea a principios de a\u00f1o. Para conseguir esto, Jan\u010d\u00e1rek destaca que <strong>\u201cvamos a necesitar ayuda de la OTAN y es por eso que la decisi\u00f3n de los pa\u00edses aliados de incrementar en un 2% los gastos en defensa es muy importante\u201d<\/strong>.<\/p>\n<p style=\"text-align: justify;\">Para concluir, el embajador acaba la ponencia con un gui\u00f1o hacia los retos internacionales<strong>. Construir una Europa fuerte, resiliente y sostenible<\/strong>, una Europa dispuesta a colaborar y cooperar con otros pa\u00edses y organizaciones para conseguir los retos y objetivos marcados en la br\u00fajula estrat\u00e9gica va a ser imperante para la Republica Checa durante la presidencia europea y las prioridades y objetivos que han marcado para estos meses, dado el contexto internacional actual.<\/p>\n<p>Judit Anidjar<\/p>\n","protected":false},"excerpt":{"rendered":"<p>Bajo el lema Europe as a Task, la Rep\u00fablica Checa es la encargada de asumir la presidencia del Consejo de la Uni\u00f3n Europea este semestre. Este mensaje quiere transmitir una [&hellip;]<\/p>\n","protected":false},"author":3,"featured_media":163,"comment_status":"closed","ping_status":"closed","sticky":false,"template":"","format":"standard","meta":{"_acf_changed":false,"footnotes":""},"categories":[8],"tags":[],"class_list":["post-9500","post","type-post","status-publish","format-standard","has-post-thumbnail","hentry","category-conferencias-y-seminarios"],"acf":[],"_links":{"self":[{"href":"https:\/\/fundacionincipe.com\/index.php\/wp-json\/wp\/v2\/posts\/9500","targetHints":{"allow":["GET"]}}],"collection":[{"href":"https:\/\/fundacionincipe.com\/index.php\/wp-json\/wp\/v2\/posts"}],"about":[{"href":"https:\/\/fundacionincipe.com\/index.php\/wp-json\/wp\/v2\/types\/post"}],"author":[{"embeddable":true,"href":"https:\/\/fundacionincipe.com\/index.php\/wp-json\/wp\/v2\/users\/3"}],"replies":[{"embeddable":true,"href":"https:\/\/fundacionincipe.com\/index.php\/wp-json\/wp\/v2\/comments?post=9500"}],"version-history":[{"count":2,"href":"https:\/\/fundacionincipe.com\/index.php\/wp-json\/wp\/v2\/posts\/9500\/revisions"}],"predecessor-version":[{"id":17605,"href":"https:\/\/fundacionincipe.com\/index.php\/wp-json\/wp\/v2\/posts\/9500\/revisions\/17605"}],"wp:featuredmedia":[{"embeddable":true,"href":"https:\/\/fundacionincipe.com\/index.php\/wp-json\/wp\/v2\/media\/163"}],"wp:attachment":[{"href":"https:\/\/fundacionincipe.com\/index.php\/wp-json\/wp\/v2\/media?parent=9500"}],"wp:term":[{"taxonomy":"category","embeddable":true,"href":"https:\/\/fundacionincipe.com\/index.php\/wp-json\/wp\/v2\/categories?post=9500"},{"taxonomy":"post_tag","embeddable":true,"href":"https:\/\/fundacionincipe.com\/index.php\/wp-json\/wp\/v2\/tags?post=9500"}],"curies":[{"name":"wp","href":"https:\/\/api.w.org\/{rel}","templated":true}]}}