{"id":9499,"date":"2022-07-04T12:47:28","date_gmt":"2022-07-04T10:47:28","guid":{"rendered":"http:\/\/www.incipe.org\/?p=7688"},"modified":"2024-10-16T12:42:25","modified_gmt":"2024-10-16T12:42:25","slug":"global-trends-in-peace-conflict-and-risk-perceptions","status":"publish","type":"post","link":"https:\/\/fundacionincipe.com\/index.php\/2022\/07\/04\/global-trends-in-peace-conflict-and-risk-perceptions\/","title":{"rendered":"Global trends in peace, conflict and risk perceptions"},"content":{"rendered":"<p><!--:es--><\/p>\n<p style=\"text-align: justify;\">La 16\u00aa edici\u00f3n del Global peace Index est\u00e1 marcada por el contexto de guerra en el continente europeo y sus efectos a nivel regional y global. Es por ello que, en esta ocasi\u00f3n, el informe no solo recopila datos sobre las perspectivas de paz a nivel global del a\u00f1o 2022; sino que tambi\u00e9n <strong>mide el impacto de la guerra en Ucrania en relaci\u00f3n a estas perspectivas<\/strong>.<\/p>\n<p style=\"text-align: justify;\">Es por todo esto que Serge Stroobants divide su presentaci\u00f3n en <strong>cuatro puntos importantes<\/strong>: la guerra en Ucrania y los efectos de \u00e9sta en relaci\u00f3n a las perspectivas de paz, los hallazgos clave para el \u00cdndice de Paz Global, las tendencias en relaci\u00f3n a los niveles de paz y, por \u00faltimo, el valor econ\u00f3mico de la paz.<\/p>\n<p style=\"text-align: justify;\">En primer lugar, cabr\u00eda destacar el fuerte cambio de opini\u00f3n que ha sufrido la sociedad ucraniana en relaci\u00f3n a los niveles de paz y seguridad. Antes del conflicto, se llev\u00f3 a cabo una investigaci\u00f3n que afirm\u00f3 la ciudadan\u00eda sent\u00eda cierto <strong>optimismo sobre el futuro de Ucrania<\/strong>. No obstante, el informe de este a\u00f1o presenta datos que afirman que Ucrania ha sufrido un gran deterioro como pa\u00eds.<\/p>\n<p style=\"text-align: justify;\">Asimismo, Stroobants hace referencia al impacto de la guerra en Ucrania, de entre los que <strong>destaca la subida de la inflaci\u00f3n, la escasez de las cadenas de suministro y la crisis alimentaria<\/strong>; haciendo menci\u00f3n al bloqueo de los puertos ucranianos en el Mar Negro para exportar grano. Adem\u00e1s, tambi\u00e9n menciona <strong>el incremento aproximado del 7% en gasto militar que los miembros de la OTAN<\/strong> van a llevar a cabo a causa de este conflicto.<\/p>\n<p style=\"text-align: justify;\">En cuanto al nivel de paz global, Serge Stroobants destaca un dato preocupante: <strong>el nivel promedio de paz global de los pa\u00edses se ha deteriorado un 0.3% respecto al a\u00f1o anterior<\/strong>, siendo este el und\u00e9cimo deterioro y el nivel m\u00e1s bajo de Paz en los \u00faltimos 14 a\u00f1os.\u00a0Stroobants afirma que \u201cel nivel de paz se ha agraviado a causa del <strong>aumento de n\u00famero de refugiados y personas internas desplazadas, los datos de la escala del terror pol\u00edtico y el deterioro de las buenas relaciones entre pa\u00edses vecinos<\/strong>\u201d. Aun as\u00ed, Islandia se mantiene como el pa\u00eds m\u00e1s pac\u00edfico. Por otro lado, Afganist\u00e1n, aunque con gobierno que ha creado una especie de estabilidad en el pa\u00eds, ocupa el \u00faltimo lugar de la lista.<\/p>\n<p style=\"text-align: justify;\"><strong>Los aspectos globales de las relaciones internacionales han cambiado<\/strong>. De una aproximaci\u00f3n liberal que se basaba en la colaboraci\u00f3n, ha habido un cambio hac\u00eda una aproximaci\u00f3n m\u00e1s realista que basa las relaciones internacionales en una especie de competici\u00f3n. Es por ello que el <strong>\u00cdndice de Paz Global no expresa ning\u00fan signo de cambio hacia un futuro m\u00e1s pac\u00edfico<\/strong>.<\/p>\n<p style=\"text-align: justify;\">Teniendo en cuenta los datos, Serge Strooberg anima a los Estados a romper el ciclo vicioso que se crea cuando se invierte en violencia, y que crea m\u00e1s violencia. Se debe intentar crear un ciclo virtuoso en el cual se invierta en aumentar los niveles de <em>paz positiva<\/em>: <strong>\u201cnosotros sabemos cu\u00e1les son nuestros problemas, sabemos d\u00f3nde necesitamos invertir y que actitudes debemos cambiar. Hay una salida a esta espiral negativa\u201d<\/strong>.<\/p>\n<p>Judit Anidjar<\/p>\n","protected":false},"excerpt":{"rendered":"<p>La 16\u00aa edici\u00f3n del Global peace Index est\u00e1 marcada por el contexto de guerra en el continente europeo y sus efectos a nivel regional y global. Es por ello que, [&hellip;]<\/p>\n","protected":false},"author":3,"featured_media":160,"comment_status":"closed","ping_status":"closed","sticky":false,"template":"","format":"standard","meta":{"_acf_changed":false,"footnotes":""},"categories":[8],"tags":[],"class_list":["post-9499","post","type-post","status-publish","format-standard","has-post-thumbnail","hentry","category-conferencias-y-seminarios"],"acf":[],"_links":{"self":[{"href":"https:\/\/fundacionincipe.com\/index.php\/wp-json\/wp\/v2\/posts\/9499","targetHints":{"allow":["GET"]}}],"collection":[{"href":"https:\/\/fundacionincipe.com\/index.php\/wp-json\/wp\/v2\/posts"}],"about":[{"href":"https:\/\/fundacionincipe.com\/index.php\/wp-json\/wp\/v2\/types\/post"}],"author":[{"embeddable":true,"href":"https:\/\/fundacionincipe.com\/index.php\/wp-json\/wp\/v2\/users\/3"}],"replies":[{"embeddable":true,"href":"https:\/\/fundacionincipe.com\/index.php\/wp-json\/wp\/v2\/comments?post=9499"}],"version-history":[{"count":2,"href":"https:\/\/fundacionincipe.com\/index.php\/wp-json\/wp\/v2\/posts\/9499\/revisions"}],"predecessor-version":[{"id":17677,"href":"https:\/\/fundacionincipe.com\/index.php\/wp-json\/wp\/v2\/posts\/9499\/revisions\/17677"}],"wp:featuredmedia":[{"embeddable":true,"href":"https:\/\/fundacionincipe.com\/index.php\/wp-json\/wp\/v2\/media\/160"}],"wp:attachment":[{"href":"https:\/\/fundacionincipe.com\/index.php\/wp-json\/wp\/v2\/media?parent=9499"}],"wp:term":[{"taxonomy":"category","embeddable":true,"href":"https:\/\/fundacionincipe.com\/index.php\/wp-json\/wp\/v2\/categories?post=9499"},{"taxonomy":"post_tag","embeddable":true,"href":"https:\/\/fundacionincipe.com\/index.php\/wp-json\/wp\/v2\/tags?post=9499"}],"curies":[{"name":"wp","href":"https:\/\/api.w.org\/{rel}","templated":true}]}}