{"id":9498,"date":"2022-06-14T10:38:31","date_gmt":"2022-06-14T08:38:31","guid":{"rendered":"http:\/\/www.incipe.org\/?p=7666"},"modified":"2024-10-16T12:52:19","modified_gmt":"2024-10-16T12:52:19","slug":"la-otan-desde-1991-hasta-la-invasion-de-ucrania","status":"publish","type":"post","link":"https:\/\/fundacionincipe.com\/index.php\/2022\/06\/14\/la-otan-desde-1991-hasta-la-invasion-de-ucrania\/","title":{"rendered":"La OTAN, desde 1991 hasta la invasi\u00f3n de Ucrania"},"content":{"rendered":"<p><!--:es--><\/p>\n<p style=\"text-align: justify;\">Abarcar el recorrido de la Alianza Atl\u00e1ntica en tan poco tiempo es casi imposible, aunque Javier Solana ha sabido explicarlo a la perfecci\u00f3n, especialmente su relaci\u00f3n con Ucrania. Empezando por el <strong>Tratado de Belavezha<\/strong> <strong>en el a\u00f1o 1991<\/strong> y la reuni\u00f3n que tuvo lugar en Bielorrusia entre los presidentes de Rusia, Ucrania y Bielorrusia; es ah\u00ed cuando se disuelve la Uni\u00f3n Sovi\u00e9tica y se convierten en Estados soberanos.<\/p>\n<p style=\"text-align: justify;\">A\u00f1os m\u00e1s tarde se firmar\u00eda el <strong>memor\u00e1ndum de Budapest<\/strong>, a trav\u00e9s del cual Ucrania accedi\u00f3 a la entrega de armas nucleares y el desarme del pa\u00eds. De este acuerdo, Javier Solana destaca lo que las otras potencias nucleares del momento ofrecieron a Ucrania, que se puede resumir en tres aspectos: el reconocimiento como pa\u00eds soberano, asegurar las fronteras y la defensa por parte de estas potencias en caso de ataque a Ucrania.<\/p>\n<p style=\"text-align: justify;\">Javier Solana recalca los acontecimientos que tuvieron lugar en la sociedad internacional a partir de ese momento. Entre ellos la <strong>Cumbre de Espa\u00f1a de la OTAN en el a\u00f1o 1997<\/strong> donde se crea un consejo entre la OTAN y Rusia, creyendo as\u00ed que era el inicio de una posible relaci\u00f3n entre la Alianza Atl\u00e1ntica y Rusia. Adem\u00e1s de mencionar el cambio en el paradigma internacional con la entrada del siglo XXI y el 11S, su repaso alcanza hasta el a\u00f1o 2004 y las elecciones en Ucrania. Es durante este a\u00f1o cuando se presenta la primera dificultad entre Putin y Ucrania y que se alarga hasta el 2014, cuando tiene lugar el <strong><em>Euromaid\u00e1n<\/em><\/strong> en Ucrania y comienza la guerra. Javier Solana plantea, entonces, lo siguiente: <strong>\u201c\u00bfReaccionamos bien al tema de Crimea? \u00bfSe podr\u00eda haber hecho m\u00e1s? En efecto, no se hizo lo suficiente\u2026\u201d.<\/strong><\/p>\n<p style=\"text-align: justify;\">A modo de evaluaci\u00f3n de la actual crisis, Solana destaca que <strong>el papel de la Uni\u00f3n Europea ha sido impecable, tanto en sanciones como en acogida de refugiados<\/strong>. Estados Unidos no presenta un liderazgo tan fuerte como el de \u00e9pocas anteriores y China debe hacer frente al problema econ\u00f3mico y a la pandemia. En cuanto a Rusia, con la futura anexi\u00f3n de Finlandia y Suecia a la OTAN, ha sufrido un duro golpe ya que el pa\u00eds est\u00e1 cada vez m\u00e1s rodeado por pa\u00edses de la Alianza Atl\u00e1ntica.<\/p>\n<p style=\"text-align: justify;\">Para concluir, Javier Solana recalca la importancia de alcanzar a un alto al fuego que facilite las negociaciones posteriores. El mundo es mucho m\u00e1s complejo que anta\u00f1o y es imperante mantener la globalizaci\u00f3n, que est\u00e1 cada vez m\u00e1s en decadencia. <strong>\u201cNo debemos de creernos que seguimos siendo el faro que alumbra al mundo. Ahora mismo el mundo es m\u00e1s complejo donde no hay una potencia que domina. Hay que adaptarse a la situaci\u00f3n en la que podemos vivir\u201d.<\/strong><\/p>\n<p>Judit Anidjar<\/p>\n<p><!--:--><\/p>\n","protected":false},"excerpt":{"rendered":"<p>Abarcar el recorrido de la Alianza Atl\u00e1ntica en tan poco tiempo es casi imposible, aunque Javier Solana ha sabido explicarlo a la perfecci\u00f3n, especialmente su relaci\u00f3n con Ucrania. Empezando por [&hellip;]<\/p>\n","protected":false},"author":3,"featured_media":162,"comment_status":"closed","ping_status":"closed","sticky":false,"template":"","format":"standard","meta":{"_acf_changed":false,"footnotes":""},"categories":[8],"tags":[],"class_list":["post-9498","post","type-post","status-publish","format-standard","has-post-thumbnail","hentry","category-conferencias-y-seminarios"],"acf":[],"_links":{"self":[{"href":"https:\/\/fundacionincipe.com\/index.php\/wp-json\/wp\/v2\/posts\/9498","targetHints":{"allow":["GET"]}}],"collection":[{"href":"https:\/\/fundacionincipe.com\/index.php\/wp-json\/wp\/v2\/posts"}],"about":[{"href":"https:\/\/fundacionincipe.com\/index.php\/wp-json\/wp\/v2\/types\/post"}],"author":[{"embeddable":true,"href":"https:\/\/fundacionincipe.com\/index.php\/wp-json\/wp\/v2\/users\/3"}],"replies":[{"embeddable":true,"href":"https:\/\/fundacionincipe.com\/index.php\/wp-json\/wp\/v2\/comments?post=9498"}],"version-history":[{"count":3,"href":"https:\/\/fundacionincipe.com\/index.php\/wp-json\/wp\/v2\/posts\/9498\/revisions"}],"predecessor-version":[{"id":17679,"href":"https:\/\/fundacionincipe.com\/index.php\/wp-json\/wp\/v2\/posts\/9498\/revisions\/17679"}],"wp:featuredmedia":[{"embeddable":true,"href":"https:\/\/fundacionincipe.com\/index.php\/wp-json\/wp\/v2\/media\/162"}],"wp:attachment":[{"href":"https:\/\/fundacionincipe.com\/index.php\/wp-json\/wp\/v2\/media?parent=9498"}],"wp:term":[{"taxonomy":"category","embeddable":true,"href":"https:\/\/fundacionincipe.com\/index.php\/wp-json\/wp\/v2\/categories?post=9498"},{"taxonomy":"post_tag","embeddable":true,"href":"https:\/\/fundacionincipe.com\/index.php\/wp-json\/wp\/v2\/tags?post=9498"}],"curies":[{"name":"wp","href":"https:\/\/api.w.org\/{rel}","templated":true}]}}