{"id":9497,"date":"2022-05-23T14:22:51","date_gmt":"2022-05-23T12:22:51","guid":{"rendered":"http:\/\/www.incipe.org\/?p=7660"},"modified":"2024-10-18T10:26:01","modified_gmt":"2024-10-18T10:26:01","slug":"importancia-de-la-cumbre-de-madrid-en-el-contexto-actual-de-seguridad","status":"publish","type":"post","link":"https:\/\/fundacionincipe.com\/index.php\/2022\/05\/23\/importancia-de-la-cumbre-de-madrid-en-el-contexto-actual-de-seguridad\/","title":{"rendered":"Importancia de la Cumbre de Madrid en el contexto actual de seguridad"},"content":{"rendered":"\n<p>Antes de abordar los principales aspectos que demuestran la importancia de la Cumbre de Madrid, Javier Colomina dedica unos minutos a explicar brevemente el papel que est\u00e1 desempe\u00f1ando la OTAN en relaci\u00f3n con la guerra de Rusia en Ucrania en respuesta a los flujos de desinformaci\u00f3n que a d\u00eda de hoy circulan.&nbsp; Y es que la Alianza Atl\u00e1ntica est\u00e1 cumpliendo la funci\u00f3n m\u00e1s importante que ha tenido que cumplir desde su creaci\u00f3n en el a\u00f1o 1949, que no es otra que la de&nbsp;<strong>evitar que un conflicto que es de car\u00e1cter local pase a ser un conflicto global<\/strong>. Es por ello que lo que se ha llevado a cabo ha sido el aumento de la capacidad disuasoria de la OTAN.<\/p>\n\n\n\n<p>La Cumbre de Madrid, que tendr\u00e1 lugar el 29 y 30 de junio, va a ser un hito; no solo porque va a ser la primera gran Cumbre celebrada despu\u00e9s de la pandemia, sino tambi\u00e9n porque se va a&nbsp;<strong>aprobar el nuevo Concepto Estrat\u00e9gico<\/strong>. Esta adaptaci\u00f3n del concepto estrat\u00e9gico se fundamentar\u00e1 en el proceso que lanz\u00f3 la alianza llamado&nbsp;<strong>OTAN 2030<\/strong>. Este proyecto se basa en mantener a la Alianza fuerte militarmente con el objetivo de garantizar la defensa colectiva. Adem\u00e1s, tambi\u00e9n consiste en proveer a la Alianza un car\u00e1cter m\u00e1s global para poder responder a las amenazas globales que ponen en riesgo al \u00e1rea euroatl\u00e1ntica. Por \u00faltimo, tambi\u00e9n asume que la OTAN debe de tener un car\u00e1cter m\u00e1s pol\u00edtico, en la cual no solo se conciba la presencia de los ministerios de defensa y asuntos exteriores; sino tambi\u00e9n la presencia de otros departamentos ministeriales que van m\u00e1s all\u00e1 y que se basan en un concepto m\u00e1s amplio de la seguridad; como por ejemplo, el cambio clim\u00e1tico.<\/p>\n\n\n\n<p>Otra de las cuestiones que introdujo Colomina es la necesidad de&nbsp;<strong>actualizar el concepto estrat\u00e9gico aprobado en Lisboa en 2010<\/strong>, dados los cambios que se han producido en el orden internacional. Por una parte, el concepto de Lisboa se\u00f1ala que la zona euroatl\u00e1ntica se encuentra en paz; Rusia es considerado socio y no se menciona a China. A d\u00eda de hoy, esto ha cambiado. La OTAN defin\u00eda dos elementos como amenazas: el terrorismo y Rusia. Y aunque el terrorismo mantiene el mismo nivel de amenaza, la relaci\u00f3n con Rusia y ese equilibrio que exist\u00eda con la&nbsp;<em>dual track policy<\/em>&nbsp;basada, por un lado, en la disuasi\u00f3n y defensa; y por otro, en el di\u00e1logo ha sufrido un gran cambio; pasando a considerar Rusia no solo como amenaza sino como tambi\u00e9n un adversario.<\/p>\n\n\n\n<p>En cuanto a China, indudablemente va a tener una presencia fundamental en la Cumbre de Madrid dados los retos securitarios actuales que presenta el pa\u00eds. Por tanto, se espera una redefinici\u00f3n de la relaci\u00f3n y que se mantenga ese equilibrio en los retos securitarios que plantea, la necesidad de aumentar la resiliencia de la Alianza, y la b\u00fasqueda de espacios compartidos con dicho pa\u00eds.<\/p>\n\n\n\n<p>En definitiva, el protagonismo de la Cumbre de Madrid va a recaer en la aprobaci\u00f3n del nuevo el Concepto Estrat\u00e9gico, dado que se ha visto impactado por el conflicto en Ucrania. La OTAN definir\u00e1 las gu\u00edas de trabajo para los pr\u00f3ximos a\u00f1os, basadas en las tres tareas esenciales anteriormente marcadas:&nbsp;<strong>la defensa colectiva, la seguridad cooperativa y la gesti\u00f3n de crisis<\/strong>. Ahora m\u00e1s que nunca el art\u00edculo 5 cobra mucha importancia, as\u00ed como tambi\u00e9n la seguridad cooperativa. Tambi\u00e9n es necesaria una evoluci\u00f3n de la gesti\u00f3n de crisis con operaciones m\u00e1s quir\u00fargicas y m\u00e1s espec\u00edficas. Por todo esto, la Cumbre de Madrid es de vital importancia en el contexto actual de seguridad que nos ha tocado vivir.<\/p>\n\n\n\n<p>Judit Anidjar<\/p>\n","protected":false},"excerpt":{"rendered":"<p>Antes de abordar los principales aspectos que demuestran la importancia de la Cumbre de Madrid, Javier Colomina dedica unos minutos a explicar brevemente el papel que est\u00e1 desempe\u00f1ando la OTAN [&hellip;]<\/p>\n","protected":false},"author":3,"featured_media":14060,"comment_status":"closed","ping_status":"closed","sticky":false,"template":"","format":"standard","meta":{"_acf_changed":false,"footnotes":""},"categories":[8],"tags":[],"class_list":["post-9497","post","type-post","status-publish","format-standard","has-post-thumbnail","hentry","category-conferencias-y-seminarios"],"acf":[],"_links":{"self":[{"href":"https:\/\/fundacionincipe.com\/index.php\/wp-json\/wp\/v2\/posts\/9497","targetHints":{"allow":["GET"]}}],"collection":[{"href":"https:\/\/fundacionincipe.com\/index.php\/wp-json\/wp\/v2\/posts"}],"about":[{"href":"https:\/\/fundacionincipe.com\/index.php\/wp-json\/wp\/v2\/types\/post"}],"author":[{"embeddable":true,"href":"https:\/\/fundacionincipe.com\/index.php\/wp-json\/wp\/v2\/users\/3"}],"replies":[{"embeddable":true,"href":"https:\/\/fundacionincipe.com\/index.php\/wp-json\/wp\/v2\/comments?post=9497"}],"version-history":[{"count":8,"href":"https:\/\/fundacionincipe.com\/index.php\/wp-json\/wp\/v2\/posts\/9497\/revisions"}],"predecessor-version":[{"id":17747,"href":"https:\/\/fundacionincipe.com\/index.php\/wp-json\/wp\/v2\/posts\/9497\/revisions\/17747"}],"wp:featuredmedia":[{"embeddable":true,"href":"https:\/\/fundacionincipe.com\/index.php\/wp-json\/wp\/v2\/media\/14060"}],"wp:attachment":[{"href":"https:\/\/fundacionincipe.com\/index.php\/wp-json\/wp\/v2\/media?parent=9497"}],"wp:term":[{"taxonomy":"category","embeddable":true,"href":"https:\/\/fundacionincipe.com\/index.php\/wp-json\/wp\/v2\/categories?post=9497"},{"taxonomy":"post_tag","embeddable":true,"href":"https:\/\/fundacionincipe.com\/index.php\/wp-json\/wp\/v2\/tags?post=9497"}],"curies":[{"name":"wp","href":"https:\/\/api.w.org\/{rel}","templated":true}]}}