{"id":9493,"date":"2022-04-07T12:05:17","date_gmt":"2022-04-07T10:05:17","guid":{"rendered":"http:\/\/www.incipe.org\/?p=7649"},"modified":"2024-10-18T10:46:05","modified_gmt":"2024-10-18T10:46:05","slug":"finnish-view-on-the-russian-war-of-aggression-against-ukraine","status":"publish","type":"post","link":"https:\/\/fundacionincipe.com\/index.php\/2022\/04\/07\/finnish-view-on-the-russian-war-of-aggression-against-ukraine\/","title":{"rendered":"Finnish view on the Russian war of aggression against Ukraine"},"content":{"rendered":"<p><!--:es--><\/p>\n<p style=\"text-align: justify;\">Con la invasi\u00f3n de Ucrania, se ha intensificado el debate internacional en torno a Rusia, sus objetivos y el poder ruso en la esfera mundial. En primer lugar, tal y como asegura Mika Aaltola, <strong>Rusia no tiene un estatus de superpotencia global como es el caso de China o Estados Unidos<\/strong>; sino que es un poder que se podr\u00eda considerar m\u00e1s bien regional. Es por esto que ya se habla de la teor\u00eda de transici\u00f3n de poderes y la aplicaci\u00f3n de esta teor\u00eda por parte de Rusia. <strong>El pa\u00eds est\u00e1 utilizando la fuerza como instrumento para mostrar su poder en el escenario europeo e intentar cambiar el orden internacional a un mundo multipolar.<\/strong><\/p>\n<p style=\"text-align: justify;\">No es la primera vez que un pa\u00eds lleva a cabo este tipo de injerencia para imponer una transici\u00f3n de poder, ya que suele pasar una o dos veces cada siglo. Adem\u00e1s, la reciente invasi\u00f3n de Ucrania es solo una muestra de que a\u00fan est\u00e1 lo peor por venir, ya que <strong>la intenci\u00f3n de cambiar el orden internacional por parte de Rusia empez\u00f3 en 2008.<\/strong> Dicha guerra, considerada como una mera operaci\u00f3n reactiva, fue relativamente corta y exitosa desde la perspectiva rusa. No obstante, seis a\u00f1os despu\u00e9s, lleg\u00f3 la invasi\u00f3n de Crimea, basada en principios proactivos ya que fue una reacci\u00f3n al cambio pol\u00edtico que se estaba produciendo en Ucrania por aquel entonces.<\/p>\n<p style=\"text-align: justify;\">Por estas razones, el comienzo de la guerra en Ucrania este 24 de febrero es muy significativo desde m\u00faltiples perspectivas. Antes de que se llevar\u00e1 a cabo la invasi\u00f3n, <strong>Rusia hab\u00eda propuesto una lista de demandas<\/strong> entre las cuales se inclu\u00edan la necesidad del pa\u00eds de opinar y tener voz sobre los asuntos de seguridad y defensa de sus pa\u00edses vecinos, incluidos Suecia y Finlandia, as\u00ed como tambi\u00e9n el retroceso geogr\u00e1fico de la OTAN en el flanco este; entre otros. Estas demandas ten\u00edan como objetivo <strong>revertir el orden securitario<\/strong> establecido en Helsinki en el a\u00f1o 1975 e institucionalizado al final de la Guerra Fr\u00eda. Desde la perspectiva finesa, <strong>son todos estos aspectos los que impulsan a Finlandia a ese cambio de actitud respecto a la adhesi\u00f3n a la OTAN<\/strong>. Tal y como afirma el director de FIIA. \u201clo que pasa en Ucrania no se queda en Ucrania\u201d.<\/p>\n<p style=\"text-align: justify;\">Lidiar con un pa\u00eds autocr\u00e1tico como Rusia en un momento as\u00ed no es f\u00e1cil y el pa\u00eds fin\u00e9s lo sabe, se\u00f1ala Aaltola. <strong>El modelo forzado de Finlandizaci\u00f3n mantuvo a Finlandia como un pa\u00eds neutro<\/strong>; sin embargo, los acontecimientos de 2008 supusieron un punto de inflexi\u00f3n en las relaciones fino-rusas y se deterioraron a\u00fan m\u00e1s con la invasi\u00f3n de Crimea. Finlandia ha aprobado y aceptado las sanciones impuestas por la Uni\u00f3n Europea. Desde la experiencia, <strong>el pa\u00eds fin\u00e9s destaca la contenci\u00f3n de Rusia como elemento clave cuando se est\u00e1 utilizando la guerra como un instrumento pol\u00edtico<\/strong>.<\/p>\n<p style=\"text-align: justify;\">Como conclusi\u00f3n, dos posibilidades acechan el futuro, no solo de Finlandia, sino tambi\u00e9n de Suecia, en el \u00e1mbito de defensa: <strong>convertirse en miembro de la OTAN o establecer una alianza de defensa Suecia-Finlandia con garant\u00edas securitarias, <\/strong>que representar\u00eda una soluci\u00f3n a medio camino entre la entrada en la OTAN y la situaci\u00f3n actual. El sentido de defensa colectiva, a\u00f1ade el se\u00f1or Aaltola, siempre ha estado presente en el pa\u00eds; <strong>\u201cla defensa nacional es la defensa colectiva en Europa dada nuestra posici\u00f3n geogr\u00e1fica; \u00bfpor qu\u00e9, entonces, no formar parte de una alianza de defensa colectiva?\u201d<\/strong>.<\/p>\n<p>Judit Anidjar<\/p>\n","protected":false},"excerpt":{"rendered":"<p>Con la invasi\u00f3n de Ucrania, se ha intensificado el debate internacional en torno a Rusia, sus objetivos y el poder ruso en la esfera mundial. En primer lugar, tal y [&hellip;]<\/p>\n","protected":false},"author":3,"featured_media":153,"comment_status":"closed","ping_status":"closed","sticky":false,"template":"","format":"standard","meta":{"_acf_changed":false,"footnotes":""},"categories":[8],"tags":[],"class_list":["post-9493","post","type-post","status-publish","format-standard","has-post-thumbnail","hentry","category-conferencias-y-seminarios"],"acf":[],"_links":{"self":[{"href":"https:\/\/fundacionincipe.com\/index.php\/wp-json\/wp\/v2\/posts\/9493","targetHints":{"allow":["GET"]}}],"collection":[{"href":"https:\/\/fundacionincipe.com\/index.php\/wp-json\/wp\/v2\/posts"}],"about":[{"href":"https:\/\/fundacionincipe.com\/index.php\/wp-json\/wp\/v2\/types\/post"}],"author":[{"embeddable":true,"href":"https:\/\/fundacionincipe.com\/index.php\/wp-json\/wp\/v2\/users\/3"}],"replies":[{"embeddable":true,"href":"https:\/\/fundacionincipe.com\/index.php\/wp-json\/wp\/v2\/comments?post=9493"}],"version-history":[{"count":2,"href":"https:\/\/fundacionincipe.com\/index.php\/wp-json\/wp\/v2\/posts\/9493\/revisions"}],"predecessor-version":[{"id":17758,"href":"https:\/\/fundacionincipe.com\/index.php\/wp-json\/wp\/v2\/posts\/9493\/revisions\/17758"}],"wp:featuredmedia":[{"embeddable":true,"href":"https:\/\/fundacionincipe.com\/index.php\/wp-json\/wp\/v2\/media\/153"}],"wp:attachment":[{"href":"https:\/\/fundacionincipe.com\/index.php\/wp-json\/wp\/v2\/media?parent=9493"}],"wp:term":[{"taxonomy":"category","embeddable":true,"href":"https:\/\/fundacionincipe.com\/index.php\/wp-json\/wp\/v2\/categories?post=9493"},{"taxonomy":"post_tag","embeddable":true,"href":"https:\/\/fundacionincipe.com\/index.php\/wp-json\/wp\/v2\/tags?post=9493"}],"curies":[{"name":"wp","href":"https:\/\/api.w.org\/{rel}","templated":true}]}}