{"id":9491,"date":"2022-03-24T12:38:23","date_gmt":"2022-03-24T11:38:23","guid":{"rendered":"http:\/\/www.incipe.org\/?p=7640"},"modified":"2024-10-18T10:49:57","modified_gmt":"2024-10-18T10:49:57","slug":"la-cumbre-de-madrid-definiendo-una-nueva-decada-en-la-otan","status":"publish","type":"post","link":"https:\/\/fundacionincipe.com\/index.php\/2022\/03\/24\/la-cumbre-de-madrid-definiendo-una-nueva-decada-en-la-otan\/","title":{"rendered":"La Cumbre de Madrid: definiendo una nueva d\u00e9cada en la OTAN"},"content":{"rendered":"<p><!--:es--><\/p>\n<p style=\"text-align: justify;\">Carmen Romero comenz\u00f3 su participaci\u00f3n haciendo referencia a las tres cumbres extraordinarias que se hab\u00edan vivido en Bruselas en las \u00faltimas 24 horas, donde los diversos l\u00edderes pol\u00edticos destacaron los ejes que se tratar\u00e1n en la Cumbre de Madrid, modificando la agenda inicialmente planteada como consecuencia del conflicto de Ucrania.\u00a0La invasi\u00f3n rusa en Ucrania ha supuesto la <strong>ruptura de los cimientos de la seguridad euroatl\u00e1ntica<\/strong> y la estabilidad internacional costruidos desde el final de la Guerra Fr\u00eda. Adem\u00e1s, el conflicto ha supuesto un desaf\u00edo para los valores y normas que hab\u00edan proporcionado seguridad y estabilidad en Europa.<\/p>\n<p style=\"text-align: justify;\">Una de las realidades que ha salido a la luz es que la seguridad de todos los ciudadanos ya no est\u00e1 garantizada y, por ello, los Jefes de Estado y de Gobierno de la OTAN se han comprometido a <strong>aumentar la inversi\u00f3n en nuestra seguridad<\/strong> para garantizar nuestra protecci\u00f3n, no solo ante la actual amenaza sino tambi\u00e9n para las futuras.<\/p>\n<p style=\"text-align: justify;\">Hay tres factores con los que Putin no contaba al invadir Ucrania. El primero, es la resistencia ciudadana, que ha roto con la idea que ten\u00eda el presidente ruso de una guerra rel\u00e1mpago. El segundo es la unidad que ha presentado occidente, que no se ve\u00eda desde d\u00e9cadas. Y, por \u00faltimo, la respuesta tan firmen tanto por parte de la OTAN como de la Uni\u00f3n Europea.<\/p>\n<p style=\"text-align: justify;\">Antes de que tuviera inicio el conflicto armado, el 12 de enero de 2022 tuvo lugar la <strong>\u00faltima reuni\u00f3n del Consejo OTAN-Rusia<\/strong>. Posteriormente, el secretario general de la Alianza, Jens Stoltenberg, propuso un calendario de reuniones a la Federaci\u00f3n de Rusia para poder tratar temas de inter\u00e9s com\u00fan entre los que estaban: el estado de las relaciones OTAN-Rusia, la seguridad europea y la reducci\u00f3n de riesgos y la transparencia y control de armamento, pero no fue recibido con el mismo inter\u00e9s por su parte.<\/p>\n<p style=\"text-align: justify;\">Como consecuencia del conflicto, Europa se enfrenta a una importante crisis humanitaria y la reconstrucci\u00f3n del la seguridad europea. Sin embargo, Carmen Romero destaca otras consecuencias fruto de la guerra, como el importante retroceso en el marco de la cooperaci\u00f3n y di\u00e1logo con Rusia tras a\u00f1os de avances y trabajo desde el final de la Guerra Fr\u00eda.<\/p>\n<p style=\"text-align: justify;\">Otro de los protagonistas de esta Cumbre extraordinaria del la OTAN fue China, pa\u00eds al que los dirigentes de la OTAN mandaron un mensaje muy claro: debe abstenerse de apoyar el esfuerzo b\u00e9lico ruso, de mandar ayuda militar y econ\u00f3mica y, por otro lado, invita a Pek\u00edn a aprovechar su influencia con Mosc\u00fa para promover una soluci\u00f3n inmediata y pac\u00edfica.<\/p>\n<p style=\"text-align: justify;\">Para concluir su participaci\u00f3n, Carmen Romero resalt\u00f3 la importancia que tendr\u00e1 la pr\u00f3xima Cumbre de Madrid en la que se aprobar\u00e1 el <strong>nuevo Concepto Estrat\u00e9gico de la Alianza<\/strong>. Este tiene dos fines principales; por un lado, va a definir los desaf\u00edos en la seguridad y, por otro lado, nos va a preparar para un futuro cada vez m\u00e1s impredecible. Adem\u00e1s, reflejar\u00e1 los <strong>cambios en el entorno de nuestra seguridad<\/strong> que ahora mismo se encuentra caracterizado por una creciente estrategia, una inestabilidad generada y una gran volatilidad.<\/p>\n<p>Marta Herranz<\/p>\n","protected":false},"excerpt":{"rendered":"<p>Carmen Romero comenz\u00f3 su participaci\u00f3n haciendo referencia a las tres cumbres extraordinarias que se hab\u00edan vivido en Bruselas en las \u00faltimas 24 horas, donde los diversos l\u00edderes pol\u00edticos destacaron los [&hellip;]<\/p>\n","protected":false},"author":3,"featured_media":14276,"comment_status":"closed","ping_status":"closed","sticky":false,"template":"","format":"standard","meta":{"_acf_changed":false,"footnotes":""},"categories":[8],"tags":[],"class_list":["post-9491","post","type-post","status-publish","format-standard","has-post-thumbnail","hentry","category-conferencias-y-seminarios"],"acf":[],"_links":{"self":[{"href":"https:\/\/fundacionincipe.com\/index.php\/wp-json\/wp\/v2\/posts\/9491","targetHints":{"allow":["GET"]}}],"collection":[{"href":"https:\/\/fundacionincipe.com\/index.php\/wp-json\/wp\/v2\/posts"}],"about":[{"href":"https:\/\/fundacionincipe.com\/index.php\/wp-json\/wp\/v2\/types\/post"}],"author":[{"embeddable":true,"href":"https:\/\/fundacionincipe.com\/index.php\/wp-json\/wp\/v2\/users\/3"}],"replies":[{"embeddable":true,"href":"https:\/\/fundacionincipe.com\/index.php\/wp-json\/wp\/v2\/comments?post=9491"}],"version-history":[{"count":4,"href":"https:\/\/fundacionincipe.com\/index.php\/wp-json\/wp\/v2\/posts\/9491\/revisions"}],"predecessor-version":[{"id":17761,"href":"https:\/\/fundacionincipe.com\/index.php\/wp-json\/wp\/v2\/posts\/9491\/revisions\/17761"}],"wp:featuredmedia":[{"embeddable":true,"href":"https:\/\/fundacionincipe.com\/index.php\/wp-json\/wp\/v2\/media\/14276"}],"wp:attachment":[{"href":"https:\/\/fundacionincipe.com\/index.php\/wp-json\/wp\/v2\/media?parent=9491"}],"wp:term":[{"taxonomy":"category","embeddable":true,"href":"https:\/\/fundacionincipe.com\/index.php\/wp-json\/wp\/v2\/categories?post=9491"},{"taxonomy":"post_tag","embeddable":true,"href":"https:\/\/fundacionincipe.com\/index.php\/wp-json\/wp\/v2\/tags?post=9491"}],"curies":[{"name":"wp","href":"https:\/\/api.w.org\/{rel}","templated":true}]}}