{"id":9488,"date":"2022-02-23T09:48:47","date_gmt":"2022-02-23T08:48:47","guid":{"rendered":"http:\/\/www.incipe.org\/?p=7630"},"modified":"2024-10-22T08:04:52","modified_gmt":"2024-10-22T08:04:52","slug":"repercusiones-para-espana-en-la-conferencia-sobre-el-futuro-de-europa","status":"publish","type":"post","link":"https:\/\/fundacionincipe.com\/index.php\/2022\/02\/23\/repercusiones-para-espana-en-la-conferencia-sobre-el-futuro-de-europa\/","title":{"rendered":"Repercusiones para Espa\u00f1a en la Conferencia sobre el Futuro de Europa"},"content":{"rendered":"\n<p>La sesi\u00f3n se desarroll\u00f3 en espa\u00f1ol y congreg\u00f3 a una audiencia interesada en comprender la importancia de la conferencia sobre el futuro de Europa. Para ello, contamos con la participaci\u00f3n de Francisco Aldecoa, miembro del Consejo Federal Espa\u00f1ol del Movimiento Europeo y representante en la Conferencia sobre el Futuro de Europa de los eventos nacionales y de la sociedad civil en Espa\u00f1a. Durante la sesi\u00f3n, Francisco Aldecoa present\u00f3 un an\u00e1lisis detallado de las oportunidades que surgen de la conferencia, as\u00ed como de las principales preocupaciones acerca de su funcionamiento.&nbsp;<\/p>\n\n\n\n<p>Francisco Aldecoa inicia su intervenci\u00f3n se\u00f1alando las principales oportunidades que nacen de este nuevo proceso pol\u00edtico. De acuerdo con el ponente, la conferencia marca un momento de cambio profundo en el proyecto europeo, al tratarse de un ejercicio innovador llevado a cabo a trav\u00e9s de la participaci\u00f3n de los representantes de instituciones, la sociedad civil y la ciudadan\u00eda. Se desarrolla en un ciclo pol\u00edtico iniciado tras la elecciones al Parlamento Europeo de mayo de 2019, en el que se han introducido grandes cambios al proceso pol\u00edtico europeo debido sobre todo al respaldo sin precedentes recibido por la Comisi\u00f3n de Ursula von der Layen (del 70% de la c\u00e1mara). Adem\u00e1s, las elecciones de 2019 vinieron acompa\u00f1adas de un aumento de la participaci\u00f3n que presupone un aumento de la legitimidad del conjunto del proceso y de las instituciones.<\/p>\n\n\n\n<p>Aldecoa destaca c\u00f3mo l<strong>a Comisi\u00f3n ha hecho frente al reto que supuso la pandemia<\/strong>, presentando al Parlamento Europeo la propuesta audaz del plan de recuperaci\u00f3n, que recibi\u00f3 un apoyo del 60% de la c\u00e1mara y que pretend\u00eda hacer frente no solo a las dificultades sanitarias, sino tambi\u00e9n a las consecuencias sociales, pol\u00edticas y econ\u00f3micas de la COVID-19. Se trat\u00f3, adem\u00e1s, de una de las primeras medidas federalistas de la Uni\u00f3n, al establecer el reparto de fondos en funci\u00f3n de las necesidades de cada estado miembro. Este fondo recibi\u00f3 posteriormente el nombre de <strong>\u2018Next Generation EU\u2019<\/strong>, con el sentido claro de crear empleo entre los j\u00f3venes, al menos en sus primeros a\u00f1os, dado que ser\u00e1n estos los encargados de devolver esa deuda inicial que supon\u00edan los fondos del plan de recuperaci\u00f3n.<\/p>\n\n\n\n<p>El ponente menciona tambi\u00e9n otras medidas extraordinarias impulsadas por esta comisi\u00f3n, todas ellas prueba de su legitimidad sin precedentes, como la duplicaci\u00f3n del presupuesto plurianual (al 2%), el plan de reparto y compra de las vacunas europeas o la adopci\u00f3n del pasaporte COVID en tiempo record.<\/p>\n\n\n\n<p>Esta nueva apertura del proceso europeo da lugar a la necesidad de la conferencia. En su discurso de investidura, la presidenta Von der Layen se comprometi\u00f3 a impulsarla con el objetivo de recibir propuestas y de fomentar el di\u00e1logo entre los representantes de las instituciones, de los ciudadanos y de la sociedad civil, con el proceso abierto al cambio en los tratados y con la participaci\u00f3n activa de los j\u00f3venes.<\/p>\n\n\n\n<p>Es aqu\u00ed, se\u00f1ala Aldecoa, donde se dieron sus primeras problem\u00e1ticas. En primer lugar, la propuesta no se pudo poner en marcha en el 2020, a\u00f1o en el que estaba prevista. Esto fue parcialmente consecuencia de la pandemia, aunque estuvo principalmente debido a la falta de comunicaci\u00f3n entre instituciones y de consenso acerca de la presidencia de la organizaci\u00f3n.Esto \u00faltimo no se resolvi\u00f3 hasta 2021, cuando se propuso la idea de una co-presidencia entre los presidentes de la Comisi\u00f3n, el Parlamento y el Consejo de la UE. De acuerdo con Aldecoa, la co-presidencia ha derivado en una falta de liderazgo, traducida un funcionamiento retardado de la instituci\u00f3n.<\/p>\n\n\n\n<p>Adem\u00e1s, la composici\u00f3n del organismo tampoco ha sido en igualdad de condiciones como estaba prevista, sino que presenta una distribuci\u00f3n de&nbsp; \u00be a las instituciones y \u00bc a la sociedad y ciudadan\u00eda. Adem\u00e1s, hay mayor n\u00famero de representantes de ciudadan\u00eda que de sociedad civil, distribuci\u00f3n que ignora la centralidad de la sociedad civil en el nacimiento de la UE.<\/p>\n\n\n\n<p>A pesar de su posici\u00f3n cr\u00edtica, el ponente resalta la importancia de la conferencia en impulsar propuestas de fondo, como avances en democracia o en la uni\u00f3n fiscal, en pol\u00edtica social, en materia de salud, etc. Aldecoa termina destacando que, aunque la conferencia pasa desapercibida, es una oportunidad \u00fanica con la capacidad de dar forma a avances federales ya iniciados a nivel comunitario.<\/p>\n\n\n\n<p>Tras su intervenci\u00f3n, los expertos Ricardo G\u00f3mez Laorga y Gemma Bedia comentan acerca de los puntos expuestos por Francisco Aldecoa.<\/p>\n\n\n\n<p>La sesi\u00f3n concluy\u00f3 con un debate donde los participantes pudieron plantear preguntas sobre los temas tratados. Este intercambio subray\u00f3 la relevancia de comprender el papel de la conferencia sobre el futuro de Europa en impulsar avances en el proceso pol\u00edtico de la UE.<\/p>\n\n\n\n<p>Luc\u00eda Rodr\u00edguez<\/p>\n\n\n\n<p><\/p>\n","protected":false},"excerpt":{"rendered":"<p>La sesi\u00f3n se desarroll\u00f3 en espa\u00f1ol y congreg\u00f3 a una audiencia interesada en comprender la importancia de la conferencia sobre el futuro de Europa. Para ello, contamos con la participaci\u00f3n [&hellip;]<\/p>\n","protected":false},"author":3,"featured_media":14377,"comment_status":"closed","ping_status":"closed","sticky":false,"template":"","format":"standard","meta":{"_acf_changed":false,"footnotes":""},"categories":[8],"tags":[],"class_list":["post-9488","post","type-post","status-publish","format-standard","has-post-thumbnail","hentry","category-conferencias-y-seminarios"],"acf":[],"_links":{"self":[{"href":"https:\/\/fundacionincipe.com\/index.php\/wp-json\/wp\/v2\/posts\/9488","targetHints":{"allow":["GET"]}}],"collection":[{"href":"https:\/\/fundacionincipe.com\/index.php\/wp-json\/wp\/v2\/posts"}],"about":[{"href":"https:\/\/fundacionincipe.com\/index.php\/wp-json\/wp\/v2\/types\/post"}],"author":[{"embeddable":true,"href":"https:\/\/fundacionincipe.com\/index.php\/wp-json\/wp\/v2\/users\/3"}],"replies":[{"embeddable":true,"href":"https:\/\/fundacionincipe.com\/index.php\/wp-json\/wp\/v2\/comments?post=9488"}],"version-history":[{"count":5,"href":"https:\/\/fundacionincipe.com\/index.php\/wp-json\/wp\/v2\/posts\/9488\/revisions"}],"predecessor-version":[{"id":17890,"href":"https:\/\/fundacionincipe.com\/index.php\/wp-json\/wp\/v2\/posts\/9488\/revisions\/17890"}],"wp:featuredmedia":[{"embeddable":true,"href":"https:\/\/fundacionincipe.com\/index.php\/wp-json\/wp\/v2\/media\/14377"}],"wp:attachment":[{"href":"https:\/\/fundacionincipe.com\/index.php\/wp-json\/wp\/v2\/media?parent=9488"}],"wp:term":[{"taxonomy":"category","embeddable":true,"href":"https:\/\/fundacionincipe.com\/index.php\/wp-json\/wp\/v2\/categories?post=9488"},{"taxonomy":"post_tag","embeddable":true,"href":"https:\/\/fundacionincipe.com\/index.php\/wp-json\/wp\/v2\/tags?post=9488"}],"curies":[{"name":"wp","href":"https:\/\/api.w.org\/{rel}","templated":true}]}}