{"id":9486,"date":"2021-12-21T11:16:51","date_gmt":"2021-12-21T10:16:51","guid":{"rendered":"http:\/\/www.incipe.org\/?p=7596"},"modified":"2024-10-18T11:01:55","modified_gmt":"2024-10-18T11:01:55","slug":"el-debate-sobre-el-futuro-de-europa-y-el-desarrollo-de-una-esfera-publica-conjunta","status":"publish","type":"post","link":"https:\/\/fundacionincipe.com\/index.php\/2021\/12\/21\/el-debate-sobre-el-futuro-de-europa-y-el-desarrollo-de-una-esfera-publica-conjunta\/","title":{"rendered":"El debate sobre el futuro de Europa y el desarrollo de una esfera p\u00fablica conjunta"},"content":{"rendered":"<p><!--:es--><\/p>\n<p style=\"text-align: justify;\">El secretario de Estado da comienzo su ponencia estableciendo el esquema de la <strong>Conferencia del Futuro de Europa (COFOE)<\/strong>. El movimiento de los chalecos amarillos en Francia motiv\u00f3 el establecimiento de un di\u00e1logo nacional para atender a una serie de cuestiones que inquietaban a los manifestantes; cuestiones cuyas soluciones eran tratables a nivel europeo, m\u00e1s que a nivel nacional. Esta iniciativa incluye medios de participaci\u00f3n ciudadana, como una plataforma digital <em>sui generis<\/em> y paneles de ciudadanos presentes en los plenos.<\/p>\n<p style=\"text-align: justify;\">Entre las propuestas destaca la de la creaci\u00f3n de un <strong>Comit\u00e9 de las Ciudades<\/strong>, a modo de \u00f3rgano consultivo y de interacci\u00f3n entre ellas. Esta iniciativa queda justificada a trav\u00e9s de la importancia de las ciudades en temas de movilidad sostenible, transici\u00f3n digital y ciudades inteligentes, eficiencia energ\u00e9tica, y la inclusi\u00f3n de sus ciudadanos.<\/p>\n<p style=\"text-align: justify;\"><strong>El futuro de la Uni\u00f3n Europea requiere una transici\u00f3n verde digital inclusiva<\/strong>, lo cual necesariamente incluye un componente participativo de los ciudadanos, no puede ser meramente impuesto desde arriba. \u201cEl proyecto europeo, o es democr\u00e1tico o no ser\u00e1\u201d, se\u00f1ala Gonz\u00e1lez-Barba. Es conveniente establecer contactos m\u00e1s estrechos desde el seno de la Uni\u00f3n Europea con su ciudadan\u00eda, m\u00e1s all\u00e1 de la cita peri\u00f3dica a las urnas.<\/p>\n<p style=\"text-align: justify;\">La implicaci\u00f3n del ciudadano puede alentarse profundizando en sus derechos y deberes. Esto podr\u00eda implementarse a trav\u00e9s de una mayor implicaci\u00f3n de los alcaldes, siendo el nivel de gobernanza directamente m\u00e1s pr\u00f3ximo a los ciudadanos. Adicionalmente, se ha sugerido que m\u00e1s all\u00e1 del sufragio activo y pasivo en elecciones municipales, ser\u00eda posible concebir el sufragio tambi\u00e9n en un \u00e1mbito regional dentro de la Uni\u00f3n, para aquellas preocupaciones que sobrepasen el nivel nacional. Por \u00faltimo, la mayor implicaci\u00f3n de los ciudadanos europeos necesariamente requiere el <strong>fomento de un mayor conocimiento sobre el funcionamiento de la Uni\u00f3n Europea y sus pol\u00edticas<\/strong>.<\/p>\n<p>Mar\u00eda de Alfonso<\/p>\n","protected":false},"excerpt":{"rendered":"<p>El secretario de Estado da comienzo su ponencia estableciendo el esquema de la Conferencia del Futuro de Europa (COFOE). El movimiento de los chalecos amarillos en Francia motiv\u00f3 el establecimiento [&hellip;]<\/p>\n","protected":false},"author":3,"featured_media":14299,"comment_status":"closed","ping_status":"closed","sticky":false,"template":"","format":"standard","meta":{"_acf_changed":false,"footnotes":""},"categories":[8],"tags":[],"class_list":["post-9486","post","type-post","status-publish","format-standard","has-post-thumbnail","hentry","category-conferencias-y-seminarios"],"acf":[],"_links":{"self":[{"href":"https:\/\/fundacionincipe.com\/index.php\/wp-json\/wp\/v2\/posts\/9486","targetHints":{"allow":["GET"]}}],"collection":[{"href":"https:\/\/fundacionincipe.com\/index.php\/wp-json\/wp\/v2\/posts"}],"about":[{"href":"https:\/\/fundacionincipe.com\/index.php\/wp-json\/wp\/v2\/types\/post"}],"author":[{"embeddable":true,"href":"https:\/\/fundacionincipe.com\/index.php\/wp-json\/wp\/v2\/users\/3"}],"replies":[{"embeddable":true,"href":"https:\/\/fundacionincipe.com\/index.php\/wp-json\/wp\/v2\/comments?post=9486"}],"version-history":[{"count":3,"href":"https:\/\/fundacionincipe.com\/index.php\/wp-json\/wp\/v2\/posts\/9486\/revisions"}],"predecessor-version":[{"id":17768,"href":"https:\/\/fundacionincipe.com\/index.php\/wp-json\/wp\/v2\/posts\/9486\/revisions\/17768"}],"wp:featuredmedia":[{"embeddable":true,"href":"https:\/\/fundacionincipe.com\/index.php\/wp-json\/wp\/v2\/media\/14299"}],"wp:attachment":[{"href":"https:\/\/fundacionincipe.com\/index.php\/wp-json\/wp\/v2\/media?parent=9486"}],"wp:term":[{"taxonomy":"category","embeddable":true,"href":"https:\/\/fundacionincipe.com\/index.php\/wp-json\/wp\/v2\/categories?post=9486"},{"taxonomy":"post_tag","embeddable":true,"href":"https:\/\/fundacionincipe.com\/index.php\/wp-json\/wp\/v2\/tags?post=9486"}],"curies":[{"name":"wp","href":"https:\/\/api.w.org\/{rel}","templated":true}]}}