{"id":9485,"date":"2021-11-24T13:37:30","date_gmt":"2021-11-24T12:37:30","guid":{"rendered":"http:\/\/www.incipe.org\/?p=7544"},"modified":"2024-10-18T11:03:44","modified_gmt":"2024-10-18T11:03:44","slug":"la-politica-economica-de-la-union-europea","status":"publish","type":"post","link":"https:\/\/fundacionincipe.com\/index.php\/2021\/11\/24\/la-politica-economica-de-la-union-europea\/","title":{"rendered":"La pol\u00edtica econ\u00f3mica de la Uni\u00f3n Europea"},"content":{"rendered":"<p><!--:es--><\/p>\n<p style=\"text-align: justify;\">En primer lugar, Jos\u00e9 Manuel Gonz\u00e1lez-P\u00e1ramo realiza un repaso de la <strong>reacci\u00f3n de la Uni\u00f3n Europea ante la crisis de la COVID-19<\/strong>, a la cual otorga una valoraci\u00f3n muy positiva. La reacci\u00f3n r\u00e1pida y potente de la Uni\u00f3n Europea indica que hemos aprendido de las crisis anteriores y de las demandas ciudadanas, a la vez que se han sabido implementar mecanismos novedosos.<\/p>\n<p style=\"text-align: justify;\">El marco financiero plurianual ha registrado una gran novedad especialmente con la creaci\u00f3n del nuevo fondo <strong>Next Generation EU<\/strong>, ya que parte de este consiste en transferencias directas a pa\u00edses, no pr\u00e9stamos, es decir, son fondos conjuntos y solidarios. En cuanto a la pol\u00edtica comercial se han visto restricciones a las operaciones de toma de control y compras conjuntas (de material sanitario, por ejemplo), cierta tendencia proteccionista. Por \u00faltimo, en cuanto a pol\u00edticas de competencia se han relajado las reglas de ayudas de estado para favorecer el crecimiento econ\u00f3mico de nuevo. En conclusi\u00f3n, <strong>la Uni\u00f3n Europea ha actuado de manera favorable<\/strong> y ha sabido transmitir una sensaci\u00f3n de protecci\u00f3n hacia sus ciudadanos.<\/p>\n<p style=\"text-align: justify;\">Otra de las cuestiones que introdujo Gonz\u00e1lez-P\u00e1ramo fueron los consensos b\u00e1sicos en pol\u00edtica econ\u00f3mica a partir del Tratado de la Uni\u00f3n Europea; especialmente en estos tiempos de negociaciones dif\u00edciles y resurgimiento de actitudes proteccionistas que plantean la necesidad de autonom\u00eda estrat\u00e9gica. Jos\u00e9 Manuel Gonz\u00e1lez-P\u00e1ramo considera que en este debate que plantea modificar el marco de la pol\u00edtica econ\u00f3mica de la Uni\u00f3n, la \u00fanica opci\u00f3n constructiva es perseverar en el debate democr\u00e1tico para tratar de relegitimar los consensos b\u00e1sicos de la Uni\u00f3n y ser flexible con las reglas que deben adaptarse a la nueva realidad.<\/p>\n<p style=\"text-align: justify;\">La Uni\u00f3n Europea debe <strong>impulsar la reforma de la Organizaci\u00f3n Mundial del Comercio<\/strong>, especialmente en el frente digital. Tambi\u00e9n debe impulsar el principio de nivelaci\u00f3n del terreno de juego en lo social y en lo medioambiental, que afecta a las relaciones con Estados Unidos, China y Reino Unido. Por \u00faltimo, necesita prestar atenci\u00f3n a la vulnerabilidad de las cadenas de valor que se ha manifestado durante la pandemia, y mejorar los mecanismos de compensaci\u00f3n a los m\u00e1s afectados negativamente por la globalizaci\u00f3n.<\/p>\n<p style=\"text-align: justify;\">En conclusi\u00f3n, la pol\u00edtica econ\u00f3mica europea recibe una valoraci\u00f3n positiva en su adaptaci\u00f3n a la nueva crisis, aunque el consenso original de la Uni\u00f3n se ha visto erosionado. Ahora es necesario rejuvenecer ese consenso, planteando un debate constructivo, y redirigir la atenci\u00f3n hacia temas latentes como la pandemia, el transici\u00f3n ecol\u00f3gica, y la digitalizaci\u00f3n.<\/p>\n<p>Mar\u00eda de Alfonso<\/p>\n","protected":false},"excerpt":{"rendered":"<p>En primer lugar, Jos\u00e9 Manuel Gonz\u00e1lez-P\u00e1ramo realiza un repaso de la reacci\u00f3n de la Uni\u00f3n Europea ante la crisis de la COVID-19, a la cual otorga una valoraci\u00f3n muy positiva. [&hellip;]<\/p>\n","protected":false},"author":3,"featured_media":14353,"comment_status":"closed","ping_status":"closed","sticky":false,"template":"","format":"standard","meta":{"_acf_changed":false,"footnotes":""},"categories":[8],"tags":[],"class_list":["post-9485","post","type-post","status-publish","format-standard","has-post-thumbnail","hentry","category-conferencias-y-seminarios"],"acf":[],"_links":{"self":[{"href":"https:\/\/fundacionincipe.com\/index.php\/wp-json\/wp\/v2\/posts\/9485","targetHints":{"allow":["GET"]}}],"collection":[{"href":"https:\/\/fundacionincipe.com\/index.php\/wp-json\/wp\/v2\/posts"}],"about":[{"href":"https:\/\/fundacionincipe.com\/index.php\/wp-json\/wp\/v2\/types\/post"}],"author":[{"embeddable":true,"href":"https:\/\/fundacionincipe.com\/index.php\/wp-json\/wp\/v2\/users\/3"}],"replies":[{"embeddable":true,"href":"https:\/\/fundacionincipe.com\/index.php\/wp-json\/wp\/v2\/comments?post=9485"}],"version-history":[{"count":2,"href":"https:\/\/fundacionincipe.com\/index.php\/wp-json\/wp\/v2\/posts\/9485\/revisions"}],"predecessor-version":[{"id":17770,"href":"https:\/\/fundacionincipe.com\/index.php\/wp-json\/wp\/v2\/posts\/9485\/revisions\/17770"}],"wp:featuredmedia":[{"embeddable":true,"href":"https:\/\/fundacionincipe.com\/index.php\/wp-json\/wp\/v2\/media\/14353"}],"wp:attachment":[{"href":"https:\/\/fundacionincipe.com\/index.php\/wp-json\/wp\/v2\/media?parent=9485"}],"wp:term":[{"taxonomy":"category","embeddable":true,"href":"https:\/\/fundacionincipe.com\/index.php\/wp-json\/wp\/v2\/categories?post=9485"},{"taxonomy":"post_tag","embeddable":true,"href":"https:\/\/fundacionincipe.com\/index.php\/wp-json\/wp\/v2\/tags?post=9485"}],"curies":[{"name":"wp","href":"https:\/\/api.w.org\/{rel}","templated":true}]}}