{"id":9484,"date":"2021-11-17T13:26:43","date_gmt":"2021-11-17T12:26:43","guid":{"rendered":"http:\/\/www.incipe.org\/?p=7541"},"modified":"2025-03-11T11:32:05","modified_gmt":"2025-03-11T11:32:05","slug":"seminario-geopolitica-del-cambio-climatico","status":"publish","type":"post","link":"https:\/\/fundacionincipe.com\/index.php\/2021\/11\/17\/seminario-geopolitica-del-cambio-climatico\/","title":{"rendered":"Seminario Geopol\u00edtica del cambio clim\u00e1tico"},"content":{"rendered":"\n<p>En esta conferencia tuvimos la oportunidad de organizar dos mesas redondas. La primera, titulada <strong><em>El cambio clim\u00e1tico y sus repercusiones en la seguridad internacional<\/em><\/strong>, estuvo moderada por <strong>Fernando Villena<\/strong>, diplom\u00e1tico y coordinador del \u00e1rea de estudios de la DICOES en la SEGENPOL, Ministerio de Defensa. En ella participaron <strong>Mar\u00eda del Mar Hidalgo<\/strong>, analista especializada en cambio clim\u00e1tico del Instituto Espa\u00f1ol de Estudios Estrat\u00e9gicos (IEEE), Ministerio de Defensa; <strong>Ricardo Valverde<\/strong>, analista especializado en cambio clim\u00e1tico del Departamento de Seguridad Nacional, Presidencia del Gobierno; <strong>Robert Dresen<\/strong>, asesor de planificaci\u00f3n pol\u00edtica de la oficina del secretario general de la OTAN.<\/p>\n\n\n\n<p>La segunda mesa redonda, titulada <strong><em>Retos y horizontes en la lucha contra el cambio clim\u00e1tico tras la COP26<\/em><\/strong>, estuvo moderada por <strong>Vicente Garrido<\/strong>, director general de INCIPE. En ella participaron <strong>Valvanera Ulargui<\/strong>, directora de la Oficina Espa\u00f1ola de Cambio Clim\u00e1tico (OECC) del Ministerio para la Transici\u00f3n Ecol\u00f3gica y el Reto Demogr\u00e1fico;<strong> Pedro Linares<\/strong>, catedr\u00e1tico de la Escuela T\u00e9cnica Superior de Ingenier\u00eda y director de la C\u00e1tedra BP de Energ\u00eda y Sostenibilidad en la Universidad Pontificia de Comillas-ICAI; Col. <strong>Alfonso Romero,<\/strong> jefe del \u00c1rea de Sostenibilidad Ambiental de la DIGENIN\/SDG Planificaci\u00f3n y Medio Ambiente, Ministerio de Defensa.<\/p>\n\n\n\n<p><strong>Manuel Alabart, secretario general de INCIPE,<\/strong> comenz\u00f3 su intervenci\u00f3n repasando los principales objetivos y conclusiones de la COP26 en Glasgow. Destaca como desaf\u00edo clave tras la conferencia lograr un crecimiento econ\u00f3mico sostenible, reduciendo o, al menos, sin aumentar las emisiones.<\/p>\n\n\n\n<p>Por su parte, el <strong>DIGENPOL, TG Fernando L\u00f3pez del Pozo, <\/strong>se\u00f1al\u00f3 que el cambio clim\u00e1tico es una de las principales amenazas del siglo XXI, algo que no se reconoc\u00eda hace d\u00e9cadas. Subray\u00f3 que, si la humanidad es responsable del cambio clim\u00e1tico, tambi\u00e9n tiene la capacidad de mitigar sus efectos, como demuestra la conciencia global reflejada en la conferencia de Glasgow. L\u00f3pez del Pozo destac\u00f3 los impactos del cambio clim\u00e1tico en la seguridad, ya que fen\u00f3menos como las sequ\u00edas y la desertificaci\u00f3n generan conflictos. Adem\u00e1s, la globalizaci\u00f3n amplifica estas consecuencias, afectando tambi\u00e9n a Espa\u00f1a. Seguidamente explic\u00f3 la pol\u00edtica de defensa espa\u00f1ola frente al cambio clim\u00e1tico, enfocada en abordar estos retos.<\/p>\n\n\n\n<p><strong><mark style=\"background-color:rgba(0, 0, 0, 0)\" class=\"has-inline-color has-luminous-vivid-orange-color\">El cambio clim\u00e1tico y sus repercusiones en la seguridad internacional<\/mark><\/strong><\/p>\n\n\n\n<p>Durante la primera mesa redonda, titulada <strong><em>El cambio clim\u00e1tico y sus repercusiones en la seguridad internacional<\/em><\/strong>, <strong>la <\/strong><strong>analista especializada en cambio clim\u00e1tico del Instituto Espa\u00f1ol de Estudios Estrat\u00e9gicos (IEEE), Ministerio de Defensa,<\/strong> <strong>Mar\u00eda del Mar Hidalgo<\/strong>, destac\u00f3 la complejidad del cambio clim\u00e1tico, que posee una dimensi\u00f3n medioambiental, una econ\u00f3mica relacionada con la transici\u00f3n energ\u00e9tica, y una de seguridad, que ha cobrado relevancia en los \u00faltimos a\u00f1os. Subray\u00f3 que el enfoque de seguridad es clave para avanzar en las otras dimensiones y mitigar los efectos de este problema. En su intervenci\u00f3n, repas\u00f3 algunas de las repercusiones del cambio clim\u00e1tico en la seguridad, se\u00f1alando que abordar el problema desde esta perspectiva es positivo para impulsar su mitigaci\u00f3n.<\/p>\n\n\n\n<p>En su intervenci\u00f3n, <strong>Ricardo Valverde<\/strong>, <strong>analista especializado en cambio clim\u00e1tico del Departamento de Seguridad Nacional, Presidencia del Gobierno<\/strong>, repas\u00f3 el papel del cambio clim\u00e1tico en las pol\u00edticas de seguridad de Espa\u00f1a. Subray\u00f3 el aprovechamiento estrat\u00e9gico que pueden tener estas pol\u00edticas para fortalecer el posicionamiento global del pa\u00eds, destacando la influencia de Espa\u00f1a en sus relaciones internacionales. <strong>Valverde se\u00f1al\u00f3 que la acci\u00f3n clim\u00e1tica espa\u00f1ola puede ser clave en el \u00e1mbito global, especialmente en la cooperaci\u00f3n con otros pa\u00edses<\/strong>.<\/p>\n\n\n\n<p>Para concluir el turno de intervenciones de la primera mesa redonda, <strong>Robert Dresen<\/strong>, <strong>asesor de planificaci\u00f3n pol\u00edtica de la oficina del secretario general de la OTAN<\/strong>, destac\u00f3 el rol de la OTAN en la gesti\u00f3n del cambio clim\u00e1tico como un problema de seguridad. Tras enumerar algunas de las claves que hacen crucial el papel de la OTAN en la gesti\u00f3n de la crisis clim\u00e1tica, Dresen resume las medidas concretas tomadas por la organizaci\u00f3n respecto a esta materia.<\/p>\n\n\n\n<p>Al concluir las intervenciones de los ponentes, se abri\u00f3 un turno de preguntas en el que pudieron participar tanto los asistentes presentes en la sala como aquellos que participaban de manera virtual, abordando diversos aspectos tratados durante la mesa redonda. Este intercambio de ideas y perspectivas permiti\u00f3 ampliar el conocimiento compartido y enriquecer la discusi\u00f3n en el marco del cambio clim\u00e1tico como problema de seguridad antes de dar por finalizada la sesi\u00f3n.<\/p>\n\n\n\n<p><strong><mark style=\"background-color:rgba(0, 0, 0, 0)\" class=\"has-inline-color has-luminous-vivid-orange-color\">Retos y horizontes en la lucha contra el cambio clim\u00e1tico tras la COP26<\/mark><\/strong><\/p>\n\n\n\n<p>La segunda mesa redonda, titulada<strong><em>\u00a0<\/em><\/strong><strong><em>Retos y horizontes en la lucha contra el cambio clim\u00e1tico tras la COP26<\/em><\/strong>, estuvo dedicada a destacar los posibles escenarios y retos emergentes tras la conferencia de Glasgow. La primera en tomar la palabra fue <strong>Valvanera Ulargui, directora de la Oficina Espa\u00f1ola de Cambio Clim\u00e1tico (OECC) del Ministerio para la Transici\u00f3n Ecol\u00f3gica y el Reto Demogr\u00e1fico<\/strong>, quien subray\u00f3 en su intervenci\u00f3n la divisi\u00f3n que ha evidenciado la conferencia de Glasgow entre los pa\u00edses m\u00e1s afectados por los impactos del cambio clim\u00e1tico, que exigen mayor acci\u00f3n, y aquellos que a\u00fan no encuentran soluciones para evitar las desigualdades en estos efectos. Esta divisi\u00f3n refleja la persistente brecha norte-sur, con desaf\u00edos diferenciados: los grandes emisores deben reducir sus emisiones, mientras que los pa\u00edses menos emisores necesitan apoyo para adaptarse. A pesar de este contexto complejo, Ulargui destac\u00f3 los resultados positivos de la cumbre y explic\u00f3 los avances propuestos para enfrentar estos retos.<\/p>\n\n\n\n<p>En su intervenci\u00f3n, <strong>Pedro Linares, catedr\u00e1tico de la Escuela T\u00e9cnica Superior de Ingenier\u00eda y director de la C\u00e1tedra BP de Energ\u00eda y Sostenibilidad en la Universidad Pontificia de Comillas-ICAI<\/strong>, reconoci\u00f3 los avances logrados en la COP26, que han reforzado compromisos clave. Sin embargo, expres\u00f3 dos motivos de insatisfacci\u00f3n: 1) los compromisos clim\u00e1ticos son dif\u00edciles de aplicar a pol\u00edticas inmediatas, especialmente en pa\u00edses en desarrollo cuyo crecimiento depende de los combustibles f\u00f3siles; 2) algunas medidas acordadas dejan &#8220;agujeros negros&#8221; en el proceso de reducci\u00f3n de emisiones, con directrices que no son lo suficientemente estrictas para cumplir los objetivos. Como puntos clave a futuro, Linares mencion\u00f3 la necesidad de monitorizar las sendas de reducci\u00f3n de emisiones para que sean compatibles con el Acuerdo de Par\u00eds, priorizar la adaptaci\u00f3n antes que la mitigaci\u00f3n, prestar atenci\u00f3n a los pa\u00edses que se resisten a un r\u00e1pido abandono de los f\u00f3siles, y monitorizar el papel de la innovaci\u00f3n tecnol\u00f3gica.<\/p>\n\n\n\n<p><strong>Alfonso Romero, jefe del \u00c1rea de Sostenibilidad Ambiental de la DIGENIN\/SDG Planificaci\u00f3n y Medio Ambiente del Ministerio de Defensa<\/strong>, cerr\u00f3 la segunda mesa redonda explicando las medidas adoptadas por las fuerzas armadas para mitigar sus emisiones y adaptarse al cambio clim\u00e1tico en sus operaciones. Subray\u00f3 el papel clave de las fuerzas armadas en apoyar al Estado en la gesti\u00f3n de los efectos de la crisis clim\u00e1tica, contribuyendo tanto a la mitigaci\u00f3n de emisiones como a la adaptaci\u00f3n a los impactos del cambio clim\u00e1tico.<\/p>\n\n\n\n<p>Al concluir las intervenciones, se dio paso al segundo debate de la sesi\u00f3n, en el que los participantes presenciales y aquellos que nos acompa\u00f1aban de forma virtual formularon sus preguntas a los ponentes de esta segunda mesa redonda.<\/p>\n\n\n\n<p>Para concluir el seminario contamos con <strong>TG Luis Cebri\u00e1n, director general de Infraestructuras (DIGENIN), Ministerio de Defensa.<\/strong><\/p>\n\n\n\n<p class=\"has-small-font-size\"><br>\u00a0Luc\u00eda Rodr\u00edguez<\/p>\n\n\n\n<p class=\"has-small-font-size\">Communication Assistant, INCIPE<\/p>\n","protected":false},"excerpt":{"rendered":"<p>En esta conferencia tuvimos la oportunidad de organizar dos mesas redondas. La primera, titulada El cambio clim\u00e1tico y sus repercusiones en la seguridad internacional, estuvo moderada por Fernando Villena, diplom\u00e1tico [&hellip;]<\/p>\n","protected":false},"author":3,"featured_media":14360,"comment_status":"closed","ping_status":"closed","sticky":false,"template":"","format":"standard","meta":{"_acf_changed":false,"footnotes":""},"categories":[8],"tags":[],"class_list":["post-9484","post","type-post","status-publish","format-standard","has-post-thumbnail","hentry","category-conferencias-y-seminarios"],"acf":[],"_links":{"self":[{"href":"https:\/\/fundacionincipe.com\/index.php\/wp-json\/wp\/v2\/posts\/9484","targetHints":{"allow":["GET"]}}],"collection":[{"href":"https:\/\/fundacionincipe.com\/index.php\/wp-json\/wp\/v2\/posts"}],"about":[{"href":"https:\/\/fundacionincipe.com\/index.php\/wp-json\/wp\/v2\/types\/post"}],"author":[{"embeddable":true,"href":"https:\/\/fundacionincipe.com\/index.php\/wp-json\/wp\/v2\/users\/3"}],"replies":[{"embeddable":true,"href":"https:\/\/fundacionincipe.com\/index.php\/wp-json\/wp\/v2\/comments?post=9484"}],"version-history":[{"count":6,"href":"https:\/\/fundacionincipe.com\/index.php\/wp-json\/wp\/v2\/posts\/9484\/revisions"}],"predecessor-version":[{"id":21660,"href":"https:\/\/fundacionincipe.com\/index.php\/wp-json\/wp\/v2\/posts\/9484\/revisions\/21660"}],"wp:featuredmedia":[{"embeddable":true,"href":"https:\/\/fundacionincipe.com\/index.php\/wp-json\/wp\/v2\/media\/14360"}],"wp:attachment":[{"href":"https:\/\/fundacionincipe.com\/index.php\/wp-json\/wp\/v2\/media?parent=9484"}],"wp:term":[{"taxonomy":"category","embeddable":true,"href":"https:\/\/fundacionincipe.com\/index.php\/wp-json\/wp\/v2\/categories?post=9484"},{"taxonomy":"post_tag","embeddable":true,"href":"https:\/\/fundacionincipe.com\/index.php\/wp-json\/wp\/v2\/tags?post=9484"}],"curies":[{"name":"wp","href":"https:\/\/api.w.org\/{rel}","templated":true}]}}