{"id":9482,"date":"2021-09-16T12:39:27","date_gmt":"2021-09-16T10:39:27","guid":{"rendered":"http:\/\/www.incipe.org\/?p=7474"},"modified":"2024-10-18T11:20:14","modified_gmt":"2024-10-18T11:20:14","slug":"la-union-europea-como-actor-global-presente-y-futuro","status":"publish","type":"post","link":"https:\/\/fundacionincipe.com\/index.php\/2021\/09\/16\/la-union-europea-como-actor-global-presente-y-futuro\/","title":{"rendered":"La Uni\u00f3n Europea como actor global: presente y futuro"},"content":{"rendered":"<p><!--:es--><\/p>\n<p style=\"text-align: justify;\">Felipe Gonz\u00e1lez comienza la ponencia rememorando el proceso del ingreso espa\u00f1ol en la Uni\u00f3n Europea. En este contexto, recuerda que la negociaci\u00f3n del ingreso a la Uni\u00f3n Europea fue afrontada en su momento no s\u00f3lo con una visi\u00f3n de necesidad, sino como vocaci\u00f3n, remarcando el compromiso espa\u00f1ol con Europa previo a su pertenencia en la Uni\u00f3n, que trascend\u00eda los intereses nacionales. Adem\u00e1s, hizo \u00e9nfasis en que la relaci\u00f3n transatl\u00e1ntica con Estados Unidos no s\u00f3lo se desplegar\u00e1 en el Atl\u00e1ntico Norte, sino que propulsar\u00e1 una relaci\u00f3n triangular fortaleciendo v\u00ednculos con Am\u00e9rica Latina.<\/p>\n<p style=\"text-align: justify;\">El expresidente Gonz\u00e1lez cuestiona si realmente se puede hablar de la Uni\u00f3n Europea como gran potencia -aludiendo al t\u00edtulo del ciclo al que pertenece este evento- exponiendo si tal vez ser\u00eda m\u00e1s apropiado hablar de c\u00edrculos de influencia o de actuaci\u00f3n. De todos modos, advierte que si Europa quiere un papel relevante en el plano global es de vital importancia que act\u00fae de manera unificada en materia de pol\u00edtica exterior, especialmente teniendo en cuenta el papel de China o Estados Unidos en la actualidad: <strong>\u201csi la Uni\u00f3n Europea no act\u00faa coordinadamente y con una sola proyecci\u00f3n exterior (&#8230;), la Uni\u00f3n Europea pierde significaci\u00f3n, y cada pa\u00eds por s\u00ed solo es absolutamente insignificante\u201d<\/strong>. Felipe Gonz\u00e1lez enfatiza as\u00ed que es precisamente su car\u00e1cter de uni\u00f3n lo que convierte a la Uni\u00f3n Europea en una actor relevante, no la capacidad de los estados miembros individuales. El expresidente demuestra que, en cuanto al rol de Europa en el contexto geopol\u00edtico actual, la uni\u00f3n hace la fuerza.<\/p>\n<p style=\"text-align: justify;\">Es posible fortalecer el rol de Europa en la pol\u00edtica global, lo cual requiere aprender de la historia. En esta l\u00ednea, Felipe Gonz\u00e1lez se\u00f1ala que la \u201cmayor\u00eda de edad\u201d de la Uni\u00f3n Europea justifica que tenga que enfrentarse a los problemas emergentes. En este caso rememora la crisis financiera que comenz\u00f3 en 2007-2008 como un punto clave de la historia, suponiendo un antes y un despu\u00e9s. La percepci\u00f3n de esta crisis como un problema perif\u00e9rico o exclusivo de los Estados Unidos inicialmente signific\u00f3 una reacci\u00f3n deficiente en la Uni\u00f3n Europea mientras la crisis se extend\u00eda globalmente. As\u00ed, <strong>cuando la Uni\u00f3n Europea act\u00faa por impulsos nacionales<\/strong> (ejemplificado recientemente en los comienzos de la pandemia global de COVID-19, con la carrera por obtener mascarillas),<strong> es infinitamente menos eficiente que cuando act\u00faa por intereses comunes y de manera coordinada<\/strong> (observado en el desarrollo de la pandemia con la aplicaci\u00f3n de las vacunas).<\/p>\n<p style=\"text-align: justify;\">Esta importancia de la coordinaci\u00f3n se puede extrapolar a otros retos y \u00e1reas de actuaci\u00f3n. Por ejemplo, en materia energ\u00e9tica, Felipe Gonz\u00e1lez se\u00f1ala que a\u00fan no se divisa una estrategia realmente unificada en respuesta al cambio clim\u00e1tico, ya que por ahora cada pa\u00eds trata de superar los obst\u00e1culos individualmente.<\/p>\n<p style=\"text-align: justify;\">Por \u00faltimo, en cuanto a la posibilidad de creaci\u00f3n de un ej\u00e9rcito europeo (una idea enmarcada en el discurso de autonom\u00eda estrat\u00e9gica e impulsada fervientemente por actores como Jean Claude Juncker), Felipe Gonz\u00e1lez declara que <strong>\u201cEuropa no tendr\u00e1 un ej\u00e9rcito europeo\u201d<\/strong>. Como alternativa, destaca la posibilidad de unidades de actuaci\u00f3n estrat\u00e9gicas en el seno de la OTAN. Al pertenecer a esta alianza militar, deber\u00eda usar los recursos presentes en ella para negociar la creaci\u00f3n de unas fuerzas de intervenci\u00f3n r\u00e1pida cuando fuera necesario para amenazas concretas.<\/p>\n<p>Mar\u00eda de Alfonso<\/p>\n<p><!--:--><\/p>\n","protected":false},"excerpt":{"rendered":"<p>El 16 de septiembre INCIPE inaugur\u00f3 el IV Ciclo de Encuentros Digitales Grandes Potencias, edici\u00f3n dedicada monogr\u00e1ficamente a la Uni\u00f3n Europea. El evento, titulado La Uni\u00f3n Europea como actor global: presente y futuro, cont\u00f3 con la ponencia de Felipe Gonz\u00e1lez, presidente del Gobierno de Espa\u00f1a (1982-1996) <\/p>\n","protected":false},"author":3,"featured_media":14385,"comment_status":"closed","ping_status":"closed","sticky":false,"template":"","format":"standard","meta":{"_acf_changed":false,"footnotes":""},"categories":[8],"tags":[],"class_list":["post-9482","post","type-post","status-publish","format-standard","has-post-thumbnail","hentry","category-conferencias-y-seminarios"],"acf":[],"_links":{"self":[{"href":"https:\/\/fundacionincipe.com\/index.php\/wp-json\/wp\/v2\/posts\/9482","targetHints":{"allow":["GET"]}}],"collection":[{"href":"https:\/\/fundacionincipe.com\/index.php\/wp-json\/wp\/v2\/posts"}],"about":[{"href":"https:\/\/fundacionincipe.com\/index.php\/wp-json\/wp\/v2\/types\/post"}],"author":[{"embeddable":true,"href":"https:\/\/fundacionincipe.com\/index.php\/wp-json\/wp\/v2\/users\/3"}],"replies":[{"embeddable":true,"href":"https:\/\/fundacionincipe.com\/index.php\/wp-json\/wp\/v2\/comments?post=9482"}],"version-history":[{"count":6,"href":"https:\/\/fundacionincipe.com\/index.php\/wp-json\/wp\/v2\/posts\/9482\/revisions"}],"predecessor-version":[{"id":17779,"href":"https:\/\/fundacionincipe.com\/index.php\/wp-json\/wp\/v2\/posts\/9482\/revisions\/17779"}],"wp:featuredmedia":[{"embeddable":true,"href":"https:\/\/fundacionincipe.com\/index.php\/wp-json\/wp\/v2\/media\/14385"}],"wp:attachment":[{"href":"https:\/\/fundacionincipe.com\/index.php\/wp-json\/wp\/v2\/media?parent=9482"}],"wp:term":[{"taxonomy":"category","embeddable":true,"href":"https:\/\/fundacionincipe.com\/index.php\/wp-json\/wp\/v2\/categories?post=9482"},{"taxonomy":"post_tag","embeddable":true,"href":"https:\/\/fundacionincipe.com\/index.php\/wp-json\/wp\/v2\/tags?post=9482"}],"curies":[{"name":"wp","href":"https:\/\/api.w.org\/{rel}","templated":true}]}}