{"id":9479,"date":"2021-05-24T10:58:16","date_gmt":"2021-05-24T08:58:16","guid":{"rendered":"http:\/\/www.incipe.org\/?p=7183"},"modified":"2024-10-22T09:51:43","modified_gmt":"2024-10-22T09:51:43","slug":"la-ue-y-eeuu-juntos-por-el-clima","status":"publish","type":"post","link":"https:\/\/fundacionincipe.com\/index.php\/2021\/05\/24\/la-ue-y-eeuu-juntos-por-el-clima\/","title":{"rendered":"La UE y EEUU: juntos por el clima"},"content":{"rendered":"<p><!--:es--><\/p>\n<p style=\"text-align: justify;\">I\u00f1igo Losada contextualiza su ponencia en el cambio de escenario de las emisiones de gases de efecto invernadero a nivel global. Ni EEUU ni la UE le preocupan tanto, tras registrar un descenso importante en las emisiones entre 2017 y 2019 y una tendencia a la baja en las emisiones per c\u00e1pita de las \u00faltimas dos d\u00e9cadas, como <strong>China, que, no solo registra una tendencia al alza en sus emisiones, sino que, en 2019,\u00a0 eran superiores a las del resto del mundo desarrollado de manera conjunta<\/strong>.<\/p>\n<p style=\"text-align: justify;\">Estos datos son importantes en el marco de los Acuerdos de Par\u00eds, cuyo principal objetivo es conseguir una reducci\u00f3n global de las emisiones, que evite que la temperatura media global aumente 2 \u00b0C, preferentemente 1,5 \u00b0C, antes de fin de siglo. I\u00f1igo Losada destaca la necesidad de actuar de manera contundente y en el plazo inmediato si queremos evitar llegar a ese l\u00edmite de 1,5 \u00b0C de aumento de la temperatura del planeta y los efectos naturales, econ\u00f3micos y sociales derivados de ello. Para ello, especifica el ponente,<strong> no es suficiente con las pol\u00edticas actuales ni con los compromisos que, a d\u00eda de hoy, han hecho los distintos pa\u00edses<\/strong>, sino que se necesita un compromiso real y global que nos lleve a una reducci\u00f3n mucho mayor del 50% de las emisiones.<\/p>\n<p style=\"text-align: justify;\">En este contexto, el pasado 19 de febrero, con Joe Biden como reci\u00e9n estrenado presidente, Estados Unidos vuelve al Acuerdo de Par\u00eds, marcando el inicio de una serie de acciones presidenciales en torno al compromiso con el medioambiente. El <strong>plan del Clima de Joe Biden<\/strong>, seg\u00fan explica Losada, est\u00e1 inspirado en el <em>Green New Deal<\/em> presentado y rechazado en el congreso por el partido dem\u00f3crata en el 2019. La pol\u00edtica clim\u00e1tica del nuevo presidente centra la respuesta a la crisis clim\u00e1tica desde una perspectiva dom\u00e9stica, pero tambi\u00e9n le otorga un <strong>enfoque de pol\u00edtica exterior y de asunto de Seguridad Nacionall.<\/strong> \u201cPlantea un enfoque integral, insta a alinear la gesti\u00f3n del sistema de contrataci\u00f3n del Gobierno y la gesti\u00f3n de sus propiedades y activos, as\u00ed como sus programas de financiaci\u00f3n con una acci\u00f3n clim\u00e1tica robusta\u201d destaca Losada.<\/p>\n<p style=\"text-align: justify;\">Se produce tambi\u00e9n un cambio del posicionamiento de EEUU en los foros internacionales clim\u00e1ticos, buscando, en palabras de Losada \u201cla vuelta al liderazgo clim\u00e1tico perdido durante la administraci\u00f3n Trump,\u00a0 pero tambi\u00e9n el multilateralismo y la cooperaci\u00f3n internacional bilateral\u201d.<\/p>\n<p style=\"text-align: justify;\">El ponente destaca tambi\u00e9n, como parte de la responsabilidad de liderazgo compartido de EEUU y la UE respecto a la acci\u00f3n clim\u00e1tica, los <strong>elementos comunes entre el plan del Clima de EEUU y el de la UE<\/strong>, en la medida que ambos se refieren a cambiar la estrategia de crecimiento para buscar\u00a0 transformaci\u00f3n de la sociedad de una forma equitativa y prospera y en un marco de reducci\u00f3n dr\u00e1stica de las emisiones de gases contaminantes. Asimismo, en ambas estrategias, la econom\u00eda circular juega un papel fundamental de cara a aumentar la resiliencia frente al cambio clim\u00e1tico.<\/p>\n<p style=\"text-align: justify;\">Queda mucho camino que recorrer antes de poder hablar de eficiencia medioambiental a nivel global, no obstante, si tenemos en cuenta que en tan solo tres meses <strong>la administraci\u00f3n Biden-Harris ha transformado por completo la posici\u00f3n de EEUU frente a la acci\u00f3n clim\u00e1tica<\/strong>, y la co-responsabilidad, la ambici\u00f3n y el liderazgo compartido entre su pol\u00edtica clim\u00e1tica y la de la UE, podemos concluir que estamos ante una buena oportunidad para transformar la econom\u00eda y generar empleo y buscar una transici\u00f3n justa hacia un sistema econ\u00f3mico libre de emisiones.<\/p>\n<p style=\"text-align: justify;\">Sof\u00eda Alfayate<\/p>\n<p><!--:--><\/p>\n","protected":false},"excerpt":{"rendered":"<p>I\u00f1igo Losada contextualiza su ponencia en el cambio de escenario de las emisiones de gases de efecto invernadero a nivel global. Ni EEUU ni la UE le preocupan tanto, tras [&hellip;]<\/p>\n","protected":false},"author":3,"featured_media":17903,"comment_status":"closed","ping_status":"closed","sticky":false,"template":"","format":"standard","meta":{"_acf_changed":false,"footnotes":""},"categories":[8],"tags":[],"class_list":["post-9479","post","type-post","status-publish","format-standard","has-post-thumbnail","hentry","category-conferencias-y-seminarios"],"acf":[],"_links":{"self":[{"href":"https:\/\/fundacionincipe.com\/index.php\/wp-json\/wp\/v2\/posts\/9479","targetHints":{"allow":["GET"]}}],"collection":[{"href":"https:\/\/fundacionincipe.com\/index.php\/wp-json\/wp\/v2\/posts"}],"about":[{"href":"https:\/\/fundacionincipe.com\/index.php\/wp-json\/wp\/v2\/types\/post"}],"author":[{"embeddable":true,"href":"https:\/\/fundacionincipe.com\/index.php\/wp-json\/wp\/v2\/users\/3"}],"replies":[{"embeddable":true,"href":"https:\/\/fundacionincipe.com\/index.php\/wp-json\/wp\/v2\/comments?post=9479"}],"version-history":[{"count":4,"href":"https:\/\/fundacionincipe.com\/index.php\/wp-json\/wp\/v2\/posts\/9479\/revisions"}],"predecessor-version":[{"id":17906,"href":"https:\/\/fundacionincipe.com\/index.php\/wp-json\/wp\/v2\/posts\/9479\/revisions\/17906"}],"wp:featuredmedia":[{"embeddable":true,"href":"https:\/\/fundacionincipe.com\/index.php\/wp-json\/wp\/v2\/media\/17903"}],"wp:attachment":[{"href":"https:\/\/fundacionincipe.com\/index.php\/wp-json\/wp\/v2\/media?parent=9479"}],"wp:term":[{"taxonomy":"category","embeddable":true,"href":"https:\/\/fundacionincipe.com\/index.php\/wp-json\/wp\/v2\/categories?post=9479"},{"taxonomy":"post_tag","embeddable":true,"href":"https:\/\/fundacionincipe.com\/index.php\/wp-json\/wp\/v2\/tags?post=9479"}],"curies":[{"name":"wp","href":"https:\/\/api.w.org\/{rel}","templated":true}]}}