{"id":9478,"date":"2021-05-20T10:57:13","date_gmt":"2021-05-20T08:57:13","guid":{"rendered":"http:\/\/www.incipe.org\/?p=7181"},"modified":"2024-10-22T09:53:20","modified_gmt":"2024-10-22T09:53:20","slug":"pacto-verde-europeo-el-liderazgo-inaplazable-de-la-ue","status":"publish","type":"post","link":"https:\/\/fundacionincipe.com\/index.php\/2021\/05\/20\/pacto-verde-europeo-el-liderazgo-inaplazable-de-la-ue\/","title":{"rendered":"Pacto Verde Europeo: el liderazgo inaplazable de la UE"},"content":{"rendered":"<p><!--:es--><\/p>\n<p style=\"text-align: justify;\">\u201cLa ciencia nos ha demostrado que tenemos un problema con el cambio clim\u00e1tico. No es demasiado tarde para abordarlo, aunque tenemos muy poco tiempo\u201d. Con esta contundencia daba comienzo Clara Eugenia de la Torre su intervenci\u00f3n en el encuentro organizado en el marco de la <strong>European Green Week<\/strong>, que ha girado en torno a la estrategia de Acci\u00f3n Clim\u00e1tica de la Uni\u00f3n Europea. En este sentido, de la Torre recordaba que la desvinculaci\u00f3n entre el crecimiento econ\u00f3mico y la emisi\u00f3n de gases contaminantes es posible y que la Uni\u00f3n Europea es un claro ejemplo que lo evidencia, ya que <strong>\u201cdesde los a\u00f1os noventa, la econom\u00eda de la Uni\u00f3n ha crecido un 60% mientras que las emisiones de gases de efecto invernadero han disminuido un 25%\u201d<\/strong>.<\/p>\n<p style=\"text-align: justify;\">El liderazgo de la Uni\u00f3n Europea en Acci\u00f3n Clim\u00e1tica es claro -es la \u00fanica parte del mundo que cuenta con una legislaci\u00f3n orientada a la reducci\u00f3n de las emisiones- pero no suficiente, ya que actualmente \u201cemite menos del 10% de todos los gases de efecto invernadero\u201d. Clara Eugenia de la Torre asegura que <strong>la v\u00eda para conseguir la transici\u00f3n verde es la de la legislaci\u00f3n, la inversi\u00f3n y la implicaci\u00f3n de la sociedad<\/strong>, las tres caracter\u00edsticas fundamentales que recoge la estrategia europea, con el objetivo de que, en 2050, la econom\u00eda de la Uni\u00f3n Europea sea neutra con respecto al clima.<\/p>\n<p style=\"text-align: justify;\">Para alcanzar este ambicioso objetivo a largo plazo, la Comisi\u00f3n Europea ha puesto el objetivo a corto plazo de reducir en un 55% las emisiones de gases contaminantes para 2030, un objetivo que para la ponente presenta \u201cun camino duro pero posible tanto a nivel tecnol\u00f3gico como econ\u00f3mico\u201d.<\/p>\n<p style=\"text-align: justify;\">\u201cSi queremos conseguir esa neutralidad clim\u00e1tica\u201d, asegura de la Torre, \u201ctenemos que apoyar la innovaci\u00f3n. Somos muy fuertes en I+D, pero somos menos fuertes en innovaci\u00f3n (\u2026) y esta tiene que entrar en nuestro tejido productivo\u201d. La b\u00fasqueda de nuevas formas de producci\u00f3n, de alcanzar una mayor eficiencia energ\u00e9tica, \u201cel 75% de los edificios de la Uni\u00f3n son ineficientes a nivel energ\u00e9tico\u201d, y aumentar la tasa de reciclaje son algunos de los focos de acci\u00f3n de la iniciativa de Acci\u00f3n Clim\u00e1tica. Adem\u00e1s, busca incluir a todos los actores econ\u00f3micos y sociales, a trav\u00e9s del <strong>Pacto por el Clima<\/strong>, un programa al que cualquier ciudadano puede inscribirse, y que le convierte en embajador por el clima en su comunidad, ofreciendo al mismo tiempo, iniciativas ciudadanas para colaborar con la lucha contra el cambio clim\u00e1tico.<\/p>\n<p style=\"text-align: justify;\">Hasta la fecha, <strong>uno de los mayores logros de la Acci\u00f3n clim\u00e1tica europea ha sido legislativo, con el acuerdo entre el Parlamento y el Consejo Europeo sobre la <em>Ley del Clima<\/em><\/strong>, que fija los objetivos de reducci\u00f3n y neutralidad de emisiones de la Uni\u00f3n y establece el marco jur\u00eddico en torno a la mitigaci\u00f3n del cambio clim\u00e1tico, pero tambi\u00e9n a la adaptaci\u00f3n a los efectos del mismo. Sin embargo, \u201cesta transici\u00f3n necesita dinero y necesita ser justa\u201d recuerda la ponente.<\/p>\n<p style=\"text-align: justify;\">Para logarlo, <strong>el Plan de Inversi\u00f3n del Pacto Verde va a movilizar al menos un trill\u00f3n de euros en inversiones durante la pr\u00f3xima d\u00e9cada<\/strong>, provenientes de la Uni\u00f3n y los Estados miembros y combinando inversi\u00f3n p\u00fablica y privada para promover las inversiones en econom\u00eda verde e impulsar la creaci\u00f3n e proyectos sostenibles. Clara Eugenia de la Torre insta, asimismo, a hacer una visi\u00f3n positiva, en la medida de lo posible, de la necesidad de reconstrucci\u00f3n econ\u00f3mica provocada por la pandemia y \u201caprovechar la oportunidad que nos da toda esta cantidad de dinero p\u00fablico y privado y reconstruir nuestra econom\u00eda de la mejor manera posible\u201d.<\/p>\n<p style=\"text-align: justify;\">En definitiva, el Pacto Verde Europeo tiene como misi\u00f3n el compromiso con el medioambiente y con el desarrollo econ\u00f3mico y el bienestar ciudadano a partes iguales, y pese a que a\u00fan queda mucho trabajo para llegar a la neutralidad clim\u00e1tica, sienta las bases para establecer una visi\u00f3n global com\u00fan de cara a la COP 2021 que se celebrar\u00e1 en Glasgow en noviembre y en la que, con toda certeza, la Uni\u00f3n Europea jugar\u00e1 un rol de liderazgo.<\/p>\n<p>Sof\u00eda Alfayate<!--:--><\/p>\n","protected":false},"excerpt":{"rendered":"<p>El 20 de mayo comenz\u00f3 el Ciclo de encuentros digitales La hora del clima organizado por el INCIPE junto con Estudios de Pol\u00edtica Exterior. La sesi\u00f3n inaugural, titulada Pacto Verde Europeo: el liderazgo inaplazable de la UE cont\u00f3 con la participaci\u00f3n de Clara Eugenia de la Torre, directora adjunta de Acci\u00f3n Clim\u00e1tica en la Comisi\u00f3n Europea.<\/p>\n","protected":false},"author":3,"featured_media":14404,"comment_status":"closed","ping_status":"closed","sticky":false,"template":"","format":"standard","meta":{"_acf_changed":false,"footnotes":""},"categories":[8],"tags":[],"class_list":["post-9478","post","type-post","status-publish","format-standard","has-post-thumbnail","hentry","category-conferencias-y-seminarios"],"acf":[],"_links":{"self":[{"href":"https:\/\/fundacionincipe.com\/index.php\/wp-json\/wp\/v2\/posts\/9478","targetHints":{"allow":["GET"]}}],"collection":[{"href":"https:\/\/fundacionincipe.com\/index.php\/wp-json\/wp\/v2\/posts"}],"about":[{"href":"https:\/\/fundacionincipe.com\/index.php\/wp-json\/wp\/v2\/types\/post"}],"author":[{"embeddable":true,"href":"https:\/\/fundacionincipe.com\/index.php\/wp-json\/wp\/v2\/users\/3"}],"replies":[{"embeddable":true,"href":"https:\/\/fundacionincipe.com\/index.php\/wp-json\/wp\/v2\/comments?post=9478"}],"version-history":[{"count":7,"href":"https:\/\/fundacionincipe.com\/index.php\/wp-json\/wp\/v2\/posts\/9478\/revisions"}],"predecessor-version":[{"id":17908,"href":"https:\/\/fundacionincipe.com\/index.php\/wp-json\/wp\/v2\/posts\/9478\/revisions\/17908"}],"wp:featuredmedia":[{"embeddable":true,"href":"https:\/\/fundacionincipe.com\/index.php\/wp-json\/wp\/v2\/media\/14404"}],"wp:attachment":[{"href":"https:\/\/fundacionincipe.com\/index.php\/wp-json\/wp\/v2\/media?parent=9478"}],"wp:term":[{"taxonomy":"category","embeddable":true,"href":"https:\/\/fundacionincipe.com\/index.php\/wp-json\/wp\/v2\/categories?post=9478"},{"taxonomy":"post_tag","embeddable":true,"href":"https:\/\/fundacionincipe.com\/index.php\/wp-json\/wp\/v2\/tags?post=9478"}],"curies":[{"name":"wp","href":"https:\/\/api.w.org\/{rel}","templated":true}]}}