{"id":9476,"date":"2021-04-22T10:07:06","date_gmt":"2021-04-22T08:07:06","guid":{"rendered":"http:\/\/www.incipe.org\/?p=7157"},"modified":"2025-03-14T11:17:34","modified_gmt":"2025-03-14T11:17:34","slug":"los-primero-100-dias-de-la-era-biden","status":"publish","type":"post","link":"https:\/\/fundacionincipe.com\/index.php\/2021\/04\/22\/los-primero-100-dias-de-la-era-biden\/","title":{"rendered":"Los primero 100 d\u00edas de la era Biden"},"content":{"rendered":"\n<p>Durante su intervenci\u00f3n, Amanda Mars abord\u00f3 una serie de temas de actualidad, comenzando por el impacto del caso de George Floyd en la sociedad estadounidense y la respuesta de Joe Biden, destacando la firme postura del presidente contra el racismo. Tambi\u00e9n se\u00f1al\u00f3 las<strong> interesantes similitudes entre la administraci\u00f3n de Biden y la de Roosevelt<\/strong>, ya que ambos presidentes se enfrentaron a crisis de gran magnitud. Mars analiz\u00f3 las pol\u00edticas implementadas por Biden para hacer frente a la pandemia, subrayando su enfoque progresista y decidido.<\/p>\n\n\n\n<p>Se destac\u00f3 igualmente el cambio en la pol\u00edtica exterior de Estados Unidos bajo el liderazgo de Biden, evidenciando un <strong>regreso a la diplomacia multilateral, aunque sin abandonar posturas firmes en temas clave como Ir\u00e1n, China y Rusia<\/strong>. La retirada de las tropas estadounidenses de Afganist\u00e1n tambi\u00e9n fue objeto de an\u00e1lisis, enriqueciendo el debate sobre la estrategia global de la actual administraci\u00f3n.<\/p>\n\n\n\n<p>Al concluir la ponencia de Amanda Mars, se dio paso a un interesante debate en el que los participantes plantearon preguntas sobre la percepci\u00f3n de los medios de comunicaci\u00f3n estadounidenses respecto al mandato de Biden, as\u00ed como las causas y consecuencias de la retirada en Afganist\u00e1n y el estado actual de las relaciones entre Estados Unidos, China y Rusia. El evento propici\u00f3 una reflexi\u00f3n profunda sobre los primeros pasos de la administraci\u00f3n Biden en un contexto nacional e internacional tan complejo.<\/p>\n\n\n\n<p class=\"has-small-font-size\">Aranzazu \u00c1lvarez<\/p>\n","protected":false},"excerpt":{"rendered":"<p>Durante su intervenci\u00f3n, Amanda Mars abord\u00f3 una serie de temas de actualidad, comenzando por el impacto del caso de George Floyd en la sociedad estadounidense y la respuesta de Joe [&hellip;]<\/p>\n","protected":false},"author":3,"featured_media":14446,"comment_status":"closed","ping_status":"closed","sticky":false,"template":"","format":"standard","meta":{"_acf_changed":false,"footnotes":""},"categories":[8],"tags":[],"class_list":["post-9476","post","type-post","status-publish","format-standard","has-post-thumbnail","hentry","category-conferencias-y-seminarios"],"acf":[],"_links":{"self":[{"href":"https:\/\/fundacionincipe.com\/index.php\/wp-json\/wp\/v2\/posts\/9476","targetHints":{"allow":["GET"]}}],"collection":[{"href":"https:\/\/fundacionincipe.com\/index.php\/wp-json\/wp\/v2\/posts"}],"about":[{"href":"https:\/\/fundacionincipe.com\/index.php\/wp-json\/wp\/v2\/types\/post"}],"author":[{"embeddable":true,"href":"https:\/\/fundacionincipe.com\/index.php\/wp-json\/wp\/v2\/users\/3"}],"replies":[{"embeddable":true,"href":"https:\/\/fundacionincipe.com\/index.php\/wp-json\/wp\/v2\/comments?post=9476"}],"version-history":[{"count":6,"href":"https:\/\/fundacionincipe.com\/index.php\/wp-json\/wp\/v2\/posts\/9476\/revisions"}],"predecessor-version":[{"id":21860,"href":"https:\/\/fundacionincipe.com\/index.php\/wp-json\/wp\/v2\/posts\/9476\/revisions\/21860"}],"wp:featuredmedia":[{"embeddable":true,"href":"https:\/\/fundacionincipe.com\/index.php\/wp-json\/wp\/v2\/media\/14446"}],"wp:attachment":[{"href":"https:\/\/fundacionincipe.com\/index.php\/wp-json\/wp\/v2\/media?parent=9476"}],"wp:term":[{"taxonomy":"category","embeddable":true,"href":"https:\/\/fundacionincipe.com\/index.php\/wp-json\/wp\/v2\/categories?post=9476"},{"taxonomy":"post_tag","embeddable":true,"href":"https:\/\/fundacionincipe.com\/index.php\/wp-json\/wp\/v2\/tags?post=9476"}],"curies":[{"name":"wp","href":"https:\/\/api.w.org\/{rel}","templated":true}]}}