{"id":9475,"date":"2021-04-15T11:23:26","date_gmt":"2021-04-15T09:23:26","guid":{"rendered":"http:\/\/www.incipe.org\/?p=7137"},"modified":"2024-10-22T10:12:17","modified_gmt":"2024-10-22T10:12:17","slug":"washingtons-perspective-on-defense-policy","status":"publish","type":"post","link":"https:\/\/fundacionincipe.com\/index.php\/2021\/04\/15\/washingtons-perspective-on-defense-policy\/","title":{"rendered":"Washington&#8217;s Perspective on Defense Policy"},"content":{"rendered":"\n<p>Mich\u00e8le Flournoy inici\u00f3 su intervenci\u00f3n destacando el cambio de perspectiva ocurrido en la actual pol\u00edtica de defensa, ya que <strong>anteriormente la preocupaci\u00f3n estaba centrada en el terrorismo y ahora se dirige hacia China<\/strong>. Principalmente, Flournoy nos habl\u00f3 de un sentimiento de urgencia con respecto a China y la necesidad de que Estados Unidos mejore para poder competir contra ella. Por consiguiente, riesgos y una mayor inversi\u00f3n en defensa son elementos clave para lograr dicho prop\u00f3sito, destacando el \u00e1mbito de las tecnolog\u00edas, matem\u00e1ticas y ciencias.<\/p>\n\n\n\n<p>Por otro lado, la nueva pol\u00edtica en defensa se basa en la mejora de las relaciones transatl\u00e1nticas, as\u00ed como en la creaci\u00f3n de un ambiente de trabajo m\u00e1s inclusivo y diverso. Flournoy destac\u00f3 la importancia de tener l\u00edderes que puedan representar adecuadamente a la poblaci\u00f3n a la cual defienden. Es por este mismo motivo que Estados Unidos se est\u00e1 enfocando en mostrarse como un pa\u00eds confiable, en el cual sus aliados sientan que pueden confiar.<\/p>\n\n\n\n<p>Asimismo, tambi\u00e9n se han incorporado \u00e1reas relacionadas con el cambio clim\u00e1tico y la insuficiencia energ\u00e9tica como aspectos a mejorar en lo que respecta a la defensa.<\/p>\n\n\n\n<p>Al final de la sesi\u00f3n tuvo lugar un debate, en el que los participantes formularon algunas preguntas relacionadas con los efectos de la pandemia en la seguridad estadounidense, as\u00ed como las implicaciones de la retirada en Afganist\u00e1n. Tambi\u00e9n surgieron dudas con respecto a Ir\u00e1n e Israel y sus aspiraciones nucleares en el \u00e1mbito militar.<\/p>\n\n\n\n<p>Mar\u00eda Archilla<\/p>\n\n\n\n<h6 class=\"wp-block-heading\"><\/h6>\n","protected":false},"excerpt":{"rendered":"<p>Mich\u00e8le Flournoy inici\u00f3 su intervenci\u00f3n destacando el cambio de perspectiva ocurrido en la actual pol\u00edtica de defensa, ya que anteriormente la preocupaci\u00f3n estaba centrada en el terrorismo y ahora se [&hellip;]<\/p>\n","protected":false},"author":3,"featured_media":14451,"comment_status":"closed","ping_status":"closed","sticky":false,"template":"","format":"standard","meta":{"_acf_changed":false,"footnotes":""},"categories":[8],"tags":[],"class_list":["post-9475","post","type-post","status-publish","format-standard","has-post-thumbnail","hentry","category-conferencias-y-seminarios"],"acf":[],"_links":{"self":[{"href":"https:\/\/fundacionincipe.com\/index.php\/wp-json\/wp\/v2\/posts\/9475","targetHints":{"allow":["GET"]}}],"collection":[{"href":"https:\/\/fundacionincipe.com\/index.php\/wp-json\/wp\/v2\/posts"}],"about":[{"href":"https:\/\/fundacionincipe.com\/index.php\/wp-json\/wp\/v2\/types\/post"}],"author":[{"embeddable":true,"href":"https:\/\/fundacionincipe.com\/index.php\/wp-json\/wp\/v2\/users\/3"}],"replies":[{"embeddable":true,"href":"https:\/\/fundacionincipe.com\/index.php\/wp-json\/wp\/v2\/comments?post=9475"}],"version-history":[{"count":5,"href":"https:\/\/fundacionincipe.com\/index.php\/wp-json\/wp\/v2\/posts\/9475\/revisions"}],"predecessor-version":[{"id":17917,"href":"https:\/\/fundacionincipe.com\/index.php\/wp-json\/wp\/v2\/posts\/9475\/revisions\/17917"}],"wp:featuredmedia":[{"embeddable":true,"href":"https:\/\/fundacionincipe.com\/index.php\/wp-json\/wp\/v2\/media\/14451"}],"wp:attachment":[{"href":"https:\/\/fundacionincipe.com\/index.php\/wp-json\/wp\/v2\/media?parent=9475"}],"wp:term":[{"taxonomy":"category","embeddable":true,"href":"https:\/\/fundacionincipe.com\/index.php\/wp-json\/wp\/v2\/categories?post=9475"},{"taxonomy":"post_tag","embeddable":true,"href":"https:\/\/fundacionincipe.com\/index.php\/wp-json\/wp\/v2\/tags?post=9475"}],"curies":[{"name":"wp","href":"https:\/\/api.w.org\/{rel}","templated":true}]}}