{"id":9474,"date":"2021-03-25T14:34:50","date_gmt":"2021-03-25T13:34:50","guid":{"rendered":"http:\/\/www.incipe.org\/?p=7126"},"modified":"2024-10-22T10:14:16","modified_gmt":"2024-10-22T10:14:16","slug":"la-politica-exterior-biden-harris-estados-unidos-ha-vuelto","status":"publish","type":"post","link":"https:\/\/fundacionincipe.com\/index.php\/2021\/03\/25\/la-politica-exterior-biden-harris-estados-unidos-ha-vuelto\/","title":{"rendered":"La pol\u00edtica exterior Biden-Harris: Estados Unidos ha vuelto"},"content":{"rendered":"<p><!--:es--><\/p>\n<p style=\"text-align: justify;\">Tribble comenz\u00f3 su intervenci\u00f3n con un mensaje: <strong>&#8220;Estados Unidos ha vuelto. La alianza transatl\u00e1ntica ha vuelto&#8221;<\/strong>, destacando el deseo del nuevo gobierno en poner el foco en sus alianzas. Asimismo, coment\u00f3 que Estados Unidos ahora pretende reconstruir las alianzas que han sido destruidas durante los \u00faltimos cuatro a\u00f1os, para dar juntos forma a los desaf\u00edos globales: <strong>&#8220;hay infinidad de retos, y estos problemas no pueden ser afrontados por un pa\u00eds en solitario&#8221;<\/strong>. A estos factores hay que sumar prioridades como combatir la Covid-19, fortalecer la seguridad sanitaria mundial o afrontar el cambio clim\u00e1tico; con la reincorporaci\u00f3n al Acuerdo de Paris.<\/p>\n<p style=\"text-align: justify;\">Asimismo, es importante establecer una coordinaci\u00f3n con la Uni\u00f3n Europea y otros pa\u00edses europeos para abordar retos estrat\u00e9gicos con pa\u00edses China. En palabras de Tribble China supone <strong>&#8220;el desaf\u00edo geopol\u00edtico del siglo veintiuno m\u00e1s importante para las sociedades democr\u00e1ticas y para nuestros intereses compartidos; sean econ\u00f3micos, pol\u00edticos o de seguridad&#8221;<\/strong>. A pesar de ellos, hay que buscar oportunidades para colaborar con China dentro de un marco conjunto de reglas y con campo de juego equitativo. China debe ser importante aliado para cuestiones como por ejemplo combatir el cambio clim\u00e1tico.<\/p>\n<p style=\"text-align: justify;\">Otro de los aspectos que se discuti\u00f3 durante esta sesi\u00f3n es la relaci\u00f3n bilateral Espa\u00f1a-EE.UU. Estados Unidos tiene voluntad de trabajar junto a Espa\u00f1a activamente en los principales retos pol\u00edticos mundiales y estrechar esta relaci\u00f3n bilateral. <strong>&#8220;Espa\u00f1a puede jugar un papel a\u00fan m\u00e1s importante en pa\u00edses clave de Am\u00e9rica Latina como Venezuela o Cuba, en el desarrollo de pa\u00edses de Am\u00e9rica Central y en la regi\u00f3n del Sahel. Por ello Espa\u00f1a para nosotros es un aliado de alta importancia&#8221;<\/strong>, se\u00f1ala Tribble.<\/p>\n<p style=\"text-align: justify;\">Durante el debate, los participantes plantearon cuestiones como los posibles cambios en el \u00e1mbito militar en la relaci\u00f3n Espa\u00f1a-EEUU. En ese sentido Tribble mencion\u00f3 que <strong>&#8220;no habr\u00e1 mucho cambio, pero que si lo hay es para siempre mejorar&#8221;<\/strong>. La trayectoria en cooperaci\u00f3n militar entre ambos pa\u00edses es muy favorable, como se ha puesto en evidencia en misiones en el Sahel, Iraq o Afganist\u00e1n. Otras de las cuestiones planteadas en el debate fue a prop\u00f3sito del encuentro bilateral entre Estados Unidos y China en la cumbre Anchorage (Alaska). Con respecto a Oriente Medio y al Acuerdo nuclear con Ir\u00e1n Tribble se\u00f1al\u00f3 que <strong>&#8220;estamos dispuestos a volver a un proceso de acuerdo con Ir\u00e1n si este pa\u00eds vuelve a cumplir con sus deberes bajo el acuerdo y eso es un mensaje que hemos discutido con los otros signatarios&#8221;<\/strong>.<\/p>\n<p style=\"text-align: justify;\">Finalmente, Conrad Tribble detall\u00f3 los objetivos de la &#8220;Cumbre de la democracia&#8221; que la administraci\u00f3n Biden proyecta celebrar proximamente. Mencion\u00f3 que el esp\u00edritu de esta conferencia es reunir l\u00edderes mundiales para <strong>&#8220;dar vida y reforzar el modelo que tenemos que queremos preservar y mejorar&#8221;<\/strong>.<\/p>\n<p style=\"text-align: justify;\">Javier Ubr\u00ed<\/p>\n<p style=\"text-align: justify;\"><a title=\"Conrad Tribble\" href=\"https:\/\/www.youtube.com\/watch?v=2uoZOs_wOFY\" target=\"_blank\" rel=\"noopener noreferrer\">\u00a0<\/a><\/p>\n<p><!--:--><\/p>\n","protected":false},"excerpt":{"rendered":"<p>Tribble comenz\u00f3 su intervenci\u00f3n con un mensaje: &#8220;Estados Unidos ha vuelto. La alianza transatl\u00e1ntica ha vuelto&#8221;, destacando el deseo del nuevo gobierno en poner el foco en sus alianzas. Asimismo, [&hellip;]<\/p>\n","protected":false},"author":4,"featured_media":14456,"comment_status":"closed","ping_status":"closed","sticky":false,"template":"","format":"standard","meta":{"_acf_changed":false,"footnotes":""},"categories":[8],"tags":[],"class_list":["post-9474","post","type-post","status-publish","format-standard","has-post-thumbnail","hentry","category-conferencias-y-seminarios"],"acf":[],"_links":{"self":[{"href":"https:\/\/fundacionincipe.com\/index.php\/wp-json\/wp\/v2\/posts\/9474","targetHints":{"allow":["GET"]}}],"collection":[{"href":"https:\/\/fundacionincipe.com\/index.php\/wp-json\/wp\/v2\/posts"}],"about":[{"href":"https:\/\/fundacionincipe.com\/index.php\/wp-json\/wp\/v2\/types\/post"}],"author":[{"embeddable":true,"href":"https:\/\/fundacionincipe.com\/index.php\/wp-json\/wp\/v2\/users\/4"}],"replies":[{"embeddable":true,"href":"https:\/\/fundacionincipe.com\/index.php\/wp-json\/wp\/v2\/comments?post=9474"}],"version-history":[{"count":3,"href":"https:\/\/fundacionincipe.com\/index.php\/wp-json\/wp\/v2\/posts\/9474\/revisions"}],"predecessor-version":[{"id":17918,"href":"https:\/\/fundacionincipe.com\/index.php\/wp-json\/wp\/v2\/posts\/9474\/revisions\/17918"}],"wp:featuredmedia":[{"embeddable":true,"href":"https:\/\/fundacionincipe.com\/index.php\/wp-json\/wp\/v2\/media\/14456"}],"wp:attachment":[{"href":"https:\/\/fundacionincipe.com\/index.php\/wp-json\/wp\/v2\/media?parent=9474"}],"wp:term":[{"taxonomy":"category","embeddable":true,"href":"https:\/\/fundacionincipe.com\/index.php\/wp-json\/wp\/v2\/categories?post=9474"},{"taxonomy":"post_tag","embeddable":true,"href":"https:\/\/fundacionincipe.com\/index.php\/wp-json\/wp\/v2\/tags?post=9474"}],"curies":[{"name":"wp","href":"https:\/\/api.w.org\/{rel}","templated":true}]}}