{"id":9469,"date":"2020-05-26T12:34:59","date_gmt":"2020-05-26T10:34:59","guid":{"rendered":"http:\/\/www.incipe.org\/?p=6901"},"modified":"2024-11-13T13:55:54","modified_gmt":"2024-11-13T13:55:54","slug":"respuesta-de-la-otan-frente-a-la-covid19","status":"publish","type":"post","link":"https:\/\/fundacionincipe.com\/index.php\/2020\/05\/26\/respuesta-de-la-otan-frente-a-la-covid19\/","title":{"rendered":"Respuesta de la OTAN frente a la Covid19"},"content":{"rendered":"\n<p>La sesi\u00f3n se desarroll\u00f3 en espa\u00f1ol y congreg\u00f3 a una audiencia interesada en comprender las acciones de la OTAN frente a la crisis del coronavirus. Para ello, contamos con la participaci\u00f3n de Carmen Romero, vicesecretaria general adjunta de diplomacia p\u00fablica en la OTAN. Durante la sesi\u00f3n, Carmen Romero present\u00f3 un an\u00e1lisis detallado de las medidas de adaptaci\u00f3n de la OTAN a la pandemia, no solo para garantizar sus operaciones tradicionales, sino tambi\u00e9n para facilitar la gesti\u00f3n de la crisis.<\/p>\n\n\n\n<p>Carmen Romero subraya c\u00f3mo<strong> la OTAN ha demostrado nuevamente su capacidad de adaptaci\u00f3n ante desaf\u00edos de seguridad, esta vez frente a la crisis sanitaria de la COVID-19<\/strong>. La Alianza Atl\u00e1ntica ha mantenido su principal mandato, garantizando la seguridad de la poblaci\u00f3n de sus pa\u00edses miembros, mientras ha actuado como un espacio de solidaridad. A trav\u00e9s de su <strong>Centro de Coordinaci\u00f3n de Respuesta de Desastres<\/strong>, la OTAN ha coordinado acciones para apoyar a los pa\u00edses aliados, movilizando recursos y facilitando el transporte a\u00e9reo de suministros m\u00e9dicos para responder con rapidez a las necesidades de cada miembro.Adem\u00e1s, la OTAN ha extendido su apoyo m\u00e1s all\u00e1 de los pa\u00edses miembros, brindando ayuda a socios estrat\u00e9gicos como Afganist\u00e1n y los Balcanes occidentales.<\/p>\n\n\n\n<p>Romero se\u00f1ala que esta respuesta ha incluido, adem\u00e1s, innovaciones log\u00edsticas como el desarrollo de respiradores mediante impresi\u00f3n 3D. Destaca tambi\u00e9n que la OTAN ha tomado <strong>medidas preventivas para garantizar la protecci\u00f3n de los efectivos militares desplegados en sus misiones<\/strong>, adapt\u00e1ndose para cerciorarse de que la crisis sanitaria no derive en una crisis de seguridad. As\u00ed, la OTAN ha logrado mantener sus misiones de defensa colectiva y lucha antiterrorista sin interrupciones.<\/p>\n\n\n\n<p>Finalmente, Carmen Romero subraya la importancia de prepararse para futuras crisis de este tipo, con el objetivo de evitar tener que elegir entre gestionar crisis en la seguridad y emergencias sanitarias. La experiencia de la COVID-19 evidencia la necesidad de una planificaci\u00f3n anticipada que permita enfrentar amenazas complejas en todos los frentes.<\/p>\n\n\n\n<p>La sesi\u00f3n concluy\u00f3 con un debate donde los participantes pudieron plantear preguntas sobre los temas tratados. Este intercambio subray\u00f3 la relevancia de comprender el rol de la OTAN en la gesti\u00f3n de la crisis de la COVID19.<\/p>\n\n\n\n<p>Luc\u00eda Rodr\u00edguez<\/p>\n","protected":false},"excerpt":{"rendered":"<p>La sesi\u00f3n se desarroll\u00f3 en espa\u00f1ol y congreg\u00f3 a una audiencia interesada en comprender las acciones de la OTAN frente a la crisis del coronavirus. Para ello, contamos con la [&hellip;]<\/p>\n","protected":false},"author":3,"featured_media":17996,"comment_status":"closed","ping_status":"closed","sticky":false,"template":"","format":"standard","meta":{"_acf_changed":false,"footnotes":""},"categories":[8],"tags":[],"class_list":["post-9469","post","type-post","status-publish","format-standard","has-post-thumbnail","hentry","category-conferencias-y-seminarios"],"acf":[],"_links":{"self":[{"href":"https:\/\/fundacionincipe.com\/index.php\/wp-json\/wp\/v2\/posts\/9469","targetHints":{"allow":["GET"]}}],"collection":[{"href":"https:\/\/fundacionincipe.com\/index.php\/wp-json\/wp\/v2\/posts"}],"about":[{"href":"https:\/\/fundacionincipe.com\/index.php\/wp-json\/wp\/v2\/types\/post"}],"author":[{"embeddable":true,"href":"https:\/\/fundacionincipe.com\/index.php\/wp-json\/wp\/v2\/users\/3"}],"replies":[{"embeddable":true,"href":"https:\/\/fundacionincipe.com\/index.php\/wp-json\/wp\/v2\/comments?post=9469"}],"version-history":[{"count":3,"href":"https:\/\/fundacionincipe.com\/index.php\/wp-json\/wp\/v2\/posts\/9469\/revisions"}],"predecessor-version":[{"id":18533,"href":"https:\/\/fundacionincipe.com\/index.php\/wp-json\/wp\/v2\/posts\/9469\/revisions\/18533"}],"wp:featuredmedia":[{"embeddable":true,"href":"https:\/\/fundacionincipe.com\/index.php\/wp-json\/wp\/v2\/media\/17996"}],"wp:attachment":[{"href":"https:\/\/fundacionincipe.com\/index.php\/wp-json\/wp\/v2\/media?parent=9469"}],"wp:term":[{"taxonomy":"category","embeddable":true,"href":"https:\/\/fundacionincipe.com\/index.php\/wp-json\/wp\/v2\/categories?post=9469"},{"taxonomy":"post_tag","embeddable":true,"href":"https:\/\/fundacionincipe.com\/index.php\/wp-json\/wp\/v2\/tags?post=9469"}],"curies":[{"name":"wp","href":"https:\/\/api.w.org\/{rel}","templated":true}]}}