{"id":9468,"date":"2020-07-10T12:22:03","date_gmt":"2020-07-10T10:22:03","guid":{"rendered":"http:\/\/www.incipe.org\/?p=6886"},"modified":"2024-10-22T11:21:25","modified_gmt":"2024-10-22T11:21:25","slug":"juntos-relanzando-europa-la-presidencia-alemana-del-consejo-de-la-ue-2020","status":"publish","type":"post","link":"https:\/\/fundacionincipe.com\/index.php\/2020\/07\/10\/juntos-relanzando-europa-la-presidencia-alemana-del-consejo-de-la-ue-2020\/","title":{"rendered":"Juntos relanzando Europa: la presidencia alemana del Consejo de la UE 2020"},"content":{"rendered":"<p><!--:es--><\/p>\n<p style=\"text-align: justify;\">Cuando Alemania comenz\u00f3 a preparar el programa de su presidencia, hace casi dos a\u00f1os, no se imaginaba que iba a ser necesario que sus esfuerzos girasen en torno a un gran tema. Sin embargo, la superaci\u00f3n crisis de la Covid-19, se ha convertido, desde el pasado mes de marzo, en el desaf\u00edo central a nivel internacional y en torno al que giran los objetivos de la presidencia alemana del consejo de la UE, bajo el lema <em>\u2018Juntos relanzamos Europa\u2019<\/em>.<\/p>\n<p style=\"text-align: justify;\">El objetivo de Alemania para los seis meses de su presidencia es enfrentarse a este reto de magnitudes hist\u00f3ricas, tomando medidas que permitan a la UE salir de esta crisis m\u00e1s fuerte, superada y m\u00e1s unida. En concreto, las prioridades son seguir estabilizando la situaci\u00f3n sanitaria, coordinar las medidas para salir de la crisis, impulsar con empe\u00f1o la recuperaci\u00f3n econ\u00f3mica y para fortalecer la cohesi\u00f3n social, para lo cual, Alemania trabajar\u00e1 para <strong>conseguir un acuerdo pol\u00edtico sobre el Fondo de Reconstrucci\u00f3n<\/strong> y el pr\u00f3ximo marco financiero plurianual, apelando a la solidaridad, el pragmatismo y el esp\u00edritu de compromiso, para salvar las diferencias entre los Estados miembros.<\/p>\n<p style=\"text-align: justify;\">Adem\u00e1s, Alemania pretende ir m\u00e1s all\u00e1 de las medidas de superaci\u00f3n de la crisis, aprovechando los profundos cambios que estamos viviendo a nivel global para dejar atr\u00e1s las formas de trabajar y producir anteriores a la pandemia, especialmente en tres \u00e1reas. La primera de ellas, el compromiso con el medio ambiente. El objetivo de Alemania es encontrar una posici\u00f3n com\u00fan de los Estados miembros sobre una <strong>Ley de Protecci\u00f3n Clim\u00e1tica<\/strong> que otorgue fuerza jur\u00eddica al compromiso com\u00fan de neutralidad energ\u00e9tica.<\/p>\n<p style=\"text-align: justify;\">Se buscar\u00e1 tambi\u00e9n el avance digital, a trav\u00e9s del fortalecimiento de la soberan\u00eda digital y tecnol\u00f3gica de la UE, de tal forma que sea capaz de decidir en qu\u00e9 sectores tecnol\u00f3gicos quiere ser independiente del resto.<\/p>\n<p style=\"text-align: justify;\">Por \u00faltimo, la UE tiene que asumir sus responsabilidades internacionales. El embajador recuerda que \u201cla Covid-19 solo puede vencerse con cooperaci\u00f3n y coordinaci\u00f3n internacional estrecha\u201d. Por ello, <strong>Alemania trabajar\u00e1 durante su presidencia para fortalecer las instituciones multilaterales<\/strong>, la cooperaci\u00f3n con los actores clave a nivel internacional y la provisi\u00f3n de los recursos necesarios para superar esta crisis, menciona especialmente, la necesidad de apoyar al continente africano y los Balcanes occidentales en la lucha contra la Covid, as\u00ed como de intensificar la cooperaci\u00f3n con China, y el compromiso activo con el principio de reciprocidad en todos los \u00e1mbitos pol\u00edticos.<\/p>\n<p style=\"text-align: justify;\">Otro de los temas de la presidencia alemana va a ser la relaci\u00f3n entre Reino unido y la UE. El objetivo es llevar a buen t\u00e9rmino las relaciones entre ambos y establecer un acuerdo que establezca un v\u00ednculo econ\u00f3mico y pol\u00edtico lo m\u00e1s estrecho posible sin comprometer el marco jur\u00eddico e institucional de la UE, especialmente el mercado interior, pero al mismo tiempo, prepararse para un hipot\u00e9tico escenario de \u201cno deal\u201d con Reino Unido, de tal forma que se minimicen sus efectos, un resultado que el embajador califica de \u201cabsolutamente no deseado, pero para el que conviene estar preparados\u201d.<\/p>\n<p>Sof\u00eda Alfayate<\/p>\n<p><!--:--><\/p>\n","protected":false},"excerpt":{"rendered":"<p>Cuando Alemania comenz\u00f3 a preparar el programa de su presidencia, hace casi dos a\u00f1os, no se imaginaba que iba a ser necesario que sus esfuerzos girasen en torno a un [&hellip;]<\/p>\n","protected":false},"author":3,"featured_media":17978,"comment_status":"closed","ping_status":"closed","sticky":false,"template":"","format":"standard","meta":{"_acf_changed":false,"footnotes":""},"categories":[8],"tags":[],"class_list":["post-9468","post","type-post","status-publish","format-standard","has-post-thumbnail","hentry","category-conferencias-y-seminarios"],"acf":[],"_links":{"self":[{"href":"https:\/\/fundacionincipe.com\/index.php\/wp-json\/wp\/v2\/posts\/9468","targetHints":{"allow":["GET"]}}],"collection":[{"href":"https:\/\/fundacionincipe.com\/index.php\/wp-json\/wp\/v2\/posts"}],"about":[{"href":"https:\/\/fundacionincipe.com\/index.php\/wp-json\/wp\/v2\/types\/post"}],"author":[{"embeddable":true,"href":"https:\/\/fundacionincipe.com\/index.php\/wp-json\/wp\/v2\/users\/3"}],"replies":[{"embeddable":true,"href":"https:\/\/fundacionincipe.com\/index.php\/wp-json\/wp\/v2\/comments?post=9468"}],"version-history":[{"count":1,"href":"https:\/\/fundacionincipe.com\/index.php\/wp-json\/wp\/v2\/posts\/9468\/revisions"}],"predecessor-version":[{"id":17979,"href":"https:\/\/fundacionincipe.com\/index.php\/wp-json\/wp\/v2\/posts\/9468\/revisions\/17979"}],"wp:featuredmedia":[{"embeddable":true,"href":"https:\/\/fundacionincipe.com\/index.php\/wp-json\/wp\/v2\/media\/17978"}],"wp:attachment":[{"href":"https:\/\/fundacionincipe.com\/index.php\/wp-json\/wp\/v2\/media?parent=9468"}],"wp:term":[{"taxonomy":"category","embeddable":true,"href":"https:\/\/fundacionincipe.com\/index.php\/wp-json\/wp\/v2\/categories?post=9468"},{"taxonomy":"post_tag","embeddable":true,"href":"https:\/\/fundacionincipe.com\/index.php\/wp-json\/wp\/v2\/tags?post=9468"}],"curies":[{"name":"wp","href":"https:\/\/api.w.org\/{rel}","templated":true}]}}