{"id":9467,"date":"2020-07-01T12:17:39","date_gmt":"2020-07-01T10:17:39","guid":{"rendered":"http:\/\/www.incipe.org\/?p=6880"},"modified":"2024-11-13T13:52:42","modified_gmt":"2024-11-13T13:52:42","slug":"global-peace-index-2020-and-covid-peace","status":"publish","type":"post","link":"https:\/\/fundacionincipe.com\/index.php\/2020\/07\/01\/global-peace-index-2020-and-covid-peace\/","title":{"rendered":"Global Peace Index 2020 and Covid &#038; Peace"},"content":{"rendered":"\n<p>La sesi\u00f3n se desarroll\u00f3 en ingl\u00e9s y congreg\u00f3 a una audiencia interesada en conocer el estado actual de los medidores de paz dom\u00e9stica e internacional. Para ello, contamos con la participaci\u00f3n de Serge Stroobants, representante del <em>think tank<\/em> australiano <em>Instituto para la Econom\u00eda y la Paz.<\/em> Durante la sesi\u00f3n, Serge Stroobants present\u00f3 un <strong>an\u00e1lisis detallado del informe de 2020 del \u00cdndice Global de Paz<\/strong>, elaborado por el Instituto para la Econom\u00eda y la Paz. Este \u00ed<strong>ndice clasifica a 163 pa\u00edses y territorios seg\u00fan sus niveles de paz mediante 23 indicadores<\/strong>, que pueden clasificarse en tres categor\u00edas: medidores de conflicto nacional e internacional, medidores de seguridad social y medidores militarizaci\u00f3n.<\/p>\n\n\n\n<p>Al analizar los resultados de 2020, el ponente se\u00f1ala que estos revelaron un <strong>leve descenso global en la paz del 0,34%, marcando la novena disminuci\u00f3n en 12 a\u00f1os<\/strong>. El informe tambi\u00e9n destaca los pa\u00edses con mayores mejoras, como Azerbaiy\u00e1n y Armenia, y las principales ca\u00eddas, como Ben\u00edn y Nicaragua, as\u00ed como la persistencia de patrones regionales: Europa es la regi\u00f3n m\u00e1s pac\u00edfica, mientras que Oriente Medio y el norte de \u00c1frica siguen siendo las menos pac\u00edficas. Stroobants se\u00f1ala que los datos analizados en el informe manifiestan una creciente brecha entre los pa\u00edses m\u00e1s y menos pac\u00edficos.<\/p>\n\n\n\n<p>El informe subraya, adem\u00e1s, el<strong> impacto econ\u00f3mico de la violencia, que en 2020 se estim\u00f3 en $14.5 billones, equivalentes al 10,6% del PIB mundial<\/strong>. El ponente tambi\u00e9n destaca un cap\u00edtulo especial del informe sobre los efectos de la COVID-19 en la paz, exponiendo que la pandemia ha afectado especialmente a los pa\u00edses con menor paz y menos recursos econ\u00f3micos. Adem\u00e1s, dentro de los pa\u00edses con altos niveles de paz, aquellos con econom\u00edas m\u00e1s fr\u00e1giles enfrentar\u00e1n una recuperaci\u00f3n m\u00e1s lenta.<\/p>\n\n\n\n<p>Finalmente, el informe explora la relaci\u00f3n entre paz y amenazas ecol\u00f3gicas, resaltando el impacto creciente de la crisis clim\u00e1tica en los niveles de paz global. Como ejemplo, Stroobants se\u00f1ala como la escasez de agua afecta de forma m\u00e1s grave a las regiones tambi\u00e9n marcadas por altos \u00edndices de violencia.<\/p>\n\n\n\n<p>La sesi\u00f3n concluy\u00f3 con un debate donde los participantes pudieron plantear preguntas sobre los temas tratados. Este intercambio subray\u00f3 la relevancia de comprender el an\u00e1lisis de los factores que contribuyen a la paz y la estabilidad mundial.\u00a0<\/p>\n\n\n\n<p>Luc\u00eda Rodr\u00edguez<\/p>\n","protected":false},"excerpt":{"rendered":"<p>La sesi\u00f3n se desarroll\u00f3 en ingl\u00e9s y congreg\u00f3 a una audiencia interesada en conocer el estado actual de los medidores de paz dom\u00e9stica e internacional. Para ello, contamos con la [&hellip;]<\/p>\n","protected":false},"author":3,"featured_media":17985,"comment_status":"closed","ping_status":"closed","sticky":false,"template":"","format":"standard","meta":{"_acf_changed":false,"footnotes":""},"categories":[8],"tags":[],"class_list":["post-9467","post","type-post","status-publish","format-standard","has-post-thumbnail","hentry","category-conferencias-y-seminarios"],"acf":[],"_links":{"self":[{"href":"https:\/\/fundacionincipe.com\/index.php\/wp-json\/wp\/v2\/posts\/9467","targetHints":{"allow":["GET"]}}],"collection":[{"href":"https:\/\/fundacionincipe.com\/index.php\/wp-json\/wp\/v2\/posts"}],"about":[{"href":"https:\/\/fundacionincipe.com\/index.php\/wp-json\/wp\/v2\/types\/post"}],"author":[{"embeddable":true,"href":"https:\/\/fundacionincipe.com\/index.php\/wp-json\/wp\/v2\/users\/3"}],"replies":[{"embeddable":true,"href":"https:\/\/fundacionincipe.com\/index.php\/wp-json\/wp\/v2\/comments?post=9467"}],"version-history":[{"count":3,"href":"https:\/\/fundacionincipe.com\/index.php\/wp-json\/wp\/v2\/posts\/9467\/revisions"}],"predecessor-version":[{"id":18530,"href":"https:\/\/fundacionincipe.com\/index.php\/wp-json\/wp\/v2\/posts\/9467\/revisions\/18530"}],"wp:featuredmedia":[{"embeddable":true,"href":"https:\/\/fundacionincipe.com\/index.php\/wp-json\/wp\/v2\/media\/17985"}],"wp:attachment":[{"href":"https:\/\/fundacionincipe.com\/index.php\/wp-json\/wp\/v2\/media?parent=9467"}],"wp:term":[{"taxonomy":"category","embeddable":true,"href":"https:\/\/fundacionincipe.com\/index.php\/wp-json\/wp\/v2\/categories?post=9467"},{"taxonomy":"post_tag","embeddable":true,"href":"https:\/\/fundacionincipe.com\/index.php\/wp-json\/wp\/v2\/tags?post=9467"}],"curies":[{"name":"wp","href":"https:\/\/api.w.org\/{rel}","templated":true}]}}