{"id":9466,"date":"2020-10-15T12:09:55","date_gmt":"2020-10-15T10:09:55","guid":{"rendered":"http:\/\/www.incipe.org\/?p=6874"},"modified":"2024-10-22T11:10:21","modified_gmt":"2024-10-22T11:10:21","slug":"la-revolucion-post-mao-de-deng-xiaoping","status":"publish","type":"post","link":"https:\/\/fundacionincipe.com\/index.php\/2020\/10\/15\/la-revolucion-post-mao-de-deng-xiaoping\/","title":{"rendered":"La revoluci\u00f3n post-Mao de Deng Xiaoping"},"content":{"rendered":"<p><!--:es--><\/p>\n<p style=\"text-align: justify;\">El embajador Bregolat comienza su ponencia con una observaci\u00f3n: \u201cpor muy f\u00e9rrea que sea una dictadura, y por muy brutal que sea -como lo fue la de Mao-, siempre hay gente en los escalones superiores del poder que piensan por su cuenta, que sacan sus propias conclusiones y que si la ocasi\u00f3n se presenta, cambian todo\u201d. Para Bregolat, en el contexto chino, esa persona es Deng Xiaoping. Deng plante\u00f3 la necesidad de introducir mecanismos de mercado en la econom\u00eda china como v\u00eda para evitar que el partido comunista chino perdiera su legitimidad entre la poblaci\u00f3n por un lado, y que las potencias occidentales sometiesen al pa\u00eds a otro siglo de humillaci\u00f3n, por otro. De esta forma, en vez de continuar con el intento de construir la utop\u00eda igualitaria como s\u00ed hizo Mao, se dedic\u00f3 a <strong>construir una econom\u00eda hibrida entre mercado y Estado<\/strong>, en la que el equilibrio de poder entre los dos actores principales lleva siendo objetivo de debate desde que se formul\u00f3, pero que, seg\u00fan uno de los mayores economistas se basa en <strong>\u00abel predominio de la propiedad p\u00fablica, coexistiendo con otras formas de propiedad, con pleno juego de mercado y el plan como gu\u00eda\u00bb<\/strong>.<\/p>\n<p style=\"text-align: justify;\">Hoy en d\u00eda, recuerda Bregolat, \u201cel sector publico consiste en aproximadamente un centenar de grandes empresas estatales, que producen un tercio del PIB, mientras que los otros dos tercios est\u00e1n en manos del sector privado\u201d una situaci\u00f3n que continua teniendo detractores, partidarios de un mayor protagonismo del sector estatal.<\/p>\n<p style=\"text-align: justify;\">En cualquier caso, el resultado de estas reformas econ\u00f3micas es de un \u00e9xito sin precedentes. <strong>China ha supuesto un hito hist\u00f3rico en la capacidad de desarrollo econ\u00f3mico<\/strong>, al pasar de representar el 6% del PIB de Estados Unidos, a dos tercios en la actualizad y sin tener en cuenta las cifras del 2020, que son m\u00e1s favorables a\u00fan para el gigante asi\u00e1tico, convirti\u00e9ndole en una amenaza para el resto del mundo en general, y para Estados Unidos especialmente.<\/p>\n<p style=\"text-align: justify;\">No obstante, China tambi\u00e9n cuenta con problemas que afectan a su econom\u00eda. Una demograf\u00eda envejecida, desigualdades econ\u00f3micas, una creciente deuda p\u00fablica, corrupci\u00f3n pol\u00edtica o la degradaci\u00f3n medioambiental son alguno de ellos. De esta forma y en torno a la recomendaci\u00f3n de no infravalorar la capacidad del mandarinato, Bregolat plantea si, quiz\u00e1s, el aumento de la complejidad social derivada de su propio \u00e9xito como Estado puede mermar la capacidad de respuesta del partido, al quedar por debajo de este.<\/p>\n<p style=\"text-align: justify;\">Ya <strong>en el a\u00f1o 1986 se intent\u00f3 una separaci\u00f3n entre la direcci\u00f3n del partido comunista y el Estado Chino<\/strong>. Una separaci\u00f3n que, tras los sucesos de la plaza de Tiananm\u00e9n se congel\u00f3, frenado as\u00ed, seg\u00fan la perspectiva occidental, la reforma pol\u00edtica en el pa\u00eds. Bregolat recuerda, en este sentido, que <strong>\u201cmirar a China con las gafas occidentales es un error\u201d<\/strong> y que s\u00ed se han producido reformas pol\u00edticas en el pa\u00eds, pero en torno a lo que ellos llaman perfeccionamiento de la democracia socialista. En cualquier caso, concluye el embajador, China y occidente est\u00e1n obligados a acomodarse mutuamente, y es que \u201ces la cooperaci\u00f3n y no la confrontaci\u00f3n entre ambos, lo que se necesita para que el mundo vaya a mejor\u201d.<\/p>\n<p>Sof\u00eda Alfayate<\/p>\n<p><!--:--><\/p>\n","protected":false},"excerpt":{"rendered":"<p>El embajador Bregolat comienza su ponencia con una observaci\u00f3n: \u201cpor muy f\u00e9rrea que sea una dictadura, y por muy brutal que sea -como lo fue la de Mao-, siempre hay [&hellip;]<\/p>\n","protected":false},"author":4,"featured_media":14248,"comment_status":"closed","ping_status":"closed","sticky":false,"template":"","format":"standard","meta":{"_acf_changed":false,"footnotes":""},"categories":[8],"tags":[],"class_list":["post-9466","post","type-post","status-publish","format-standard","has-post-thumbnail","hentry","category-conferencias-y-seminarios"],"acf":[],"_links":{"self":[{"href":"https:\/\/fundacionincipe.com\/index.php\/wp-json\/wp\/v2\/posts\/9466","targetHints":{"allow":["GET"]}}],"collection":[{"href":"https:\/\/fundacionincipe.com\/index.php\/wp-json\/wp\/v2\/posts"}],"about":[{"href":"https:\/\/fundacionincipe.com\/index.php\/wp-json\/wp\/v2\/types\/post"}],"author":[{"embeddable":true,"href":"https:\/\/fundacionincipe.com\/index.php\/wp-json\/wp\/v2\/users\/4"}],"replies":[{"embeddable":true,"href":"https:\/\/fundacionincipe.com\/index.php\/wp-json\/wp\/v2\/comments?post=9466"}],"version-history":[{"count":5,"href":"https:\/\/fundacionincipe.com\/index.php\/wp-json\/wp\/v2\/posts\/9466\/revisions"}],"predecessor-version":[{"id":17971,"href":"https:\/\/fundacionincipe.com\/index.php\/wp-json\/wp\/v2\/posts\/9466\/revisions\/17971"}],"wp:featuredmedia":[{"embeddable":true,"href":"https:\/\/fundacionincipe.com\/index.php\/wp-json\/wp\/v2\/media\/14248"}],"wp:attachment":[{"href":"https:\/\/fundacionincipe.com\/index.php\/wp-json\/wp\/v2\/media?parent=9466"}],"wp:term":[{"taxonomy":"category","embeddable":true,"href":"https:\/\/fundacionincipe.com\/index.php\/wp-json\/wp\/v2\/categories?post=9466"},{"taxonomy":"post_tag","embeddable":true,"href":"https:\/\/fundacionincipe.com\/index.php\/wp-json\/wp\/v2\/tags?post=9466"}],"curies":[{"name":"wp","href":"https:\/\/api.w.org\/{rel}","templated":true}]}}