{"id":9465,"date":"2020-10-19T12:08:34","date_gmt":"2020-10-19T10:08:34","guid":{"rendered":"http:\/\/www.incipe.org\/?p=6872"},"modified":"2024-10-22T11:07:20","modified_gmt":"2024-10-22T11:07:20","slug":"el-75-aniversario-de-las-naciones-unidas","status":"publish","type":"post","link":"https:\/\/fundacionincipe.com\/index.php\/2020\/10\/19\/el-75-aniversario-de-las-naciones-unidas\/","title":{"rendered":"El 75 aniversario de las Naciones Unidas"},"content":{"rendered":"<p><!--:es--><\/p>\n<p style=\"text-align: justify;\">El encuentro se enmarca dentro de la conmemoraci\u00f3n del <strong>75 aniversario de las Naciones Unidas<\/strong>, con el objetivo de visibilizar la importancia de la ONU en nuestro pasado, presente y futuro y reflexionar sobre el papel de Espa\u00f1a dentro de la organizaci\u00f3n. Al inicio de su intervenci\u00f3n, el director general Marcos G\u00f3mez ha se\u00f1alado los tres principales ejes en los que centrar\u00e1 su an\u00e1lisis: la importancia del papel de la ONU en el mundo actual y en la configuraci\u00f3n internacional; las \u201csombras\u201d que est\u00e1n afectando a la situaci\u00f3n internacional en su conjunto como a la propia organizaci\u00f3n; y, por \u00faltimo, una propuesta de ideas sobre c\u00f3mo debe ser la ONU acorde con el mundo que queremos.<\/p>\n<p style=\"text-align: justify;\">El nacimiento de las Naciones Unidas estuvo marcado por la Segunda Guerra Mundial y el fracaso de la Liga de Naciones. Como se\u00f1ala la Carta de San Francisco en su <a title=\"pre\u00e1mbulo carta de san francisco\" href=\"https:\/\/www.un.org\/es\/sections\/un-charter\/preamble\/index.html\" target=\"_blank\" rel=\"noopener noreferrer\">pre\u00e1mbulo<\/a>, la ONU nac\u00edo con el fin primoral de <strong>&#8220;preservar a las generaciones futuras del flagelo de la guerra&#8221;<\/strong>. Pese a las dificultades, se han alcanzado logros muy importantes para el mantenimiento de la paz, a trav\u00e9s de mecanismos como los Cascos Azules, ACNUR o el Programa Mundial de Alimentos (PMA). Actualmente, Naciones Unidas lidera los programas de desarrollo sostenible en el marco de la Agenda 2030.<\/p>\n<p style=\"text-align: justify;\">Pese a los logros alcanzados, asistimos a un cuestionamiento de la organizaci\u00f3n fruto de un contexto actual que ha puesto en evidencia las fragilidades del mundo. La naturaleza de los conflictos ha cambiado, predominando los de naturaleza asim\u00e9trica, como el terrorismo. Por otro lado, la globalizaci\u00f3n y sus mecanismos est\u00e1n suponiendo un asunto de enorme controversia, cuesti\u00f3n particularmente evidente en el sistema de comercio internacional. Paralelamente, los ciudadanos est\u00e1n perdiendo la confianza en las instituciones, tanto nacionales como internacionales; tendencia que se ha acentuado a partir de la crisis de 2008. &#8220;En este contexto, la ONU es percibida en algunos sectores como una entidad cara, distante y de escasa utilidad&#8221;, se\u00f1ala Marcos G\u00f3mez.<\/p>\n<p style=\"text-align: justify;\"><strong>Las Naciones Unidas requieren una reforma imprescindible para adaptarse al mundo que queremos<\/strong>. Espa\u00f1a se ha posicionado a favor de un enfoque multilateralista, que parte de la premisa de que los desaf\u00edos a los que nos enfrentamos son principalmente transnacionales. Por tanto, deben ser resueltos a trav\u00e9s de la cooperaci\u00f3n internacional. <strong>&#8220;Se necesita la cooperaci\u00f3n entre los Estados para tratar de solventar cuestiones como el cambio clim\u00e1tico o las pandemias. Espero que el Covid haya tenido el efecto did\u00e1ctico de convencer a los esc\u00e9pticos de que la cooperaci\u00f3n internacional es necesaria&#8221;<\/strong>, apunta Marcos G\u00f3mez.<\/p>\n<p style=\"text-align: justify;\">El presidente del Gobierno de Espa\u00f1a, en su intervenci\u00f3n en la Asamblea General de las Naciones Unidas el pasado 25 de septiembre, expuso <strong>cinco ejes en los que el multilateralismo debe trabajar<\/strong>: reforzar el sistema global de salud; acci\u00f3n clim\u00e1tica y mitigar los efectos del cambio clim\u00e1tico; reforzar el sistema multilateral; defender la democracia y los derechos humanos y, por \u00faltimo, apostar por el multilateralismo financiero.<\/p>\n<p style=\"text-align: justify;\">Tras la intervenci\u00f3n del director general de Naciones Unidas y Derechos Humanos del MAEC, Marcos G\u00f3mez, el moderador del debate di\u00f3 paso al turno de preguntas que los participantes plantearon a trav\u00e9s del chat de YouTube, Twitter o correo electr\u00f3nico. Algunas de las cuestiones planteadas hicieron referencia a la reforma del Consejo de Seguridad, los Estados miembros del Consejo de Derechos Humanos y las operaciones de mantenimiento de la paz.<\/p>\n<p style=\"text-align: justify;\">Aranzazu \u00c1lvarez<\/p>\n<p><!--:--><\/p>\n","protected":false},"excerpt":{"rendered":"<p>El encuentro se enmarca dentro de la conmemoraci\u00f3n del 75 aniversario de las Naciones Unidas, con el objetivo de visibilizar la importancia de la ONU en nuestro pasado, presente y [&hellip;]<\/p>\n","protected":false},"author":3,"featured_media":17967,"comment_status":"closed","ping_status":"closed","sticky":false,"template":"","format":"standard","meta":{"_acf_changed":false,"footnotes":""},"categories":[8],"tags":[],"class_list":["post-9465","post","type-post","status-publish","format-standard","has-post-thumbnail","hentry","category-conferencias-y-seminarios"],"acf":[],"_links":{"self":[{"href":"https:\/\/fundacionincipe.com\/index.php\/wp-json\/wp\/v2\/posts\/9465","targetHints":{"allow":["GET"]}}],"collection":[{"href":"https:\/\/fundacionincipe.com\/index.php\/wp-json\/wp\/v2\/posts"}],"about":[{"href":"https:\/\/fundacionincipe.com\/index.php\/wp-json\/wp\/v2\/types\/post"}],"author":[{"embeddable":true,"href":"https:\/\/fundacionincipe.com\/index.php\/wp-json\/wp\/v2\/users\/3"}],"replies":[{"embeddable":true,"href":"https:\/\/fundacionincipe.com\/index.php\/wp-json\/wp\/v2\/comments?post=9465"}],"version-history":[{"count":3,"href":"https:\/\/fundacionincipe.com\/index.php\/wp-json\/wp\/v2\/posts\/9465\/revisions"}],"predecessor-version":[{"id":17969,"href":"https:\/\/fundacionincipe.com\/index.php\/wp-json\/wp\/v2\/posts\/9465\/revisions\/17969"}],"wp:featuredmedia":[{"embeddable":true,"href":"https:\/\/fundacionincipe.com\/index.php\/wp-json\/wp\/v2\/media\/17967"}],"wp:attachment":[{"href":"https:\/\/fundacionincipe.com\/index.php\/wp-json\/wp\/v2\/media?parent=9465"}],"wp:term":[{"taxonomy":"category","embeddable":true,"href":"https:\/\/fundacionincipe.com\/index.php\/wp-json\/wp\/v2\/categories?post=9465"},{"taxonomy":"post_tag","embeddable":true,"href":"https:\/\/fundacionincipe.com\/index.php\/wp-json\/wp\/v2\/tags?post=9465"}],"curies":[{"name":"wp","href":"https:\/\/api.w.org\/{rel}","templated":true}]}}