{"id":9464,"date":"2020-11-17T13:42:33","date_gmt":"2020-11-17T12:42:33","guid":{"rendered":"http:\/\/www.incipe.org\/?p=6868"},"modified":"2025-03-17T15:26:52","modified_gmt":"2025-03-17T15:26:52","slug":"la-politica-exterior-espanola-en-tiempos-de-covid","status":"publish","type":"post","link":"https:\/\/fundacionincipe.com\/index.php\/2020\/11\/17\/la-politica-exterior-espanola-en-tiempos-de-covid\/","title":{"rendered":"La Pol\u00edtica Exterior espa\u00f1ola en tiempos de Covid"},"content":{"rendered":"<p><!--:es--><\/p>\n<p>Como consecuencia de la pandemia nos encontramos en un contexto en el que es complicado hacer una pol\u00edtica exterior convencional. Sin embargo, Espa\u00f1a apuesta por una profunda y honesta ambici\u00f3n hacia una mejora social, econ\u00f3mica y medioambiental, adquiriendo un car\u00e1cter neutral. Para ello, se han dise\u00f1ado cinco ejes en los que sustentar la pol\u00edtica exterior espa\u00f1ola:<\/p>\n<p>&#8211; Reforzar la democracia, el Estado de derecho y la promoci\u00f3n y defensa de los derechos humanos.<br \/>\n&#8211; Fomentar la integraci\u00f3n regional y el orden multilateral.<br \/>\n&#8211; Impulsar la econom\u00eda espa\u00f1ola.<br \/>\n&#8211; Desarrollar pol\u00edticas sostenibles en el marco com\u00fan del cumplimiento de los Objetivos de Desarrollo Sostenible (ODS) y de la lucha contra el cambio clim\u00e1tico.<br \/>\n&#8211; Universalizaci\u00f3n de instrumentos esenciales para la digitalizaci\u00f3n, uno de los retos del siglo XXI.<\/p>\n<p>Asimismo, Cristina Gallach subray\u00f3 que las relaciones exteriores no deben ser de suma cero. Las relaciones cultivadas con pa\u00edses no pueden verse perjudicadas para favorecer a otros socios estrat\u00e9gicos. La gesti\u00f3n internacional de la COVID.19 ha puesto en evidencia una necesaria coordinaci\u00f3n y cooperaci\u00f3n multilateral, prioritariamente entre los pa\u00edses de la Uni\u00f3n Europea.<\/p>\n<p>Aranzazu \u00c1lvarez<\/p>\n<p><!--:--><\/p>\n","protected":false},"excerpt":{"rendered":"<p>Como consecuencia de la pandemia nos encontramos en un contexto en el que es complicado hacer una pol\u00edtica exterior convencional. Sin embargo, Espa\u00f1a apuesta por una profunda y honesta ambici\u00f3n [&hellip;]<\/p>\n","protected":false},"author":3,"featured_media":17956,"comment_status":"closed","ping_status":"closed","sticky":false,"template":"","format":"standard","meta":{"_acf_changed":false,"footnotes":""},"categories":[8],"tags":[],"class_list":["post-9464","post","type-post","status-publish","format-standard","has-post-thumbnail","hentry","category-conferencias-y-seminarios"],"acf":[],"_links":{"self":[{"href":"https:\/\/fundacionincipe.com\/index.php\/wp-json\/wp\/v2\/posts\/9464","targetHints":{"allow":["GET"]}}],"collection":[{"href":"https:\/\/fundacionincipe.com\/index.php\/wp-json\/wp\/v2\/posts"}],"about":[{"href":"https:\/\/fundacionincipe.com\/index.php\/wp-json\/wp\/v2\/types\/post"}],"author":[{"embeddable":true,"href":"https:\/\/fundacionincipe.com\/index.php\/wp-json\/wp\/v2\/users\/3"}],"replies":[{"embeddable":true,"href":"https:\/\/fundacionincipe.com\/index.php\/wp-json\/wp\/v2\/comments?post=9464"}],"version-history":[{"count":3,"href":"https:\/\/fundacionincipe.com\/index.php\/wp-json\/wp\/v2\/posts\/9464\/revisions"}],"predecessor-version":[{"id":22063,"href":"https:\/\/fundacionincipe.com\/index.php\/wp-json\/wp\/v2\/posts\/9464\/revisions\/22063"}],"wp:featuredmedia":[{"embeddable":true,"href":"https:\/\/fundacionincipe.com\/index.php\/wp-json\/wp\/v2\/media\/17956"}],"wp:attachment":[{"href":"https:\/\/fundacionincipe.com\/index.php\/wp-json\/wp\/v2\/media?parent=9464"}],"wp:term":[{"taxonomy":"category","embeddable":true,"href":"https:\/\/fundacionincipe.com\/index.php\/wp-json\/wp\/v2\/categories?post=9464"},{"taxonomy":"post_tag","embeddable":true,"href":"https:\/\/fundacionincipe.com\/index.php\/wp-json\/wp\/v2\/tags?post=9464"}],"curies":[{"name":"wp","href":"https:\/\/api.w.org\/{rel}","templated":true}]}}