{"id":9463,"date":"2021-01-22T13:08:31","date_gmt":"2021-01-22T12:08:31","guid":{"rendered":"http:\/\/www.incipe.org\/?p=6852"},"modified":"2024-10-22T10:33:40","modified_gmt":"2024-10-22T10:33:40","slug":"la-presidencia-portuguesa-de-la-union-europea","status":"publish","type":"post","link":"https:\/\/fundacionincipe.com\/index.php\/2021\/01\/22\/la-presidencia-portuguesa-de-la-union-europea\/","title":{"rendered":"La presidencia portuguesa de la Uni\u00f3n Europea"},"content":{"rendered":"<p><!--:es--><\/p>\n<p style=\"text-align: justify;\">Bajo el lema T<em>iempo de actuar: por una recuperaci\u00f3n justa, verde y digital<\/em> Portugal inicia su cuarta Presidencia del Consejo de la Uni\u00f3n Europea, centr\u00e1ndose en cinco prioridades, alineadas con los objetivos de la Agenda Estrat\u00e9gica de la UE:<\/p>\n<ul>\n<li>reforzar la resiliencia de Europa,<\/li>\n<li>fomentar la confianza en el modelo social europeo,<\/li>\n<li>promover una recuperaci\u00f3n sostenible,<\/li>\n<li>acelerar una transici\u00f3n digital justa e inclusiva,<\/li>\n<li>reafirmar el papel de la UE en el mundo, asegur\u00e1ndose de que se basa en la apertura y el multilateralismo.<\/li>\n<li><\/li>\n<\/ul>\n<p style=\"text-align: justify;\"><strong><em>Tiempo de actuar: por una recuperaci\u00f3n justa, verde y digital\u00a0<\/em><\/strong> es sin\u00f3nimo de aquellos ejes que estructuraran su Presidencia. La justicia social, la protecci\u00f3n del medioambiente y el cambio digital son claves para la recuperaci\u00f3n de la Uni\u00f3n Europea. Portugal toma el relevo de Alemania, siendo la tercera Presidencia que se enfrenta a los enormes retos que ha supuesto la Covid-19 a nivel comunitario, tales como: la implementaci\u00f3n del marco financiero plurianual, el plan de recuperaci\u00f3n y la compleja campa\u00f1a de vacunaci\u00f3n. La estrategia de vacunaci\u00f3n es una prioridad absoluta en la agenda comunitaria para poner en marcha una \u00abverdadera uni\u00f3n para la salud\u00bb,<\/p>\n<p style=\"text-align: justify;\">Asimismo, la Uni\u00f3n Europea afronta desaf\u00edos internos como consecuencia del proceso de negociaci\u00f3n de los fondos de recuperaci\u00f3n, que han provocado divisiones entre los estados de la Uni\u00f3n. Es vital recuperar el consenso entre los miembros para una eficaz implementaci\u00f3n de los planes de recuperaci\u00f3n que ser\u00e1n una herramienta fundamental para minimizar el impacto econ\u00f3mico y social de la pandemia.<\/p>\n<p style=\"text-align: justify;\">Adem\u00e1s, la Uni\u00f3n Europea se enfrenta a retos externos, en gran medida marcados por dos escenarios: el Brexit y la nueva Administraci\u00f3n en Estados Unidos. Las negociaciones con Reino Unido siguen en marcha tras el Acuerdo de Comercio y Cooperaci\u00f3n entre la Uni\u00f3n Europea y el Reino Unido firmado el 30 de diciembre, marcando as\u00ed el inicio del periodo de transici\u00f3n. Por otro lado, con la llegada de Joe Biden a la Casa Blanca, la Uni\u00f3n Europea tiene una oportunidad de revitalizar las relaciones con Estados Unidos.<\/p>\n<p style=\"text-align: justify;\">Por \u00fatimo, otra de las prioridades de la Presidencia portuguesa es<strong> reforzar la autonom\u00eda estrategica de Europa y el multilateralismo<\/strong>. En primer lugar, la relevancia de Europa y su capacidad de influencia en el contexto internacional ha descendido en favor de pa\u00edses como China o India. El segundo factor se manifiest\u00f3 durante los primeros meses de pandemia, como resultado de la dependencia de la UE para obtener productos sanitarios esenciales. La Uni\u00f3n necesita diversificar sus fuentes de suministro e incentivar a los pa\u00edses miembros y a sus empresas para aumentar la producci\u00f3n de aquellos bienes estrat\u00e9gicos. Bruselas ya ha dado pasos en esa direcci\u00f3n tras la reciente creaci\u00f3n de la <strong>Alianza Europea de las Materias Primas (ERMA)<\/strong>, que propone acciones para reducir la dependencia de terceros pa\u00edses, fomentar un abastecimiento responsable y respetuoso con el medio ambiente y diversificar las fuentes de suministro.<\/p>\n<p>Aranzazu \u00c1lvarez<br \/>\n<!--:--><\/p>\n","protected":false},"excerpt":{"rendered":"<p>Bajo el lema Tiempo de actuar: por una recuperaci\u00f3n justa, verde y digital Portugal inicia su cuarta Presidencia del Consejo de la Uni\u00f3n Europea, centr\u00e1ndose en cinco prioridades, alineadas con [&hellip;]<\/p>\n","protected":false},"author":3,"featured_media":17939,"comment_status":"closed","ping_status":"closed","sticky":false,"template":"","format":"standard","meta":{"_acf_changed":false,"footnotes":""},"categories":[8],"tags":[],"class_list":["post-9463","post","type-post","status-publish","format-standard","has-post-thumbnail","hentry","category-conferencias-y-seminarios"],"acf":[],"_links":{"self":[{"href":"https:\/\/fundacionincipe.com\/index.php\/wp-json\/wp\/v2\/posts\/9463","targetHints":{"allow":["GET"]}}],"collection":[{"href":"https:\/\/fundacionincipe.com\/index.php\/wp-json\/wp\/v2\/posts"}],"about":[{"href":"https:\/\/fundacionincipe.com\/index.php\/wp-json\/wp\/v2\/types\/post"}],"author":[{"embeddable":true,"href":"https:\/\/fundacionincipe.com\/index.php\/wp-json\/wp\/v2\/users\/3"}],"replies":[{"embeddable":true,"href":"https:\/\/fundacionincipe.com\/index.php\/wp-json\/wp\/v2\/comments?post=9463"}],"version-history":[{"count":2,"href":"https:\/\/fundacionincipe.com\/index.php\/wp-json\/wp\/v2\/posts\/9463\/revisions"}],"predecessor-version":[{"id":17942,"href":"https:\/\/fundacionincipe.com\/index.php\/wp-json\/wp\/v2\/posts\/9463\/revisions\/17942"}],"wp:featuredmedia":[{"embeddable":true,"href":"https:\/\/fundacionincipe.com\/index.php\/wp-json\/wp\/v2\/media\/17939"}],"wp:attachment":[{"href":"https:\/\/fundacionincipe.com\/index.php\/wp-json\/wp\/v2\/media?parent=9463"}],"wp:term":[{"taxonomy":"category","embeddable":true,"href":"https:\/\/fundacionincipe.com\/index.php\/wp-json\/wp\/v2\/categories?post=9463"},{"taxonomy":"post_tag","embeddable":true,"href":"https:\/\/fundacionincipe.com\/index.php\/wp-json\/wp\/v2\/tags?post=9463"}],"curies":[{"name":"wp","href":"https:\/\/api.w.org\/{rel}","templated":true}]}}