{"id":7664,"date":"2022-06-01T10:15:27","date_gmt":"2022-06-01T08:15:27","guid":{"rendered":"http:\/\/www.incipe.org\/?p=7664"},"modified":"2024-10-18T10:24:01","modified_gmt":"2024-10-18T10:24:01","slug":"turkey-eu-relations-in-the-face-of-russian-aggression-against-ukraine","status":"publish","type":"post","link":"https:\/\/fundacionincipe.com\/index.php\/2022\/06\/01\/turkey-eu-relations-in-the-face-of-russian-aggression-against-ukraine\/","title":{"rendered":"Turkey-EU relations in the face of Russian aggression against Ukraine"},"content":{"rendered":"<p><!--:es--><\/p>\n<p style=\"text-align: justify;\"><strong>\u00a0<\/strong>Una guerra en Europa en el siglo XXI era impensable. Pero, a d\u00eda de hoy, se ha visto como un Estado soberano como es Ucrania ha sido atacado por parte de la Federaci\u00f3n Rusa sin excusas ni explicaciones. Es por ello que, seg\u00fan el viceministro Kaymak\u00e7i, desde Occidente <strong>deber\u00edamos plantearnos las razones por las cuales esta guerra ha tenido lugar.<\/strong><\/p>\n<p style=\"text-align: justify;\">Kaymak\u00e7i\u00a0dividi\u00f3 su ponencia remarcando <strong>los seis puntos m\u00e1s importantes de la relaci\u00f3n Turqu\u00eda-Uni\u00f3n Europea<\/strong>, y que son en los que m\u00e1s ha repercutido la invasi\u00f3n a Ucrania.<\/p>\n<p style=\"text-align: justify;\">El primer punto a destacar fue el mecanismo de defensa y seguridad por parte de Occidente. Y es que, dada la amenaza a la cual se enfrenta el continente europeo dentro de sus propias fronteras, es innegable la <strong>necesidad de crear un mecanismo fuerte y que se base en una relaci\u00f3n estrecha entre la OTAN y la Uni\u00f3n Europea<\/strong>.<\/p>\n<p style=\"text-align: justify;\">En cuanto a la seguridad energ\u00e9tica, el se\u00f1or Kaymak\u00e7i asegura que, dada la <strong>dependencia energ\u00e9tica<\/strong> de Europa sobre el gas y petr\u00f3leo ruso, Turqu\u00eda ha invertido en los procesos de diversificaci\u00f3n de rutas y fuentes energ\u00e9ticas; adem\u00e1s de estar en proceso de reconvertirse en un pa\u00eds que abogue por las <strong>energ\u00edas renovables<\/strong>. Todo esto, asegura el viceministro, tambi\u00e9n repercute en la seguridad alimentaria dado el hecho de que Rusia y Ucrania eran los mayores exportadores de grano. <strong>Estos factores encarecen, tanto el proceso de producci\u00f3n, como tambi\u00e9n el producto final<\/strong>; haciendo que la recuperaci\u00f3n econ\u00f3mica (sobre todo despu\u00e9s de la pandemia) sea mucho m\u00e1s dif\u00edcil.<\/p>\n<p style=\"text-align: justify;\">Asimismo, tambi\u00e9n se recalc\u00f3 la necesidad de <strong>mejorar la pol\u00edtica de ampliaci\u00f3n de la Uni\u00f3n Europea<\/strong>. Frente a la amenaza rusa, Ucrania no ha dudado en expresar su deseo de adherirse a la UE. Es, por lo tanto, imperante establecer nuevas pol\u00edticas que permitan la adhesi\u00f3n de los pa\u00edses candidatos en la comunidad.<\/p>\n<p style=\"text-align: justify;\">En conclusi\u00f3n, el viceministro Kaymak\u00e7i remarca la necesidad de <strong>crear un v\u00ednculo mucho m\u00e1s profundo entre la Organizaci\u00f3n Atl\u00e1ntica y la Uni\u00f3n Europea<\/strong>, que consiga dejar de lado esa imagen de debilidad y que haga frente a la amenaza rusa; as\u00ed como tambi\u00e9n a las repercusiones que la guerra est\u00e1 teniendo, no solo en el continente sino tambi\u00e9n en las relaciones Turqu\u00eda-UE.<\/p>\n<p style=\"text-align: justify;\">Judit Anidjar<\/p>\n","protected":false},"excerpt":{"rendered":"<p>\u00a0Una guerra en Europa en el siglo XXI era impensable. Pero, a d\u00eda de hoy, se ha visto como un Estado soberano como es Ucrania ha sido atacado por parte [&hellip;]<\/p>\n","protected":false},"author":3,"featured_media":164,"comment_status":"closed","ping_status":"closed","sticky":false,"template":"","format":"standard","meta":{"_acf_changed":false,"footnotes":""},"categories":[8],"tags":[],"class_list":["post-7664","post","type-post","status-publish","format-standard","has-post-thumbnail","hentry","category-conferencias-y-seminarios"],"acf":[],"_links":{"self":[{"href":"https:\/\/fundacionincipe.com\/index.php\/wp-json\/wp\/v2\/posts\/7664","targetHints":{"allow":["GET"]}}],"collection":[{"href":"https:\/\/fundacionincipe.com\/index.php\/wp-json\/wp\/v2\/posts"}],"about":[{"href":"https:\/\/fundacionincipe.com\/index.php\/wp-json\/wp\/v2\/types\/post"}],"author":[{"embeddable":true,"href":"https:\/\/fundacionincipe.com\/index.php\/wp-json\/wp\/v2\/users\/3"}],"replies":[{"embeddable":true,"href":"https:\/\/fundacionincipe.com\/index.php\/wp-json\/wp\/v2\/comments?post=7664"}],"version-history":[{"count":3,"href":"https:\/\/fundacionincipe.com\/index.php\/wp-json\/wp\/v2\/posts\/7664\/revisions"}],"predecessor-version":[{"id":17745,"href":"https:\/\/fundacionincipe.com\/index.php\/wp-json\/wp\/v2\/posts\/7664\/revisions\/17745"}],"wp:featuredmedia":[{"embeddable":true,"href":"https:\/\/fundacionincipe.com\/index.php\/wp-json\/wp\/v2\/media\/164"}],"wp:attachment":[{"href":"https:\/\/fundacionincipe.com\/index.php\/wp-json\/wp\/v2\/media?parent=7664"}],"wp:term":[{"taxonomy":"category","embeddable":true,"href":"https:\/\/fundacionincipe.com\/index.php\/wp-json\/wp\/v2\/categories?post=7664"},{"taxonomy":"post_tag","embeddable":true,"href":"https:\/\/fundacionincipe.com\/index.php\/wp-json\/wp\/v2\/tags?post=7664"}],"curies":[{"name":"wp","href":"https:\/\/api.w.org\/{rel}","templated":true}]}}