{"id":7530,"date":"2021-10-28T12:14:37","date_gmt":"2021-10-28T10:14:37","guid":{"rendered":"http:\/\/www.incipe.org\/?p=7530"},"modified":"2025-03-11T12:00:30","modified_gmt":"2025-03-11T12:00:30","slug":"xvi-seminario-fuerzas-armadas-y-medios-de-comunicacion","status":"publish","type":"post","link":"https:\/\/fundacionincipe.com\/index.php\/2021\/10\/28\/xvi-seminario-fuerzas-armadas-y-medios-de-comunicacion\/","title":{"rendered":"XVI Seminario Fuerzas Armadas y Medios de Comunicaci\u00f3n"},"content":{"rendered":"\n<p>En esta conferencia tuvimos la oportunidad de organizar dos mesas redondas. La primera, titulada <strong><em>El papel de la Comunidad Internacional en el conflicto de Afganist\u00e1n<\/em><\/strong>, estuvo moderada por <strong>Vicente Garrido<\/strong>, director general de INCIPE. En ella participaron <strong>Gabriel Ferr\u00e1n<\/strong>, diplom\u00e1tico&nbsp; y ex embajador de Espa\u00f1a en Afganist\u00e1n, <strong>Pilar Requena<\/strong>, directora de \u2018Documentos TV\u2019 de RTVE y autora del libro \u201cAfganist\u00e1n\u201d; y Col. <strong>Jos\u00e9 Luis Calvo<\/strong>, director de la Divisi\u00f3n de Coordinaci\u00f3n y Estudios de Seguridad y Defensa del Ministerio de Defensa.<\/p>\n\n\n\n<p>La segunda mesa redonda, titulada <strong><em>La comunicaci\u00f3n del conflicto de Afganist\u00e1n<\/em><\/strong>, estuvo moderada por GB<strong> Alfonso Garc\u00eda-Vaquero, <\/strong>responsable del \u00c1rea de Diplomacia de Defensa en la DIGENPOL, Ministerio de Defensa. En ella participaron <strong>M\u00f3nica Bernab\u00e9, periodista enviada especial a Kabul del diario ARA<\/strong>; <strong>Mikel Ayestaran<\/strong>, periodista-freelance especializado en Oriente Medio; y TCol. <strong>Joaqu\u00edn Aguirre<\/strong>, jefe de la Oficina de Comunicaci\u00f3n del EMAD del Ministerio de Defensa.<\/p>\n\n\n\n<p><strong>Manuel Alabart, secretario general de INCIPE,<\/strong> comenz\u00f3 su intervenci\u00f3n reflexionando sobre la situaci\u00f3n en Afganist\u00e1n y la retirada de la comunidad internacional tras 20 a\u00f1os de presencia en el pa\u00eds. Destac\u00f3 la profesionalidad y responsabilidad de las fuerzas armadas de Espa\u00f1a en su participaci\u00f3n. Alabart enfatiz\u00f3 la necesidad de una profunda reflexi\u00f3n sobre estas dos d\u00e9cadas de intervenci\u00f3n occidental en Afganist\u00e1n y las condiciones adversas en las que se ha llevado a cabo la retirada de la misi\u00f3n.<\/p>\n\n\n\n<p>Por su parte, el<strong> SEGENPOL,<\/strong> <strong>el almirante Juan Francisco Mart\u00ednez N\u00fa\u00f1ez, <\/strong>afirm\u00f3 que la informaci\u00f3n p\u00fablica ha dejado de ser un complemento de las operaciones militares para convertirse en un factor esencial de su \u00e9xito o fracaso. En el contexto de la finalizaci\u00f3n de la presencia en Afganist\u00e1n, subray\u00f3 la relevancia de la imagen y la percepci\u00f3n p\u00fablica del trabajo de los militares. Destac\u00f3 la importancia de combinar informaci\u00f3n veraz y honesta con un enfoque humano y cercano, especialmente ante el creciente papel de lo emocional en la comunicaci\u00f3n. Mart\u00ednez N\u00fa\u00f1ez reflexion\u00f3 sobre las lecciones aprendidas de la intervenci\u00f3n en Afganist\u00e1n. Tambi\u00e9n valor\u00f3 los avances sociales que la intervenci\u00f3n ha aportado al pa\u00eds, subrayando que la informaci\u00f3n p\u00fablica contribuye a concienciar a los ciudadanos sobre estos aspectos.<\/p>\n\n\n\n<p><strong><mark style=\"background-color:rgba(0, 0, 0, 0)\" class=\"has-inline-color has-luminous-vivid-orange-color\">El papel de la Comunidad Internacional en el conflicto de Afganist\u00e1n<\/mark><\/strong><\/p>\n\n\n\n<p>Durante la primera mesa redonda, titulada <strong><em>El papel de la Comunidad Internacional en el conflicto de Afganist\u00e1n<\/em><\/strong>, el <strong>diplom\u00e1tico y ex embajador de Espa\u00f1a en Afganist\u00e1n,<\/strong> <strong>Gabriel Ferr\u00e1n<\/strong>, centr\u00f3 su intervenci\u00f3n en explicar el contexto hist\u00f3rico del pa\u00eds. Se\u00f1al\u00f3 que Afganist\u00e1n entra en la historia europea en el siglo XIX, en el contexto de las rivalidades coloniales entre Rusia e Inglaterra. Ferr\u00e1n ofrece un repaso hist\u00f3rico detallado desde la independencia del pa\u00eds, tras 20 a\u00f1os de protectorado brit\u00e1nico, hasta la entrada de la URSS en Kabul en los a\u00f1os 70 y el triunfo pol\u00edtico de los Talibanes a finales de los 90.<\/p>\n\n\n\n<p>En su intervenci\u00f3n, <strong>Pilar Requena, directora de \u2018Documentos TV\u2019 de RTVE y autora del libro \u201cAfganist\u00e1n\u201d<\/strong>, analiza el desarrollo de los 20 a\u00f1os de presencia militar en el pa\u00eds. Se\u00f1al\u00f3 numerosos errores cometidos por la misi\u00f3n, especialmente en el proceso de &#8220;construcci\u00f3n de la naci\u00f3n afgana&#8221;, en el que no se tuvo en cuenta la cultura ni las normas sociales Afganas como base, sino que se intent\u00f3 transformar la sociedad de manera abrupta de acuerdo con los par\u00e1metros occidentales. Tambi\u00e9n destac\u00f3 la falta de procesos de justicia transicional para abordar las secuelas de la guerra civil afgana. Adem\u00e1s, remarc\u00f3 la p\u00e9rdida de credibilidad de Occidente como consecuencia del fracaso de la misi\u00f3n en Afganist\u00e1n.<\/p>\n\n\n\n<p>Para concluir el turno de intervenciones de la primera mesa redonda, <strong>Col.<\/strong> <strong>Jos\u00e9 Luis Calvo,<\/strong> <strong>director de la Divisi\u00f3n de Coordinaci\u00f3n y Estudios de Seguridad y Defensa del Ministerio de Defensa<\/strong>, analiz\u00f3 la intervenci\u00f3n de la comunidad internacional desde un punto de vista estrat\u00e9gico. Destac\u00f3 que la importancia estrat\u00e9gica de Afganist\u00e1n ha sido hist\u00f3ricamente negativa. Calvo mencion\u00f3 el uso de Afganist\u00e1n como un \u201cestado tap\u00f3n\u201d por parte de sus potencias vecinas a lo largo de la historia. En el caso de EEUU, subray\u00f3 que la importancia estrat\u00e9gica radicaba en la necesidad de combatir a Al Qaeda, impulsada por la opini\u00f3n p\u00fablica tras los atentados del 11S. Resalt\u00f3 finalmente que la manera en que se realiz\u00f3 la retirada ha dejado una muy mala imagen de EEUU como aliado.<\/p>\n\n\n\n<p>Al concluir las intervenciones de los ponentes, se abri\u00f3 un turno de preguntas en el que pudieron participar tanto los asistentes presentes en la sala como aquellos que participaban de manera virtual, abordando diversos aspectos tratados durante la mesa redonda. Este intercambio de ideas y perspectivas permiti\u00f3 ampliar el conocimiento compartido y enriquecer la discusi\u00f3n en el marco del fin de la&nbsp; intervenci\u00f3n en Afganist\u00e1n antes de dar por finalizada la sesi\u00f3n.<\/p>\n\n\n\n<p><strong><mark style=\"background-color:rgba(0, 0, 0, 0)\" class=\"has-inline-color has-luminous-vivid-orange-color\">La comunicaci\u00f3n del conflicto de Afganist\u00e1n<\/mark><\/strong><\/p>\n\n\n\n<p>La segunda mesa redonda, titulada <strong><em>La comunicaci\u00f3n del conflicto de Afganist\u00e1n<\/em><\/strong>, estuvo dedicada a explorar la centralidad de la comunicaci\u00f3n p\u00fablica en las operaciones militares, espec\u00edficamente en la intervenci\u00f3n en Afganist\u00e1n. El primero en tomar la palabra fue <strong>Joaqu\u00edn Aguirre, jefe de la Oficina de Comunicaci\u00f3n del EMAD del Ministerio de Defensa<\/strong>, quien dedic\u00f3 su intervenci\u00f3n a explicar la evoluci\u00f3n de la comunicaci\u00f3n sobre el asunto de Afganist\u00e1n desde 2005 hasta la actualidad. Inicialmente, las noticias se centraban en informar sobre las muertes, en un contexto donde no exist\u00edan redes sociales, tel\u00e9fonos m\u00f3viles ni fotos instant\u00e1neas. Aguirre destac\u00f3 el cambio desde una falta de especializaci\u00f3n en comunicaci\u00f3n hacia una era en la que todo est\u00e1 conectado a trav\u00e9s de las redes sociales y existe un papel especializado en comunicaci\u00f3n dentro de las misiones militares. Este cambio ha sido impulsado por la creciente importancia de la opini\u00f3n p\u00fablica en el apoyo a las operaciones, que puede determinar su continuidad o su finalizaci\u00f3n.<\/p>\n\n\n\n<p>En su intervenci\u00f3n, <strong>Mikel Ayestaran, periodista-freelance especializado en Oriente Medio<\/strong>, analiz\u00f3 dos focos de propaganda y opini\u00f3n p\u00fablica en la comunicaci\u00f3n sobre el fin de la operaci\u00f3n en Afganist\u00e1n. Se\u00f1al\u00f3 que los aliados de la OTAN intentan resaltar su \u00e9xito en la evacuaci\u00f3n, aunque la imagen que prevalece tras 20 a\u00f1os de intervenci\u00f3n es la de una crisis ciudadana provocada por la salida de las tropas estadounidenses. Por otro lado, destac\u00f3 que los talibanes tambi\u00e9n est\u00e1n utilizando la opini\u00f3n p\u00fablica a su favor, alardeando de haber derrotado a la potencia militar m\u00e1s grande del mundo y de haber tomado Kabul con poco enfrentamiento directo. Ayestaran toc\u00f3, adem\u00e1s, dos puntos cruciales: la falta de v\u00edas de acceso seguro para los periodistas a los lugares en conflicto y su sorpresa ante la facilidad de movimiento como periodista bajo el r\u00e9gimen talib\u00e1n en los momentos posteriores a su toma de poder.<\/p>\n\n\n\n<p><strong>M\u00f3nica Bernab\u00e9, periodista enviada especial a Kabul del diario ARA<\/strong>, cerr\u00f3 la segunda mesa redonda destacando la falta de cobertura por parte de los medios espa\u00f1oles del conflicto, a pesar de la significativa aportaci\u00f3n de Espa\u00f1a en n\u00famero de tropas y recursos econ\u00f3micos a la intervenci\u00f3n. Reiter\u00f3 las palabras de Mikel Ayestaran sobre la dificultad de acceso de los periodistas a las tropas, en su caso especialmente a las bases militares espa\u00f1olas; realidad que cambi\u00f3 en 2012 al producirse un cambio en la pol\u00edtica comunicativa. Bernab\u00e9 tambi\u00e9n comparti\u00f3 la perspectiva de Ayestaran respecto a la facilidad de movimiento para los periodistas bajo el r\u00e9gimen talib\u00e1n, aunque advirti\u00f3 que esta pol\u00edtica de comunicaci\u00f3n probablemente cambiar\u00e1 cuando el foco internacional se aleje de Afganist\u00e1n.<\/p>\n\n\n\n<p>Al concluir las intervenciones, se dio paso al segundo debate de la sesi\u00f3n, en el que los participantes presenciales y aquellos que nos acompa\u00f1aban de forma virtual formularon sus preguntas a los ponentes de esta segunda mesa redonda.<\/p>\n\n\n\n<p><strong><mark style=\"background-color:rgba(0, 0, 0, 0)\" class=\"has-inline-color has-luminous-vivid-orange-color\">Clausura del seminario<\/mark><\/strong><\/p>\n\n\n\n<p>Para concluir el seminario contamos con <strong>Yolanda Rodr\u00edguez Vidales, directora de Comunicaci\u00f3n Institucional de la Defensa, Ministerio de Defensa,<\/strong> quien explic\u00f3 el proceso de comunicaci\u00f3n institucional relacionado con la evacuaci\u00f3n en Afganist\u00e1n y c\u00f3mo se intent\u00f3 suplir desde el Ministerio de Defensa la falta de medios de comunicaci\u00f3n presentes en el pa\u00eds. Se\u00f1al\u00f3 que la falta de cobertura informativa se dio en un contexto cargado de dificultades que imped\u00edan permitir la entrada de periodistas en lugares como el aeropuerto de Kabul, debido a la incapacidad de garantizar su seguridad. Esto dio lugar a un vac\u00edo informativo que, en muchos casos, supl\u00edan los propios militares.<\/p>\n\n\n\n<p class=\"has-small-font-size\">Luc\u00eda Rodr\u00edguez<br>Communication Assistant, INCIPE<\/p>\n","protected":false},"excerpt":{"rendered":"<p>En esta conferencia tuvimos la oportunidad de organizar dos mesas redondas. La primera, titulada El papel de la Comunidad Internacional en el conflicto de Afganist\u00e1n, estuvo moderada por Vicente Garrido, [&hellip;]<\/p>\n","protected":false},"author":3,"featured_media":14369,"comment_status":"closed","ping_status":"closed","sticky":false,"template":"","format":"standard","meta":{"_acf_changed":false,"footnotes":""},"categories":[8],"tags":[],"class_list":["post-7530","post","type-post","status-publish","format-standard","has-post-thumbnail","hentry","category-conferencias-y-seminarios"],"acf":[],"_links":{"self":[{"href":"https:\/\/fundacionincipe.com\/index.php\/wp-json\/wp\/v2\/posts\/7530","targetHints":{"allow":["GET"]}}],"collection":[{"href":"https:\/\/fundacionincipe.com\/index.php\/wp-json\/wp\/v2\/posts"}],"about":[{"href":"https:\/\/fundacionincipe.com\/index.php\/wp-json\/wp\/v2\/types\/post"}],"author":[{"embeddable":true,"href":"https:\/\/fundacionincipe.com\/index.php\/wp-json\/wp\/v2\/users\/3"}],"replies":[{"embeddable":true,"href":"https:\/\/fundacionincipe.com\/index.php\/wp-json\/wp\/v2\/comments?post=7530"}],"version-history":[{"count":6,"href":"https:\/\/fundacionincipe.com\/index.php\/wp-json\/wp\/v2\/posts\/7530\/revisions"}],"predecessor-version":[{"id":21683,"href":"https:\/\/fundacionincipe.com\/index.php\/wp-json\/wp\/v2\/posts\/7530\/revisions\/21683"}],"wp:featuredmedia":[{"embeddable":true,"href":"https:\/\/fundacionincipe.com\/index.php\/wp-json\/wp\/v2\/media\/14369"}],"wp:attachment":[{"href":"https:\/\/fundacionincipe.com\/index.php\/wp-json\/wp\/v2\/media?parent=7530"}],"wp:term":[{"taxonomy":"category","embeddable":true,"href":"https:\/\/fundacionincipe.com\/index.php\/wp-json\/wp\/v2\/categories?post=7530"},{"taxonomy":"post_tag","embeddable":true,"href":"https:\/\/fundacionincipe.com\/index.php\/wp-json\/wp\/v2\/tags?post=7530"}],"curies":[{"name":"wp","href":"https:\/\/api.w.org\/{rel}","templated":true}]}}