{"id":7528,"date":"2021-11-12T12:08:25","date_gmt":"2021-11-12T11:08:25","guid":{"rendered":"http:\/\/www.incipe.org\/?p=7528"},"modified":"2024-10-18T11:09:42","modified_gmt":"2024-10-18T11:09:42","slug":"el-futuro-de-europa-retos-y-oportunidades","status":"publish","type":"post","link":"https:\/\/fundacionincipe.com\/index.php\/2021\/11\/12\/el-futuro-de-europa-retos-y-oportunidades\/","title":{"rendered":"El futuro de Europa: retos y oportunidades"},"content":{"rendered":"<p><!--:es--><\/p>\n<p style=\"text-align: justify;\">El ex ministro Garc\u00eda-Margallo dividi\u00f3 su ponencia en tres partes; inici\u00e1ndola con un repaso de los principales acontecimientos de la \u00faltima d\u00e9cada, para posteriormente profundizar con una visi\u00f3n panor\u00e1mica de la situaci\u00f3n actual y, finalmente, propone posibles v\u00edas de acci\u00f3n de cara al futuro.<\/p>\n<p style=\"text-align: justify;\">Seg\u00fan numerosos indicadores globales, esta d\u00e9cada pasada ha tra\u00eddo consigo un deterioro de los derechos humanos y de las instituciones internacionales (a favor del proteccionismo y nacionalismo), un desplazamiento de la econom\u00eda mundial hacia Asia Pac\u00edfico, la p\u00e9rdida progresiva de presencia de la Uni\u00f3n Europea, un crecimiento de la conectividad global y, por \u00faltimo, la crisis sanitaria de la COVID-19.<\/p>\n<p style=\"text-align: justify;\">En cuanto a la nueva d\u00e9cada que afrontamos, hay multitud de ejercicios de prospectiva al respecto. Aqu\u00ed destaca las llamadas <strong>mega-tendencias<\/strong>; f\u00e1ciles de prever con consecuencias a largo plazo. Las m\u00e1s relevantes incluyen el cambio clim\u00e1tico, el envejecimiento y crecimiento desigual de la poblaci\u00f3n y el crecimiento econ\u00f3mico asim\u00e9trico. A pesar de ello, se observan indicadores muy esperanzadores como el descenso de la pobreza extrema.<\/p>\n<p style=\"text-align: justify;\">El <strong>proyecto europeo naci\u00f3 para suplir a tres carencias<\/strong>: paz, recuperar la prosperidad perdida y mantener una posici\u00f3n hegem\u00f3nica en el marco internacional. Se concibi\u00f3 como una uni\u00f3n pol\u00edtica para solucionar problemas de base pol\u00edtica. Finalmente se apost\u00f3 por una uni\u00f3n federal, pero siempre manteniendo los objetivos originales.<\/p>\n<p style=\"text-align: justify;\">Para concluir, el ex ministro Garc\u00eda-Margallo divisa una estrategia para avanzar hacia esa uni\u00f3n pol\u00edtica que se divisaba en los or\u00edgenes de la Uni\u00f3n Europea. En primer lugar, es necesario fijar las fronteras, es decir, suspender las ampliaciones hasta que se recupere la estabilidad. Ser\u00eda posible incluso considerar, parad\u00f3jicamente, el Brexit como una oportunidad, ya que tradicionalmente han obstaculizado el proceso de uni\u00f3n pol\u00edtica. En segundo lugar, convendr\u00eda establecer un sistema escalonado, partiendo de c\u00edrculos conc\u00e9ntricos: un n\u00facleo federal, a\u00f1adido a \u00e9ste un anillo confederal con aquellos estados que no forman parte de la uni\u00f3n econ\u00f3mica y monetaria y, finalmente, un c\u00edrculo exterior m\u00e1s novedoso conteniendo a los estados que tengan acceso a todo menos a las instituciones.<\/p>\n<p style=\"text-align: justify;\">Por \u00faltimo, se\u00f1ala las <strong>\u201casignaturas pendientes\u201d de la Uni\u00f3n Europea<\/strong>, principalmente comprendiendo la revisi\u00f3n del <strong>Convenio de Dubl\u00edn<\/strong> sobre inmigraci\u00f3n y solicitantes de asilo, el establecimiento de una estrategia com\u00fan de inmigraci\u00f3n y una pol\u00edtica de seguridad com\u00fan real y efectiva, y el perfeccionamiento del mercado de capitales.<\/p>\n<p>Mar\u00eda de Alfonso<\/p>\n","protected":false},"excerpt":{"rendered":"<p>El 12 de noviembre INCIPE celebr\u00f3 la cuarta sesi\u00f3m del IV Ciclo de Encuentros Digitales Grandes Potencias, dedicado a la Uni\u00f3n Europea con un evento titulado El futuro de Europa: retos y oportunidades. Esta actividad cont\u00f3 con la participaci\u00f3n de Jos\u00e9 Manuel Garc\u00eda-Margallo, eurodiputado y ex ministro de Asuntos Exteriores y de Cooperaci\u00f3n (2011-2016). <\/p>\n","protected":false},"author":3,"featured_media":14364,"comment_status":"closed","ping_status":"closed","sticky":false,"template":"","format":"standard","meta":{"_acf_changed":false,"footnotes":""},"categories":[8],"tags":[],"class_list":["post-7528","post","type-post","status-publish","format-standard","has-post-thumbnail","hentry","category-conferencias-y-seminarios"],"acf":[],"_links":{"self":[{"href":"https:\/\/fundacionincipe.com\/index.php\/wp-json\/wp\/v2\/posts\/7528","targetHints":{"allow":["GET"]}}],"collection":[{"href":"https:\/\/fundacionincipe.com\/index.php\/wp-json\/wp\/v2\/posts"}],"about":[{"href":"https:\/\/fundacionincipe.com\/index.php\/wp-json\/wp\/v2\/types\/post"}],"author":[{"embeddable":true,"href":"https:\/\/fundacionincipe.com\/index.php\/wp-json\/wp\/v2\/users\/3"}],"replies":[{"embeddable":true,"href":"https:\/\/fundacionincipe.com\/index.php\/wp-json\/wp\/v2\/comments?post=7528"}],"version-history":[{"count":4,"href":"https:\/\/fundacionincipe.com\/index.php\/wp-json\/wp\/v2\/posts\/7528\/revisions"}],"predecessor-version":[{"id":17772,"href":"https:\/\/fundacionincipe.com\/index.php\/wp-json\/wp\/v2\/posts\/7528\/revisions\/17772"}],"wp:featuredmedia":[{"embeddable":true,"href":"https:\/\/fundacionincipe.com\/index.php\/wp-json\/wp\/v2\/media\/14364"}],"wp:attachment":[{"href":"https:\/\/fundacionincipe.com\/index.php\/wp-json\/wp\/v2\/media?parent=7528"}],"wp:term":[{"taxonomy":"category","embeddable":true,"href":"https:\/\/fundacionincipe.com\/index.php\/wp-json\/wp\/v2\/categories?post=7528"},{"taxonomy":"post_tag","embeddable":true,"href":"https:\/\/fundacionincipe.com\/index.php\/wp-json\/wp\/v2\/tags?post=7528"}],"curies":[{"name":"wp","href":"https:\/\/api.w.org\/{rel}","templated":true}]}}