{"id":7476,"date":"2021-09-27T12:43:41","date_gmt":"2021-09-27T10:43:41","guid":{"rendered":"http:\/\/www.incipe.org\/?p=7476"},"modified":"2024-10-18T11:18:43","modified_gmt":"2024-10-18T11:18:43","slug":"fin-de-la-presencia-militar-internacional-en-afganistan","status":"publish","type":"post","link":"https:\/\/fundacionincipe.com\/index.php\/2021\/09\/27\/fin-de-la-presencia-militar-internacional-en-afganistan\/","title":{"rendered":"Fin de la presencia militar internacional en Afganist\u00e1n"},"content":{"rendered":"<p><!--:es--><\/p>\n<p style=\"text-align: justify;\">El coronel Planelles comenz\u00f3 su intervenci\u00f3n repasando la presencia militar internacional en Afganist\u00e1n en los \u00faltimos 20 a\u00f1os y los acontecimientos recientes propiciados a ra\u00edz de la salida de las tropas internacionales. La reciente presencia militar internacional en el pa\u00eds se remonta a partir de los atentados del 11 de septiembre de 2001. En diciembre de ese mismo a\u00f1o el Consejo de Seguridad de las Naciones Unidas autoriz\u00f3 el despliegue de la Fuerza Internacional de Asistencia para la Seguridad, Resoluci\u00f3n 1386, permitiendo el acceso de estas fuerzas a Kabul y alrededores. Finalmente el despliegue acab\u00f3 expandiendo a todo el pa\u00eds.<\/p>\n<p style=\"text-align: justify;\">Espa\u00f1a se une a esta iniciativa de las Naciones Unidas en enero de 2002 en el marco de la operaci\u00f3n ISAF (Fuerza Internacional de Asistencia a Afganist\u00e1n), desplegando de 350 militares en Kabul y, posteriormente, ampliand\u00f3se su presencia en las provincias del oeste de Afganist\u00e1n. A lo largo de estas dos d\u00e9cadas Espa\u00f1a ha desplegado m\u00e1s de 27.000 soldados, suponiendo un considerable esfuerzo militar. Asimismo, el coste humano ha sido elevado, como bien recuerda el coronel Planelles. Noventa y siete soldados espa\u00f1oles, tres guardias civiles y dos int\u00e9rpretes han fallecido en el trascurso de la operaci\u00f3n.<\/p>\n<p style=\"text-align: justify;\">El prop\u00f3sito del despliegue militarer era preparar a las fuerzas afganas para que asumieran la responsabilidad de la seguridad en todo el pa\u00eds a trav\u00e9s de actividades TAA (Train-Advise-Assist), que dotaban a las fuerzas afganas de entrenamiento, asesoramiento y asistencia. La \u00faltima fase de esta misi\u00f3n se inici\u00f3 en enero de 2015 con la operaci\u00f3n <em>Resolute Support<\/em>, dirigida por la OTAN. El coronel Planelles se\u00f1ala que estaban satisfechos con las mejoras de las fuerzas afganas, las cuales fueron significativas: <strong>\u201cpens\u00e1bamos que iban a poder asumir sus responsabilidades por s\u00ed mismas\u201d<\/strong>.<\/p>\n<p style=\"text-align: justify;\">Paralelamente, las tropas estadounidenses desarrollaron su propia misi\u00f3n de combate, denominada <em><strong>Freedom&#8217;s Sentinel<\/strong><\/em>, en la que combat\u00edan directamente a las fuerzas talibanes y a Al Qaeda. Durante la Administraci\u00f3n Trump se iniciaron conversaciones secretas con los talibanes para tratar de alcanzar un alto al fuego, finalmente acordado en febrero de 2020 entre los Estados Unidos y los talibanes. El coronel Alfonso \u00c1lvarez Planelles destaca <strong>cuatro puntos clave de este acuerdo<\/strong>. En primer lugar, se pacta que los talibanes no ataquen a las fuerzas internacionales, ya que era fundamental que no hubiera bajas; lo cual se cumpli\u00f3. En segundo lugar, ten\u00edan que iniciarse conversaciones intra-afganas para dar lugar a un alto al fuego, las cuales se iniciaron de manera muy lenta y tard\u00eda. En tercer lugar, se acord\u00f3 la retirada de las tropas americanas y aliadas en 14 meses, fijando el 1 de mayo de 2021 como fecha de salida, siempre que se cumplieran ciertas condiciones estipuladas por los estadounidenses. Por \u00faltimo, se pact\u00f3 la liberaci\u00f3n de prisioneros, lo cual no agrad\u00f3 al Gobierno afgano, que tuvo que liberar a 5.000 militantes.<\/p>\n<p style=\"text-align: justify;\">En diciembre de 2020 el presidente Trump reduce la presencia estadounidense a 2.500 soldados en todo el pa\u00eds, sentando las bases para el fin del despliegue militar del 1 de mayo del 2021. Finalmente, tanto EE.UU. como la OTAN acuerdan en abril 2021 dar por finalizada la operaci\u00f3n <em>Resolute Support; <\/em>considerando que las condiciones son suficientes para abandonar el pa\u00eds. Para ello, se fija el 11 de septiembre (coincidiendo con el vig\u00e9simo aniversario de los atentados) como fecha l\u00edmite parala evacuaci\u00f3n del personal desplegado.<\/p>\n<p style=\"text-align: justify;\">El repliegue se inicia inmediatamente, bajo el consejo del general Miller, jefe de las operaciones <em>Resolute Support<\/em> y <em>Freedom\u2019s Sentinel<\/em>, quien repet\u00eda la frase <strong><em>\u201cSpeed is our friend\u201d<\/em><\/strong>. El resto de pa\u00edses con tropas desplegadas fueron saliendo de manera ordenada y sin presi\u00f3n por parte de los talibanes. Cabe destacar que se cre\u00eda que las tropas afganas estaban bien dotadas y, adem\u00e1s, contaban con el apoyo a\u00e9reo de Estados Unidos para seguir combatiendo a los talibanes.<\/p>\n<p style=\"text-align: justify;\">En agosto de 2021 los talibanes iniciaron su esperada ofensiva de verano. El coronel Planelles recuerda observar con sorpresa que \u00e9stos avanzaron sin ninguna oposici\u00f3n, sin presencia del ej\u00e9rcito afgano ni de la polic\u00eda y, finalmente, sin la oposici\u00f3n del Gobierno. Ante la p\u00e9rdida de seguridad, las embajadas occidentales comenzaron la evacuaci\u00f3n inmediata al aeropuerto de Kabul. Paralelamente a la salida del personal diplom\u00e1tico extranjero se plantea el problema de la evacacuaci\u00f3n de colaboradores afganos y refugiados. El aeropuerto Hamid Karzai se convierte en la \u00fanica v\u00eda de escape para miles de ciudadanos, probocando importantes problemas de seguridad y desencadenando en incidentes que pon\u00edan en riesgo la operaci\u00f3n de rescate.<\/p>\n<p style=\"text-align: justify;\">Estas circunstancias obligaron a implementar de forma inmediata una operaci\u00f3n militar cuyo objetivo era, en primer lugar, evacuar al personal espa\u00f1ol desplegado en el pa\u00eds. Adem\u00e1s, el operativo pretend\u00eda evacuar de manera ordenada y organizada el mayor n\u00famero de refugiados afganos.<\/p>\n<p>Mar\u00eda de Alfonso<\/p>\n","protected":false},"excerpt":{"rendered":"<p>El coronel Planelles comenz\u00f3 su intervenci\u00f3n repasando la presencia militar internacional en Afganist\u00e1n en los \u00faltimos 20 a\u00f1os y los acontecimientos recientes propiciados a ra\u00edz de la salida de las [&hellip;]<\/p>\n","protected":false},"author":3,"featured_media":14395,"comment_status":"closed","ping_status":"closed","sticky":false,"template":"","format":"standard","meta":{"_acf_changed":false,"footnotes":""},"categories":[8],"tags":[],"class_list":["post-7476","post","type-post","status-publish","format-standard","has-post-thumbnail","hentry","category-conferencias-y-seminarios"],"acf":[],"_links":{"self":[{"href":"https:\/\/fundacionincipe.com\/index.php\/wp-json\/wp\/v2\/posts\/7476","targetHints":{"allow":["GET"]}}],"collection":[{"href":"https:\/\/fundacionincipe.com\/index.php\/wp-json\/wp\/v2\/posts"}],"about":[{"href":"https:\/\/fundacionincipe.com\/index.php\/wp-json\/wp\/v2\/types\/post"}],"author":[{"embeddable":true,"href":"https:\/\/fundacionincipe.com\/index.php\/wp-json\/wp\/v2\/users\/3"}],"replies":[{"embeddable":true,"href":"https:\/\/fundacionincipe.com\/index.php\/wp-json\/wp\/v2\/comments?post=7476"}],"version-history":[{"count":4,"href":"https:\/\/fundacionincipe.com\/index.php\/wp-json\/wp\/v2\/posts\/7476\/revisions"}],"predecessor-version":[{"id":17778,"href":"https:\/\/fundacionincipe.com\/index.php\/wp-json\/wp\/v2\/posts\/7476\/revisions\/17778"}],"wp:featuredmedia":[{"embeddable":true,"href":"https:\/\/fundacionincipe.com\/index.php\/wp-json\/wp\/v2\/media\/14395"}],"wp:attachment":[{"href":"https:\/\/fundacionincipe.com\/index.php\/wp-json\/wp\/v2\/media?parent=7476"}],"wp:term":[{"taxonomy":"category","embeddable":true,"href":"https:\/\/fundacionincipe.com\/index.php\/wp-json\/wp\/v2\/categories?post=7476"},{"taxonomy":"post_tag","embeddable":true,"href":"https:\/\/fundacionincipe.com\/index.php\/wp-json\/wp\/v2\/tags?post=7476"}],"curies":[{"name":"wp","href":"https:\/\/api.w.org\/{rel}","templated":true}]}}