{"id":7243,"date":"2021-06-02T11:42:44","date_gmt":"2021-06-02T09:42:44","guid":{"rendered":"http:\/\/www.incipe.org\/?p=7243"},"modified":"2024-10-22T09:45:12","modified_gmt":"2024-10-22T09:45:12","slug":"la-transformacion-sostenible-de-espana","status":"publish","type":"post","link":"https:\/\/fundacionincipe.com\/index.php\/2021\/06\/02\/la-transformacion-sostenible-de-espana\/","title":{"rendered":"La transformaci\u00f3n sostenible de Espa\u00f1a"},"content":{"rendered":"<p><!--:es--><\/p>\n<p style=\"text-align: justify;\"><strong><br \/>\n<\/strong><br \/>\n\u201cLos impactos del cambio clim\u00e1tico son ya evidentes en el conjunto del planeta, y Espa\u00f1a no es ajena a esta realidad\u201d se\u00f1al\u00f3 Hugo Mor\u00e1n al inicio de su intervenci\u00f3n, en la que no se puede pasar por alto\u00a0 la reciente publicaci\u00f3n del \u2018<strong>Informe sobre el estado del clima en Espa\u00f1a en 2020<\/strong>\u2019 en el que se aportan datos como que 2020 es, junto a 2016, el a\u00f1o m\u00e1s c\u00e1lido a nivel mundial desde que se hacen registros, o que la temperatura media de nuestro pa\u00eds ha aumentado 1,7 \u00b0C con respecto a los valores preindustriales.<\/p>\n<p style=\"text-align: justify;\">Mor\u00e1n califica la situaci\u00f3n de alarmante, \u201c<strong>A este ritmo, en el 2050 se necesitar\u00edan hasta tres planetas tierra para satisfacer la demanda global<\/strong> y,\u00a0 en el caso concreto de nuestro pa\u00eds, el actual d\u00e9ficit ecol\u00f3gico obligar\u00eda a destinar dos veces y media la superficie de Espa\u00f1a para mantener el nivel de vida actual.\u201d Para evitar llegar a una situaci\u00f3n irreversible, desde 2015 la comunidad internacional ha desarrollado, a trav\u00e9s de la <strong>Agenda 2030<\/strong> y de los <strong>Acuerdos de Par\u00eds<\/strong>, estrategias de acci\u00f3n clim\u00e1tica orientadas hacia la neutralidad de las emisiones de gases contaminantes.<\/p>\n<p style=\"text-align: justify;\">\u201cEspa\u00f1a se sum\u00f3 a este compromiso desde el primer momento\u201d, afirma Mor\u00e1n. En este sentido, se acaba de aprobar la <strong>Ley de Cambio Clim\u00e1tico y Transici\u00f3n Energ\u00e9tica<\/strong>, que \u00a0tiene por objeto conseguir la neutralidad de emisiones antes de 2050. Tambi\u00e9n se ha aprobado un <strong>Plan Nacional de Adaptaci\u00f3n al DCambio Clim\u00e1tico para 2021-2030<\/strong>, como instrumento esencial para mejorar la capacidad de actuaci\u00f3n. Ambos instrumentos conforman una estrategia a largo plazo para una econom\u00eda moderna competitiva y clim\u00e1ticamente neutra en 2050.<\/p>\n<p style=\"text-align: justify;\">En lo que respecta a la producci\u00f3n y consumo, se lanz\u00f3, en junio de 2020 <em><strong>Espa\u00f1a Circular 2030<\/strong><\/em>,\u00a0 una estrategia con la misi\u00f3n de impulsar la econom\u00eda circular en sustituci\u00f3n del actual modelo, implicando un consumo ilimitado de recursos naturales que son limitados. Adem\u00e1s, se ha aprobado en Consejo de Ministros el <strong>primer Plan de Acci\u00f3n de Econom\u00eda Circular 2021-2023,<\/strong> dotado con un presupuesto de m\u00e1s de 1.500 millones de euros.<\/p>\n<p style=\"text-align: justify;\">El secretario de Estado pone tambi\u00e9n el \u00e9nfasis en la importancia del aprovechamiento de los recursos h\u00eddricos. En este sentido y como parte del nuevo ciclo de planificaci\u00f3n hidrol\u00f3gica, est\u00e1 previsto que en la primavera de 2022 entren en vigor los <strong>planes hidrol\u00f3gicos de tercer ciclo<\/strong>, que realizar\u00e1n una evaluaci\u00f3n de los riesgos del cambio clim\u00e1tico para los recursos h\u00eddricos y los ecosistema, as\u00ed como la restauraci\u00f3n de los ecosistemas da\u00f1ados a trav\u00e9s de la <strong>estrategia nacional de infraestructura verde y de la conectividad.<\/strong><\/p>\n<p style=\"text-align: justify;\">En definitiva, seg\u00fan concluye Hugo Mor\u00e1n, no tenemos esas dos Espa\u00f1as y media que necesitamos para producir como lo hacemos. Por eso, debemos aumentar nuestra resiliencia y continuar con la transici\u00f3n hacia nuevos modelos de desarrollo que garanticen la conservaci\u00f3n y el uso sostenible de los materiales, y prioricen la protecci\u00f3n y restauraci\u00f3n de la naturaleza como elemento impulsor de la econom\u00eda. Porque un medio ambiente sano es esencial para la salud y para la prosperidad econ\u00f3mica y social.<\/p>\n<p>Sof\u00eda Alfayate<br \/>\n<!--:--><\/p>\n","protected":false},"excerpt":{"rendered":"<p>\u201cLos impactos del cambio clim\u00e1tico son ya evidentes en el conjunto del planeta, y Espa\u00f1a no es ajena a esta realidad\u201d se\u00f1al\u00f3 Hugo Mor\u00e1n al inicio de su intervenci\u00f3n, en [&hellip;]<\/p>\n","protected":false},"author":3,"featured_media":14415,"comment_status":"closed","ping_status":"closed","sticky":false,"template":"","format":"standard","meta":{"_acf_changed":false,"footnotes":""},"categories":[8],"tags":[],"class_list":["post-7243","post","type-post","status-publish","format-standard","has-post-thumbnail","hentry","category-conferencias-y-seminarios"],"acf":[],"_links":{"self":[{"href":"https:\/\/fundacionincipe.com\/index.php\/wp-json\/wp\/v2\/posts\/7243","targetHints":{"allow":["GET"]}}],"collection":[{"href":"https:\/\/fundacionincipe.com\/index.php\/wp-json\/wp\/v2\/posts"}],"about":[{"href":"https:\/\/fundacionincipe.com\/index.php\/wp-json\/wp\/v2\/types\/post"}],"author":[{"embeddable":true,"href":"https:\/\/fundacionincipe.com\/index.php\/wp-json\/wp\/v2\/users\/3"}],"replies":[{"embeddable":true,"href":"https:\/\/fundacionincipe.com\/index.php\/wp-json\/wp\/v2\/comments?post=7243"}],"version-history":[{"count":5,"href":"https:\/\/fundacionincipe.com\/index.php\/wp-json\/wp\/v2\/posts\/7243\/revisions"}],"predecessor-version":[{"id":17899,"href":"https:\/\/fundacionincipe.com\/index.php\/wp-json\/wp\/v2\/posts\/7243\/revisions\/17899"}],"wp:featuredmedia":[{"embeddable":true,"href":"https:\/\/fundacionincipe.com\/index.php\/wp-json\/wp\/v2\/media\/14415"}],"wp:attachment":[{"href":"https:\/\/fundacionincipe.com\/index.php\/wp-json\/wp\/v2\/media?parent=7243"}],"wp:term":[{"taxonomy":"category","embeddable":true,"href":"https:\/\/fundacionincipe.com\/index.php\/wp-json\/wp\/v2\/categories?post=7243"},{"taxonomy":"post_tag","embeddable":true,"href":"https:\/\/fundacionincipe.com\/index.php\/wp-json\/wp\/v2\/tags?post=7243"}],"curies":[{"name":"wp","href":"https:\/\/api.w.org\/{rel}","templated":true}]}}