{"id":7161,"date":"2021-04-29T10:08:46","date_gmt":"2021-04-29T08:08:46","guid":{"rendered":"http:\/\/www.incipe.org\/?p=7161"},"modified":"2024-10-22T10:03:00","modified_gmt":"2024-10-22T10:03:00","slug":"amenazas-hibridas-el-punto-de-vista-militar","status":"publish","type":"post","link":"https:\/\/fundacionincipe.com\/index.php\/2021\/04\/29\/amenazas-hibridas-el-punto-de-vista-militar\/","title":{"rendered":"Amenazas h\u00edbridas: el punto de vista militar"},"content":{"rendered":"<p><!--:es--><\/p>\n<p style=\"text-align: justify;\">El coronel Calvo comenz\u00f3 su intervenci\u00f3n hablando de la evoluci\u00f3n de las amenazas hibridas, concepto del que se comienza a hablar en los a\u00f1os 90 en el cuerpo de marines estadounidense, concretamente en los conflictos de Chechenia y el de Hezbollah con Israel en el sur del L\u00edbano. \u201c<strong>Hab\u00eda una cuesti\u00f3n importante para comprender la evoluci\u00f3n de lo hibrido, y es que se le daba mucha importancia a la informaci\u00f3n, a la que se le daba mucha importancia y en que algunos casos se explotaban mucho como en conflictos de la guerrilla zapatista en M\u00e9xico, que tuvo una repercusi\u00f3n mundial por el uso medi\u00e1tico e informaci\u00f3n que hicieron\u00a0 para dar propaganda a su movimiento<\/strong>\u201d.<\/p>\n<p style=\"text-align: justify;\">El coronel Calvo prosigui\u00f3 su ponencia se\u00f1alando que las tropas estadounidenses desplegadas en en Irak y Afganist\u00e1n se encontraron una situaci\u00f3n similar, donde cada vez toma m\u00e1s importancia la narrativa. Asiimismo, durante el conflicto de Israel contra Hezbollah en 2006\u00a0 comenz\u00f3 el uso de \u00a0guerra hibrida de una manera muy popular, y el uso de la narrativa por parte de cada bando toma relevancia. Posteriormente, encontramos otros ejemplos en la evoluci\u00f3n conceptual de guerra h\u00edbrida, como los ciberataques sufridos por Estonia en 2007 y la guerra que enfrent\u00f3 a Georgia y Rusia, siendo la primera vez que se combinan ciberataques junto con campa\u00f1as de desinformaci\u00f3n tremendas, donde la guerra h\u00edbrida comienz\u00f3 a materializarse. Simultaneamente, se generaliz\u00f3 el uso de smartphones y redes sociales en un contexto de crisis econ\u00f3mica global, propiciando el tipo de conflictos h\u00edbridos que hoy en d\u00eda son tan habituales.<\/p>\n<p style=\"text-align: justify;\">El coronel Calvo mencion\u00f3 la propaganda, la desinformaci\u00f3n, la diplomacia, la econom\u00eda, la subversi\u00f3n el sabotaje y espionaje como factores que se ponen en pr\u00e1ctica, por ejemplo, durante el conflicto de Crimea, combinados con ciberataques en los tel\u00e9fonos de los propios combatientes para crear confusi\u00f3n, p\u00e1nico y descoordinaci\u00f3n y terror; paradigma de la guerra hibrida<strong>: \u201cA partir de aqu\u00ed se desarrolla otra evoluci\u00f3n, con incidentes no militares, como la intervenci\u00f3n rusa en las elecciones estadounidenses de 2016. Se generalizan los ciberataques con el objetivo de obtener informaci\u00f3n, y se pasa del concepto de guerra hibrida a amenazas hibridas, dado que las agresiones se dirigen generalmente contra la poblaci\u00f3n, creando un clima de incertidumbre y desinformaci\u00f3n&#8221;.\u00a0<\/strong> Para el coronel Calvo la respuesta no debe ser buscar la confrontaci\u00f3n, sino trabajar en la integraci\u00f3n todos los instrumentos de seguridad y militares, en la comunicaci\u00f3n, en la influencia pol\u00edtica de los conflictos armados y la resiliencia.<\/p>\n<p style=\"text-align: justify;\">Posteriormente, durante el debate se plantearon algunas cuestiones relativas a c\u00f3mo los pa\u00edses se preparan para hacer frente a las amenazas hibridas, a lo que el coronel respondi\u00f3 que &#8220;<strong>se ha aprendido mucho durante la pandemia, pero hay mucho trabajo por desarrollar&#8221;. <\/strong>Por otro lado, se hizo referencia a c\u00f3mo se capacita a los ciudadanos para enfrentar\u00a0 las amenazas hibridas de forma complementaria a las Fuerzas Armadas. &#8220;<strong>Uno de los aspectos m\u00e1s importantes es la educaci\u00f3n. Sin embargo, seguimos siendo vulnerables, incluso gente preparad\u00edsima puede caer en la desinformaci\u00f3n. Fomentar el pensamiento cr\u00edtico y la actitud de contraste es importante, y deber\u00eda ser uno de los fundamentos de la educaci\u00f3n\u201d<\/strong>, se\u00f1ala el coronel.<\/p>\n<p style=\"text-align: justify;\">Es vital que se comunique mejor, proporcionando una informaci\u00f3n a los ciudadanos que aporte el cr\u00e9dito que se ha deteriorado hacia las instituciones. Por lo tanto, el \u00e9xito reside en la educaci\u00f3n y la comunicaci\u00f3n;\u00a0 ense\u00f1ar a pensar en t\u00e9rminos de contrastar opiniones diversas y comunicar con trasparencia son dos claves para hacer m\u00e1s resiliente a la poblaci\u00f3n, haci\u00e9ndoles confiar m\u00e1s en el sistema.<\/p>\n<p style=\"text-align: justify;\">Para concluir, el coronel Calvo destac\u00f3 cual es la situaci\u00f3n de Espa\u00f1a ante las amenazas h\u00edbridas, \u201c<strong>lo que estamos sufriendo muchos pa\u00edses occidentales no es una amenaza hibrida sino un tanteo con ciberataques y campa\u00f1as de desinformaci\u00f3n pol\u00edtica, cuyo objetivo es detectar debilidades seg\u00fan la reacci\u00f3n y, en el futuro, si surge la oportunidad se utilizar\u00eda en nuestra contra. Estamos sometidos a un tanteo constante\u201d.<\/strong><\/p>\n<p>Javier Ubr\u00ed<\/p>\n<p><!--:--><\/p>\n","protected":false},"excerpt":{"rendered":"<p>El coronel Calvo comenz\u00f3 su intervenci\u00f3n hablando de la evoluci\u00f3n de las amenazas hibridas, concepto del que se comienza a hablar en los a\u00f1os 90 en el cuerpo de marines [&hellip;]<\/p>\n","protected":false},"author":3,"featured_media":14440,"comment_status":"closed","ping_status":"closed","sticky":false,"template":"","format":"standard","meta":{"_acf_changed":false,"footnotes":""},"categories":[8],"tags":[],"class_list":["post-7161","post","type-post","status-publish","format-standard","has-post-thumbnail","hentry","category-conferencias-y-seminarios"],"acf":[],"_links":{"self":[{"href":"https:\/\/fundacionincipe.com\/index.php\/wp-json\/wp\/v2\/posts\/7161","targetHints":{"allow":["GET"]}}],"collection":[{"href":"https:\/\/fundacionincipe.com\/index.php\/wp-json\/wp\/v2\/posts"}],"about":[{"href":"https:\/\/fundacionincipe.com\/index.php\/wp-json\/wp\/v2\/types\/post"}],"author":[{"embeddable":true,"href":"https:\/\/fundacionincipe.com\/index.php\/wp-json\/wp\/v2\/users\/3"}],"replies":[{"embeddable":true,"href":"https:\/\/fundacionincipe.com\/index.php\/wp-json\/wp\/v2\/comments?post=7161"}],"version-history":[{"count":6,"href":"https:\/\/fundacionincipe.com\/index.php\/wp-json\/wp\/v2\/posts\/7161\/revisions"}],"predecessor-version":[{"id":17914,"href":"https:\/\/fundacionincipe.com\/index.php\/wp-json\/wp\/v2\/posts\/7161\/revisions\/17914"}],"wp:featuredmedia":[{"embeddable":true,"href":"https:\/\/fundacionincipe.com\/index.php\/wp-json\/wp\/v2\/media\/14440"}],"wp:attachment":[{"href":"https:\/\/fundacionincipe.com\/index.php\/wp-json\/wp\/v2\/media?parent=7161"}],"wp:term":[{"taxonomy":"category","embeddable":true,"href":"https:\/\/fundacionincipe.com\/index.php\/wp-json\/wp\/v2\/categories?post=7161"},{"taxonomy":"post_tag","embeddable":true,"href":"https:\/\/fundacionincipe.com\/index.php\/wp-json\/wp\/v2\/tags?post=7161"}],"curies":[{"name":"wp","href":"https:\/\/api.w.org\/{rel}","templated":true}]}}