{"id":7107,"date":"2021-03-22T09:35:44","date_gmt":"2021-03-22T08:35:44","guid":{"rendered":"http:\/\/www.incipe.org\/?p=7107"},"modified":"2024-10-22T10:16:48","modified_gmt":"2024-10-22T10:16:48","slug":"conversation-with-senator-kaine-what-is-now-at-stake-in-the-us","status":"publish","type":"post","link":"https:\/\/fundacionincipe.com\/index.php\/2021\/03\/22\/conversation-with-senator-kaine-what-is-now-at-stake-in-the-us\/","title":{"rendered":"Conversation with Senator Kaine: what is now at stake in the US?"},"content":{"rendered":"<p><!--:es--><\/p>\n<p style=\"text-align: justify;\">Tim Kaine inici\u00f3 esta charla lamentando la situaci\u00f3n que ha generado la pandemia de la Covid-19, particularmente en t\u00e9rminos econ\u00f3micos y sociales. Aun as\u00ed, recalca que hay razones para tener esperanza y saldremos en un corto o medio plazo de esta situaci\u00f3n. El senador Kaine mencion\u00f3 la importancia para Estados Unidos de establecer alianzas democr\u00e1ticas en Europa, Am\u00e9rica Latina o Asia, marcando un punto de inflexi\u00f3n con a anterior administraci\u00f3n Trump y su lema\u00a0 \u201c<strong>America First<\/strong>\u201d.<\/p>\n<p style=\"text-align: justify;\">Otro de los asuntos clave que tratados durante si intervenci\u00f3n son las cuestiones de pol\u00edtica dom\u00e9stica, cuyo principal el objetivo es ganar la batalla contra la pandemia.\u00a0Para Kaine, la propuesta de ley <em><strong>American Rescue Plan<\/strong><\/em> se emplear\u00e1 para \u201c<strong>realizar una inversi\u00f3n en un futuro mejor que el pasado, uno m\u00e1s justo y sostenible\u201d<\/strong>. \u00a0Asimismo, tambi\u00e9n dedic\u00f3 unas palabras a las buenas \u00a0relaciones que Espa\u00f1a guarda con Estados Unidos en materia de alianza econ\u00f3mica, comercial, y democr\u00e1tica.<\/p>\n<p style=\"text-align: justify;\">Tras las palabras del senador Kaine se di\u00f3 paso al debate, moderado por el secretario general de la Fundaci\u00f3n Consejo Espa\u00f1a-EE.UU., Manuel Lejarreta. Durante el turno de preguntas tuvimos la oportunidad de conversar y profundizar sobre cuestiones de gran relevancia como las relaciones de Estados Unidos y China, a prop\u00f3sito de la reciente cumbre de Anchorage (Alaska). En dicha cumbre bilateral representantes de ambos pa\u00edses se reunieron con el prop\u00f3sito de acercar posturas en el \u00e1mbito econ\u00f3mico, comercial y tecnol\u00f3gico. Pese a que las conversaciones evidenciaron una fractura entre las pol\u00edtica entre ambos pa\u00edses, Joe Biden ha invitado al presidente Xi Jinping a participar en la pr\u00f3xima Cumbre Mundial sobre el cambio clim\u00e1tico junto a 40 l\u00edderes mundiales.<\/p>\n<p style=\"text-align: justify;\">Por otro lado, el senador kaine se\u00f1al\u00f3 que la administraci\u00f3n Biden trabajar\u00e1 para mejorar las relaciones bilaterales con pa\u00edses de Am\u00e9rica Latina como Cuba y M\u00e9xico. Respecto a la comunidad hispana\/latina que vive en Estados Unidos,\u00a0 considera fundamental una reforma integral\u00a0 en temas migratorios, dado que han pasado 35 a\u00f1os desde la \u00faltima reforma del sistema encargado de esta causa: \u201c<strong>Se quiere ver progreso por parte de la comunidad latina en este aspecto y la administraci\u00f3n Biden trabajar\u00e1 duro para hallar un acuerdo bipartidista respecto a esto\u201d.<\/strong><\/p>\n<p style=\"text-align: justify;\">Por \u00faltimo, cabe mencionar comentarios con los que Kaine tambi\u00e9n se posicion\u00f3 sobre la administraci\u00f3n Trump y de \u00a0su legado de gran influencia. Por otra parte, tambi\u00e9n habl\u00f3 sobre el rol actual de Estados Unidos como l\u00edder global, algo que considera que est\u00e1 en juego: \u201c<strong>Si estamos divididos internamente no podemos dar ejemplo externamente, si no somos econ\u00f3micamente fuertes, si no estamos comprometidos a ser un buen ejemplo democr\u00e1tico no seremos fuertes siendo l\u00edderes en un escenario global<\/strong>\u201d a\u00f1ad\u00eda Kaine.<\/p>\n<p>Javier Ubr\u00ed<\/p>\n<p><!--:--><\/p>\n","protected":false},"excerpt":{"rendered":"<p>Tim Kaine inici\u00f3 esta charla lamentando la situaci\u00f3n que ha generado la pandemia de la Covid-19, particularmente en t\u00e9rminos econ\u00f3micos y sociales. Aun as\u00ed, recalca que hay razones para tener [&hellip;]<\/p>\n","protected":false},"author":4,"featured_media":14462,"comment_status":"closed","ping_status":"closed","sticky":false,"template":"","format":"standard","meta":{"_acf_changed":false,"footnotes":""},"categories":[8],"tags":[],"class_list":["post-7107","post","type-post","status-publish","format-standard","has-post-thumbnail","hentry","category-conferencias-y-seminarios"],"acf":[],"_links":{"self":[{"href":"https:\/\/fundacionincipe.com\/index.php\/wp-json\/wp\/v2\/posts\/7107","targetHints":{"allow":["GET"]}}],"collection":[{"href":"https:\/\/fundacionincipe.com\/index.php\/wp-json\/wp\/v2\/posts"}],"about":[{"href":"https:\/\/fundacionincipe.com\/index.php\/wp-json\/wp\/v2\/types\/post"}],"author":[{"embeddable":true,"href":"https:\/\/fundacionincipe.com\/index.php\/wp-json\/wp\/v2\/users\/4"}],"replies":[{"embeddable":true,"href":"https:\/\/fundacionincipe.com\/index.php\/wp-json\/wp\/v2\/comments?post=7107"}],"version-history":[{"count":4,"href":"https:\/\/fundacionincipe.com\/index.php\/wp-json\/wp\/v2\/posts\/7107\/revisions"}],"predecessor-version":[{"id":17920,"href":"https:\/\/fundacionincipe.com\/index.php\/wp-json\/wp\/v2\/posts\/7107\/revisions\/17920"}],"wp:featuredmedia":[{"embeddable":true,"href":"https:\/\/fundacionincipe.com\/index.php\/wp-json\/wp\/v2\/media\/14462"}],"wp:attachment":[{"href":"https:\/\/fundacionincipe.com\/index.php\/wp-json\/wp\/v2\/media?parent=7107"}],"wp:term":[{"taxonomy":"category","embeddable":true,"href":"https:\/\/fundacionincipe.com\/index.php\/wp-json\/wp\/v2\/categories?post=7107"},{"taxonomy":"post_tag","embeddable":true,"href":"https:\/\/fundacionincipe.com\/index.php\/wp-json\/wp\/v2\/tags?post=7107"}],"curies":[{"name":"wp","href":"https:\/\/api.w.org\/{rel}","templated":true}]}}