{"id":6974,"date":"2021-02-17T10:42:18","date_gmt":"2021-02-17T09:42:18","guid":{"rendered":"http:\/\/www.incipe.org\/?p=6974"},"modified":"2024-10-22T10:25:01","modified_gmt":"2024-10-22T10:25:01","slug":"las-operaciones-de-mantenimiento-de-la-paz-en-tiempos-de-pandemia","status":"publish","type":"post","link":"https:\/\/fundacionincipe.com\/index.php\/2021\/02\/17\/las-operaciones-de-mantenimiento-de-la-paz-en-tiempos-de-pandemia\/","title":{"rendered":"Las Operaciones de Mantenimiento de la Paz en tiempos de pandemia"},"content":{"rendered":"<p><!--:es--><\/p>\n<p style=\"text-align: justify;\">El GD L\u00e1zaro comenz\u00f3 su intervenci\u00f3n mencionando la trayectoria de las operaciones de mantenimiento de la paz, desde su inicio hasta la actualidad. La labor de mantenimiento de la paz se ha visto complicada por diversos factores, siendo la Covid-19 una dificultad a\u00f1adida que afecta tanto a despliegues como a procedimientos. Por otro lado, las operaciones de paz han sufrido una transformaci\u00f3n a lo largo de la historia. En este sentido el GD L\u00e1zaro se\u00f1al\u00f3 que \u201c<strong>actualmente estamos en el proceso de una tercera evoluci\u00f3n de las operaciones de paz, aprendiendo del ejemplo del estado fallido en Libia, donde se identific\u00f3 que no se pod\u00eda lograr la estabilizaci\u00f3n de un lugar sin la participaci\u00f3n de las instituciones locales, entre ellas la de seguridad y defensa\u201d.<\/strong><\/p>\n<p style=\"text-align: justify;\">En esta coyuntura se enmarca un nuevo factor desestabilizador a nivel global, la pandemia de la Covid-19. El GD mencion\u00f3 c\u00f3mo esta enfermedad afecta a las operaciones de mantenimiento de la paz. A nivel nacional, \u201c<strong>uno de los mayores retos ha sido mantener la capacidad de apoyo a las autoridades civiles y a otros ministerios aqu\u00ed en territorio nacional (Espa\u00f1a) durante las sucesivas pandemias, y saberse mantener en combinaci\u00f3n con las misiones permanentes en espacio de soberan\u00eda nacional y tambi\u00e9n con operaciones y misiones en el exterior<\/strong><em>\u201d <\/em>apuntaba el GD L\u00e1zaro.<\/p>\n<p style=\"text-align: justify;\">Tras la interveci\u00f3n del GD L\u00e1zaro el moderador del debate y director de INCIPE, Vicente Garrido, di\u00f3 paso al turno de preguntas. Algunas de las cuestiones planteadas giraron en torno a la perennidad de las misiones, a lo que el GD Aroldo L\u00e1zaro respondi\u00f3: \u201c<strong>las fuerzas de las misiones tienen que crear las condiciones para que los contendientes de ese conflicto busquen una soluci\u00f3n local que satisfaga a ambas partes, mientras que no se den condiciones pol\u00edticas, sociales o econ\u00f3micas para alcanzar esta situaci\u00f3n se puede dar por pensado que no se han alcanzado esas condiciones para dar por terminada la misi\u00f3n y dejarlo en manos de las instituciones locales.<\/strong>\u201d Otro de los asuntos tratados durante el debate hac\u00eda alusi\u00f3n al papel de Espa\u00f1a como pa\u00eds de referencia, teniendo en cuenta sus contribuciones para el mantenimiento de la paz\u00a0 en organizaciones como la ONU o OTAN. GD L\u00e1zaro mantiene que <strong>\u201cen ese sentido el compromiso espa\u00f1ol es s\u00f3lido y en ese contexto s\u00ed somos y mantenemos que somos un pa\u00eds con referencia con esas organizaciones\u00a0 y de hecho se demuestra a lo largo de la historia que Espa\u00f1a es un pa\u00eds solido de compromiso en ese sentido\u201d.<\/strong><\/p>\n<p style=\"text-align: justify;\">Asimismo, el GD L\u00e1zaro coment\u00f3 lo importantes que son las reglas de enfrentamiento para evitar v\u00edctimas colaterales, y c\u00f3mo las fuerzas espa\u00f1olas destacan por cumplimiento de dicho reglamento. Adem\u00e1s, a colaci\u00f3n de la operaci\u00f3n de mantenimiento de la paz MINUSMA en Mali, se\u00f1al\u00f3 que a pesar de que exista un rechazo de la poblaci\u00f3n local hacia las tropas que se encuentran en la misi\u00f3n, se seguir\u00e1 trabajando para que las instituciones locales puedan encontrar una soluci\u00f3n al conflicto. Otro de los aspectos debatidos durante el encuentro digital fue el impacto de la pandemia en las misiones y conflictos armados, que puede ser un factor desestabilizador e incrementar la desigualdad en la poblaci\u00f3n local. Igualmente complica los esfuerzo pacificadores fruta de la acci\u00f3n diplom\u00e1tica.<\/p>\n<p style=\"text-align: justify;\">Para concluir, al GD L\u00e1zaro se\u00f1al\u00f3 cu\u00e1les son las lecciones aprendidas a lo largo de su trayectoria, destacando crucial la preparaci\u00f3n previa al despliegue de cualquier misi\u00f3n y, por otro lado, transmitir al personal cual es el objetivo final de esa misi\u00f3n (la paz, seguridad y respeto). &#8220;Mi experiencia me dice la facilidad del soldado espa\u00f1ol de crear empat\u00eda all\u00ed donde va con poblaci\u00f3n, tropas, resto del personal en el escenario y es muy gratificante porque tiene su retorno a la hora de facilitar la realizaci\u00f3n de la misi\u00f3n\u201d, destac\u00f3.<\/p>\n<p>Javier Ubr\u00ed<\/p>\n<p><!--:--><\/p>\n","protected":false},"excerpt":{"rendered":"<p>El GD L\u00e1zaro comenz\u00f3 su intervenci\u00f3n mencionando la trayectoria de las operaciones de mantenimiento de la paz, desde su inicio hasta la actualidad. La labor de mantenimiento de la paz [&hellip;]<\/p>\n","protected":false},"author":3,"featured_media":17929,"comment_status":"closed","ping_status":"closed","sticky":false,"template":"","format":"standard","meta":{"_acf_changed":false,"footnotes":""},"categories":[8],"tags":[],"class_list":["post-6974","post","type-post","status-publish","format-standard","has-post-thumbnail","hentry","category-conferencias-y-seminarios"],"acf":[],"_links":{"self":[{"href":"https:\/\/fundacionincipe.com\/index.php\/wp-json\/wp\/v2\/posts\/6974","targetHints":{"allow":["GET"]}}],"collection":[{"href":"https:\/\/fundacionincipe.com\/index.php\/wp-json\/wp\/v2\/posts"}],"about":[{"href":"https:\/\/fundacionincipe.com\/index.php\/wp-json\/wp\/v2\/types\/post"}],"author":[{"embeddable":true,"href":"https:\/\/fundacionincipe.com\/index.php\/wp-json\/wp\/v2\/users\/3"}],"replies":[{"embeddable":true,"href":"https:\/\/fundacionincipe.com\/index.php\/wp-json\/wp\/v2\/comments?post=6974"}],"version-history":[{"count":1,"href":"https:\/\/fundacionincipe.com\/index.php\/wp-json\/wp\/v2\/posts\/6974\/revisions"}],"predecessor-version":[{"id":17930,"href":"https:\/\/fundacionincipe.com\/index.php\/wp-json\/wp\/v2\/posts\/6974\/revisions\/17930"}],"wp:featuredmedia":[{"embeddable":true,"href":"https:\/\/fundacionincipe.com\/index.php\/wp-json\/wp\/v2\/media\/17929"}],"wp:attachment":[{"href":"https:\/\/fundacionincipe.com\/index.php\/wp-json\/wp\/v2\/media?parent=6974"}],"wp:term":[{"taxonomy":"category","embeddable":true,"href":"https:\/\/fundacionincipe.com\/index.php\/wp-json\/wp\/v2\/categories?post=6974"},{"taxonomy":"post_tag","embeddable":true,"href":"https:\/\/fundacionincipe.com\/index.php\/wp-json\/wp\/v2\/tags?post=6974"}],"curies":[{"name":"wp","href":"https:\/\/api.w.org\/{rel}","templated":true}]}}