{"id":6896,"date":"2020-06-16T12:30:46","date_gmt":"2020-06-16T10:30:46","guid":{"rendered":"http:\/\/www.incipe.org\/?p=6896"},"modified":"2024-11-22T09:40:27","modified_gmt":"2024-11-22T09:40:27","slug":"el-pacto-verde-europeo-motor-de-crecimiento-de-la-union-europea","status":"publish","type":"post","link":"https:\/\/fundacionincipe.com\/index.php\/2020\/06\/16\/el-pacto-verde-europeo-motor-de-crecimiento-de-la-union-europea\/","title":{"rendered":"El Pacto Verde Europeo, motor de crecimiento de la Uni\u00f3n Europea"},"content":{"rendered":"\n<p>La sesi\u00f3n se desarroll\u00f3 en espa\u00f1ol y congreg\u00f3 a una audiencia interesada en conocer el rol del pacto Verde Europeo en la recuperaci\u00f3n econ\u00f3mica de la UE tras la pandemia del coronavirus. Para ello, contamos con la participaci\u00f3n de <strong>Daniel Calleja, director general de Medio Ambiente de la Comisi\u00f3n Europea<\/strong><em>.<\/em> Durante la sesi\u00f3n, Daniel Calleja present\u00f3 un an\u00e1lisis detallado del plan de recuperaci\u00f3n de la UE para afrontar la situaci\u00f3n post-COVID19. El ponente destac\u00f3, dentro de dichos planes, las prioridades de la comisi\u00f3n en materia verde y su papel en impulsar las soluciones a la crisis.<\/p>\n\n\n\n<p>Calleja comenz\u00f3 subrayando los grandes desaf\u00edos globales actuales que enfrentamos y que precisan medidas urgentes, como el cambio clim\u00e1tico, la sobreexplotaci\u00f3n de recursos, la contaminaci\u00f3n y la degradaci\u00f3n de los ecosistemas. A estos problemas se suma la crisis global del COVID-19, una <strong>pandemia ha tenido un impacto devastador en las dimensiones sanitaria, econ\u00f3mica y social<\/strong>, generando una recesi\u00f3n sin precedentes en Europa. Ante esta situaci\u00f3n, la Uni\u00f3n Europea ha impulsado respuestas en las tres dimensiones afectadas por la pandemia. El ponente destaca por su relevancia la <strong>movilizaci\u00f3n de un paquete econ\u00f3mico sin precedentes, \u201cNext Generation EU\u201d<\/strong>, dise\u00f1ado para reactivar la econom\u00eda, fomentar la inversi\u00f3n y apoyar la transici\u00f3n hacia un modelo m\u00e1s sostenible y digital.<\/p>\n\n\n\n<p>Partiendo de esta base, la cuesti\u00f3n que se plantea es la compatibilidad de los <strong>compromisos verdes de la UE con las estrategias de alivio de la crisis<\/strong>. En este sentido, Daniel Calleja recuerda que entre las estrategias prioritarias presentadas por Ursula von der Leyen al inicio de su mandato en 2020 se encuentra el <strong>Pacto Verde Europeo<\/strong>; un acuerdo que busca garantizar que el desarrollo econ\u00f3mico de la UE sea sostenible y coherente con el resto de pol\u00edticas de la organizaci\u00f3n, priorizando iniciativas de descarbonizaci\u00f3n, una nueva pol\u00edtica industrial basada en la econom\u00eda circular, la protecci\u00f3n de la biodiversidad y la reducci\u00f3n de la contaminaci\u00f3n. De acuerdo con el ponente, el marco de este Pacto crear\u00eda una oportunidad para que determinados sectores, como la construcci\u00f3n, la movilidad, la energ\u00eda o el turismo, fuesen impulsados como ejes de una recuperaci\u00f3n econ\u00f3mica basada en el desarrollo sostenible.<\/p>\n\n\n\n<p>Finalmente, Daniel Calleja se\u00f1ala que el i<strong>mpulso de iniciativas europeas no implica el abandono de la dimensi\u00f3n global<\/strong>. Por el contrario, el Pacto Verde debe apoyarse en otros acuerdos internacionales como el de Par\u00eds, y fomentar alianzas verdes con pa\u00edses de otras regiones del mundo.<\/p>\n\n\n\n<p>La sesi\u00f3n concluy\u00f3 con un debate donde los participantes pudieron plantear preguntas sobre los temas tratados. Este intercambio subray\u00f3 la relevancia de comprender la instrumentalidad del Pacto Verde Europeo en el proceso de recuperaci\u00f3n tras la pandemia.\u00a0<\/p>\n\n\n\n<p>Luc\u00eda Rodr\u00edguez<\/p>\n","protected":false},"excerpt":{"rendered":"<p>La sesi\u00f3n se desarroll\u00f3 en espa\u00f1ol y congreg\u00f3 a una audiencia interesada en conocer el rol del pacto Verde Europeo en la recuperaci\u00f3n econ\u00f3mica de la UE tras la pandemia [&hellip;]<\/p>\n","protected":false},"author":3,"featured_media":17989,"comment_status":"closed","ping_status":"closed","sticky":false,"template":"","format":"standard","meta":{"_acf_changed":false,"footnotes":""},"categories":[8],"tags":[],"class_list":["post-6896","post","type-post","status-publish","format-standard","has-post-thumbnail","hentry","category-conferencias-y-seminarios"],"acf":[],"_links":{"self":[{"href":"https:\/\/fundacionincipe.com\/index.php\/wp-json\/wp\/v2\/posts\/6896","targetHints":{"allow":["GET"]}}],"collection":[{"href":"https:\/\/fundacionincipe.com\/index.php\/wp-json\/wp\/v2\/posts"}],"about":[{"href":"https:\/\/fundacionincipe.com\/index.php\/wp-json\/wp\/v2\/types\/post"}],"author":[{"embeddable":true,"href":"https:\/\/fundacionincipe.com\/index.php\/wp-json\/wp\/v2\/users\/3"}],"replies":[{"embeddable":true,"href":"https:\/\/fundacionincipe.com\/index.php\/wp-json\/wp\/v2\/comments?post=6896"}],"version-history":[{"count":3,"href":"https:\/\/fundacionincipe.com\/index.php\/wp-json\/wp\/v2\/posts\/6896\/revisions"}],"predecessor-version":[{"id":19117,"href":"https:\/\/fundacionincipe.com\/index.php\/wp-json\/wp\/v2\/posts\/6896\/revisions\/19117"}],"wp:featuredmedia":[{"embeddable":true,"href":"https:\/\/fundacionincipe.com\/index.php\/wp-json\/wp\/v2\/media\/17989"}],"wp:attachment":[{"href":"https:\/\/fundacionincipe.com\/index.php\/wp-json\/wp\/v2\/media?parent=6896"}],"wp:term":[{"taxonomy":"category","embeddable":true,"href":"https:\/\/fundacionincipe.com\/index.php\/wp-json\/wp\/v2\/categories?post=6896"},{"taxonomy":"post_tag","embeddable":true,"href":"https:\/\/fundacionincipe.com\/index.php\/wp-json\/wp\/v2\/tags?post=6896"}],"curies":[{"name":"wp","href":"https:\/\/api.w.org\/{rel}","templated":true}]}}