{"id":6892,"date":"2020-06-24T12:26:39","date_gmt":"2020-06-24T10:26:39","guid":{"rendered":"http:\/\/www.incipe.org\/?p=6892"},"modified":"2024-11-22T09:19:41","modified_gmt":"2024-11-22T09:19:41","slug":"el-mar-negro-en-la-estrategia-europea-ante-las-crisis-seguridad-energia-y-comunicacion","status":"publish","type":"post","link":"https:\/\/fundacionincipe.com\/index.php\/2020\/06\/24\/el-mar-negro-en-la-estrategia-europea-ante-las-crisis-seguridad-energia-y-comunicacion\/","title":{"rendered":"El mar Negro en la estrategia europea ante las crisis seguridad, energ\u00eda y comunicaci\u00f3n"},"content":{"rendered":"\n<p>La sesi\u00f3n se desarroll\u00f3 en espa\u00f1ol y congreg\u00f3 a una audiencia interesada en conocer la confluencia de intereses nacionales de los pa\u00edses del Mar Negro con otros intereses dom\u00e9sticos y comunitarios dentro de la UE, en el contexto de la pandemia. Para ello, contamos con la participaci\u00f3n de Radu Magdin, analista y consultor pol\u00edtico<em>.<\/em> Durante la sesi\u00f3n, Radu Magdin manifest\u00f3 la urgencia de alinear los distintos intereses nacionales con los comunitarios para alcanzar soluciones a la crisis que cubran los intereses de todos los estados del espacio europeo.<\/p>\n\n\n\n<p>El ponente destac\u00f3 la importancia de la eficiencia en tiempos de crisis, se\u00f1alando un enfrentamiento entre la percepci\u00f3n, los planes y las prioridades durante emergencias como la del COVID-19. Subray\u00f3 que existe una desconexi\u00f3n entre Bruselas y las capitales de los estados miembros, alimentada por la desinformaci\u00f3n, lo que dificulta la gesti\u00f3n coordinada de estas crisis. Ante esta realidad, el ponente propuso una <strong>integraci\u00f3n de los intereses regionales en las agendas nacionales, conectando mensajes estrat\u00e9gicos con necesidades diarias<\/strong> para asegurar que las prioridades compartidas sean percibidas como relevantes tanto para los l\u00edderes pol\u00edticos como para la ciudadan\u00eda.<\/p>\n\n\n\n<p>En el caso del Mar Negro, se enfatiz\u00f3 su relevancia como un \u00e1rea de inter\u00e9s estrat\u00e9gico para la UE, con implicaciones en seguridad, energ\u00eda y oportunidades econ\u00f3micas. <strong>El ponente propone un di\u00e1logo continuo entre pa\u00edses como Espa\u00f1a y Ruman\u00eda para alinear sus intereses nacionales con los regionales y europeos<\/strong>, evitando divisiones internas en la Uni\u00f3n. Se\u00f1al\u00f3 que para articular una agenda com\u00fan, es crucial reconocer los intereses locales de los distintos pa\u00edses como igual de relevantes, permitiendo una integraci\u00f3n m\u00e1s eficaz de las prioridades regionales en el contexto nacional y europeo.<\/p>\n\n\n\n<p>Finalmente, el ponente abord\u00f3 las tensiones estrat\u00e9gicas globales, como la <strong>competici\u00f3n entre Estados Unidos y China, que afectan las din\u00e1micas dentro de la UE<\/strong>. Europa es el punto de convergencia entre estas potencias, por lo que enfrenta desaf\u00edos para mantener un equilibrio en su relaci\u00f3n con ambas y avanzar hacia una autonom\u00eda estrat\u00e9gica. La respuesta a estas crisis, seg\u00fan el ponente, requiere una acci\u00f3n conjunta de todos los pa\u00edses de la UE. La alternativa ser\u00eda la formaci\u00f3n de coaliciones dentro de la Uni\u00f3n, que terminar\u00edan bloqueando mutuamente sus intereses particulares. Adem\u00e1s, destac\u00f3 el papel clave de empresas y comunidades intelectuales en la creaci\u00f3n de una agenda compartida, como la relaci\u00f3n entre Espa\u00f1a y Ruman\u00eda, que podr\u00eda actuar como puente entre los intereses del oeste de Europa y los estados cercanos al Mar Negro.<\/p>\n\n\n\n<p>La sesi\u00f3n concluy\u00f3 con un debate donde los participantes pudieron plantear preguntas sobre los temas tratados. Este intercambio subray\u00f3 la relevancia de comprender la coordinaci\u00f3n de acciones nacionales y comunitarias a nivel Europeo en situaciones de crisis.\u00a0<\/p>\n\n\n\n<p>Luc\u00eda Rodr\u00edguez<\/p>\n","protected":false},"excerpt":{"rendered":"<p>La sesi\u00f3n se desarroll\u00f3 en espa\u00f1ol y congreg\u00f3 a una audiencia interesada en conocer la confluencia de intereses nacionales de los pa\u00edses del Mar Negro con otros intereses dom\u00e9sticos y [&hellip;]<\/p>\n","protected":false},"author":3,"featured_media":17988,"comment_status":"closed","ping_status":"closed","sticky":false,"template":"","format":"standard","meta":{"_acf_changed":false,"footnotes":""},"categories":[8],"tags":[],"class_list":["post-6892","post","type-post","status-publish","format-standard","has-post-thumbnail","hentry","category-conferencias-y-seminarios"],"acf":[],"_links":{"self":[{"href":"https:\/\/fundacionincipe.com\/index.php\/wp-json\/wp\/v2\/posts\/6892","targetHints":{"allow":["GET"]}}],"collection":[{"href":"https:\/\/fundacionincipe.com\/index.php\/wp-json\/wp\/v2\/posts"}],"about":[{"href":"https:\/\/fundacionincipe.com\/index.php\/wp-json\/wp\/v2\/types\/post"}],"author":[{"embeddable":true,"href":"https:\/\/fundacionincipe.com\/index.php\/wp-json\/wp\/v2\/users\/3"}],"replies":[{"embeddable":true,"href":"https:\/\/fundacionincipe.com\/index.php\/wp-json\/wp\/v2\/comments?post=6892"}],"version-history":[{"count":5,"href":"https:\/\/fundacionincipe.com\/index.php\/wp-json\/wp\/v2\/posts\/6892\/revisions"}],"predecessor-version":[{"id":19113,"href":"https:\/\/fundacionincipe.com\/index.php\/wp-json\/wp\/v2\/posts\/6892\/revisions\/19113"}],"wp:featuredmedia":[{"embeddable":true,"href":"https:\/\/fundacionincipe.com\/index.php\/wp-json\/wp\/v2\/media\/17988"}],"wp:attachment":[{"href":"https:\/\/fundacionincipe.com\/index.php\/wp-json\/wp\/v2\/media?parent=6892"}],"wp:term":[{"taxonomy":"category","embeddable":true,"href":"https:\/\/fundacionincipe.com\/index.php\/wp-json\/wp\/v2\/categories?post=6892"},{"taxonomy":"post_tag","embeddable":true,"href":"https:\/\/fundacionincipe.com\/index.php\/wp-json\/wp\/v2\/tags?post=6892"}],"curies":[{"name":"wp","href":"https:\/\/api.w.org\/{rel}","templated":true}]}}