{"id":6889,"date":"2020-07-08T12:24:42","date_gmt":"2020-07-08T10:24:42","guid":{"rendered":"http:\/\/www.incipe.org\/?p=6889"},"modified":"2024-10-22T11:26:10","modified_gmt":"2024-10-22T11:26:10","slug":"la-ume-y-la-operacion-balmis","status":"publish","type":"post","link":"https:\/\/fundacionincipe.com\/index.php\/2020\/07\/08\/la-ume-y-la-operacion-balmis\/","title":{"rendered":"La UME y la operaci\u00f3n Balmis"},"content":{"rendered":"<p><!--:es--><\/p>\n<p style=\"text-align: justify;\">La Unidad Militar de Emergencias (UME) es una fuerza miliar conjunta que est\u00e1 organizada con car\u00e1cter permanente y que tiene la misi\u00f3n de intervenir en cualquier punto de la geograf\u00eda estatal en caso de cat\u00e1strofe o de que la seguridad de los ciudadanos est\u00e9 en riesgo. Su mando tiene l\u00ednea directa con el Ministerio de Defensa, y una de sus principales caracter\u00edsticas es que sus batallones est\u00e1n distribuidos por toda la geograf\u00eda espa\u00f1ola, de tal forma que son capaces de desplegarse en cualquier punto del pa\u00eds en menos de cuatro horas.<\/p>\n<p style=\"text-align: justify;\">La <strong><em>Operaci\u00f3n Balmis<\/em> nace el pasado 15 de marzo<\/strong>. Tras la declaraci\u00f3n del estado de alarma del pasado 14 de marzo, se nombraron cuatro autoridades delegadas, siendo la principal el titular del Ministerio de Sanidad, y junto a este, los Ministerios de Interior, de Transportes y de Defensa, a los que se sum\u00f3 una quinta autoridad, el Ministerio de Asuntos Sociales. En ese momento, la ministra de Defensa, Margarita Robles, orden\u00f3 al jefe del Estado Mayor de la Defensa constituir una fuerza bajo su mando \u00fanico capaz de integrar todos los apoyos que las FF.AA. pudiesen dar al sistema nacional de salud.<\/p>\n<p style=\"text-align: justify;\">Destaca el GD Cuesta, en este sentido, la <strong>r\u00e1pida actuaci\u00f3n por parte de la UME<\/strong>, que estaba preparada para actuar, y <strong>desde el d\u00eda 15 de marzo tenia a sus efectivos desplegados por toda Espa\u00f1a<\/strong>. Esta rapidez de actuaci\u00f3n, que permiti\u00f3 a la UME soportar la mayor carga de las operaciones en los primeros momentos de la pandemia, cuando la situaci\u00f3n era m\u00e1s cr\u00edtica, se debi\u00f3 a la anticipaci\u00f3n a la hora de prepararse ante un inminente descontrol de la pandemia, gracias al <em>Plan Coraza<\/em> que se puso en marcha al observar el avance de la pandemia en Italia y que ten\u00eda como objetivo implementar medidas de autoprotecci\u00f3n, sin que ello afectase a la capacidad de mando y actuaci\u00f3n de la UME.<\/p>\n<p style=\"text-align: justify;\">En cuanto a las tareas desempe\u00f1adas por la UME dentro de la Operaci\u00f3n Balmis, desde el d\u00eda 15 de marzo se hicieron patrullas de reconocimiento de las necesidades de ayuda. Como resultado, <strong>m\u00e1s de un 50% de los efectivos se destinaron a labores de desinfecci\u00f3n<\/strong> de infraestructuras esenciales de transporte, hospitales, residencias, etc. Pero tambi\u00e9n al traslado de enfermos entre hospitales e incluso de fallecidos a las morgues provisionales. Paralelamente a la realizaci\u00f3n de estas tareas, iban elaborando procedimientos orientados a la formaci\u00f3n y la creaci\u00f3n de protocolos de actuaci\u00f3n frente a la Covid-19.<\/p>\n<p style=\"text-align: justify;\">El GD Cuesta hace una menci\u00f3n especial, para terminar su ponencia, a la <strong>capacidad de resiliencia e innovaci\u00f3n de la UME a la hora de luchar contra la pandemia<\/strong>, que se puso de manifiesto en la adaptaci\u00f3n de los medios disponibles a las tareas requeridas, convirtiendo, por ejemplo, los equipos de lucha contra incendios el herramientas para\u00a0 desinfectar superficies , as\u00ed como el despliegue de un amplio dispositivo de ayuda psicol\u00f3gica al personal de la UME para ayudarles a lidiar psicol\u00f3gicamente con la incertidumbre que provocaba la lucha contra la pandemia.<\/p>\n<p>Sof\u00eda Alfayate<\/p>\n<p><!--:--><\/p>\n","protected":false},"excerpt":{"rendered":"<p>La Unidad Militar de Emergencias (UME) es una fuerza miliar conjunta que est\u00e1 organizada con car\u00e1cter permanente y que tiene la misi\u00f3n de intervenir en cualquier punto de la geograf\u00eda [&hellip;]<\/p>\n","protected":false},"author":3,"featured_media":17981,"comment_status":"closed","ping_status":"closed","sticky":false,"template":"","format":"standard","meta":{"_acf_changed":false,"footnotes":""},"categories":[8],"tags":[],"class_list":["post-6889","post","type-post","status-publish","format-standard","has-post-thumbnail","hentry","category-conferencias-y-seminarios"],"acf":[],"_links":{"self":[{"href":"https:\/\/fundacionincipe.com\/index.php\/wp-json\/wp\/v2\/posts\/6889","targetHints":{"allow":["GET"]}}],"collection":[{"href":"https:\/\/fundacionincipe.com\/index.php\/wp-json\/wp\/v2\/posts"}],"about":[{"href":"https:\/\/fundacionincipe.com\/index.php\/wp-json\/wp\/v2\/types\/post"}],"author":[{"embeddable":true,"href":"https:\/\/fundacionincipe.com\/index.php\/wp-json\/wp\/v2\/users\/3"}],"replies":[{"embeddable":true,"href":"https:\/\/fundacionincipe.com\/index.php\/wp-json\/wp\/v2\/comments?post=6889"}],"version-history":[{"count":2,"href":"https:\/\/fundacionincipe.com\/index.php\/wp-json\/wp\/v2\/posts\/6889\/revisions"}],"predecessor-version":[{"id":17982,"href":"https:\/\/fundacionincipe.com\/index.php\/wp-json\/wp\/v2\/posts\/6889\/revisions\/17982"}],"wp:featuredmedia":[{"embeddable":true,"href":"https:\/\/fundacionincipe.com\/index.php\/wp-json\/wp\/v2\/media\/17981"}],"wp:attachment":[{"href":"https:\/\/fundacionincipe.com\/index.php\/wp-json\/wp\/v2\/media?parent=6889"}],"wp:term":[{"taxonomy":"category","embeddable":true,"href":"https:\/\/fundacionincipe.com\/index.php\/wp-json\/wp\/v2\/categories?post=6889"},{"taxonomy":"post_tag","embeddable":true,"href":"https:\/\/fundacionincipe.com\/index.php\/wp-json\/wp\/v2\/tags?post=6889"}],"curies":[{"name":"wp","href":"https:\/\/api.w.org\/{rel}","templated":true}]}}