{"id":6877,"date":"2020-10-08T12:14:13","date_gmt":"2020-10-08T10:14:13","guid":{"rendered":"http:\/\/www.incipe.org\/?p=6877"},"modified":"2024-10-22T11:16:15","modified_gmt":"2024-10-22T11:16:15","slug":"ya-nada-sera-igual-la-economia-tras-la-pandemia","status":"publish","type":"post","link":"https:\/\/fundacionincipe.com\/index.php\/2020\/10\/08\/ya-nada-sera-igual-la-economia-tras-la-pandemia\/","title":{"rendered":"Ya nada ser\u00e1 igual: la econom\u00eda tras la pandemia"},"content":{"rendered":"<p><!--:es--><\/p>\n<p style=\"text-align: justify;\">La intervenci\u00f3n de Jos\u00e9 Juan Ruiz se centr\u00f3, como especialista en Latinoam\u00e9rica, en las consecuencias econ\u00f3micas de la pandemia provocada por la COVID-19 en esta regi\u00f3n, por considerar que, en ella \u201ctodos los efectos de la pandemia, tanto sanitarios, como econ\u00f3micos, pol\u00edticos y sociales est\u00e1n exacerbados.\u201d<\/p>\n<p style=\"text-align: justify;\">La <strong>pandemia est\u00e1 teniendo en Latinoam\u00e9rica unas consecuencias sanitarias devastadoras<\/strong>. La regi\u00f3n supone el 9% de la poblaci\u00f3n mundial y concentra el 20% de los contagios diarios, registrando adem\u00e1s, una alt\u00edsima letalidad. Esto se debe a los mismos problemas que, durante d\u00e9cadas, han impedido el desarrollo y la cohesi\u00f3n social en la regi\u00f3n, y que tienen\u00a0 un gran componente econ\u00f3mico. La escasa inversi\u00f3n del PIB en sanidad y atenci\u00f3n primaria, las desigualdades en la distribuci\u00f3n de la renta y acceso a los recursos e infraestructuras b\u00e1sicas y el predominio de la econom\u00eda informal evita que las, al menos formalmente, estrictas medidas de distanciamiento social impuestas en toda la regi\u00f3n \u2013excepto en Brasil- no tengan el efecto que se esperaba, comportando un fracaso en la estrategia latinoamericana de <em>\u2018test and trace\u2019.<\/em><\/p>\n<p style=\"text-align: justify;\">En la regi\u00f3n se magnifican tambi\u00e9n las consecuencias econ\u00f3micas de la pandemia. Am\u00e9rica Latina lleva, desde la d\u00e9cada de los 80, creciendo la mitad que los pa\u00edses emergentes asi\u00e1ticos, por lo que, mientras que durante este periodo el PIB latinoamericano ha crecido tres veces, la media de crecimiento del PIB en Asia es pr\u00e1cticamente el doble.<\/p>\n<p style=\"text-align: justify;\">En este contexto, tal y como explica el ponente, <strong>los grandes efectos econ\u00f3micos de la pandemia en Latinoam\u00e9rica se explican por su fuente dependencia de factores econ\u00f3micos externos a la regi\u00f3n<\/strong>, frente a los factores internos, de tal forma que, mientras que el 75% del PIB depende del comercio internacional, las <em>comodities<\/em>, las remesas o el turismo, sectores que ha visto reducida su actividad dr\u00e1sticamente durante los primeros meses de pandemia, tan solo un 25% de sus ingresos depende de las medidas llevadas\u00a0 a cabo por los gobiernos, en concreto, de las medidas de confinamiento, que en la regi\u00f3n son muy severas, con el impacto en la actividad econ\u00f3mica que esto supone, y la capacidad de los Estados de suplir, con transferencias, las rentas y las empresas, algo para lo que la econom\u00eda latinoamericana no est\u00e1 preparada.<\/p>\n<p style=\"text-align: justify;\">El resultado es que <strong>Latinoam\u00e9rica est\u00e1 viviendo su crisis econ\u00f3mica m\u00e1s grave desde la gran depresi\u00f3n de 1929<\/strong> con una gran repercusi\u00f3n en la estabilidad pol\u00edtica de la regi\u00f3n. La crisis econ\u00f3mica supone un riesgo para los grandes grupos poblacionales que, durante la d\u00e9cada anterior, consiguieron salir de la pobreza, pero sin llegar a consolidarse como clases medias. En concreto, especifica Jos\u00e9 Juan Ruiz, unos 20 millones de personas. Esto da pie a pensar, que de no funcionar las pol\u00edticas de contenci\u00f3n de la pandemia que la mayor\u00eda de l\u00edderes pol\u00edticos est\u00e1n llevando a cabo, Latinoam\u00e9rica puede llegar a caer, tras d\u00e9cadas de neoliberalismo, en lo que el ponente califica como neopobrismo.\u00a0 Esta situaci\u00f3n de aumento de la pobreza y la extrema pobreza va a tener como consecuencia inestabilidad social y, en palabras del ponente, \u201cel Estado, sin mucha capacidad y pensando en el corto plazo, va a intentar sostener sin muchos recursos ni respeto por las instituciones y las reglas, a la mayor parte de la poblaci\u00f3n, generando movimientos populistas o neopopulistas como est\u00e1 ocurriendo en Brasil\u201d, algo que Jos\u00e9 Juan Ruiz considera muy peligroso para la regi\u00f3n, en un momento de gran actividad electoral.<\/p>\n<p style=\"text-align: justify;\">En l\u00ednea con lo anterior, y para concluir con su intervenci\u00f3n, Jos\u00e9 Juan Ruiz destac\u00f3 la i<strong>mportancia de las elecciones estadounidenses para Latinoam\u00e9rica y para el resto del mundo<\/strong>. Considera que, si Estados Unidos no consigue evitar frenar la tendencia de deterioro de sus instituciones y evitar que tendencias iliberales se consoliden en la sociedad, puede sentar las bases para que otros actores pol\u00edticos sin apego por las instituciones y el estado de derecho intenten acceder al poder y lo consigan; sentando las bases de una etapa de liderazgos t\u00f3xicos que intenten dar a problemas complejos como los provocados por la pandemia, soluciones simples, que no har\u00e1n m\u00e1s que complicar el ya de por si complejo orden mundial que se presenta.<\/p>\n<p>Sof\u00eda Alfayate<\/p>\n<p><!--:--><\/p>\n","protected":false},"excerpt":{"rendered":"<p>La intervenci\u00f3n de Jos\u00e9 Juan Ruiz se centr\u00f3, como especialista en Latinoam\u00e9rica, en las consecuencias econ\u00f3micas de la pandemia provocada por la COVID-19 en esta regi\u00f3n, por considerar que, en [&hellip;]<\/p>\n","protected":false},"author":3,"featured_media":17973,"comment_status":"closed","ping_status":"closed","sticky":false,"template":"","format":"standard","meta":{"_acf_changed":false,"footnotes":""},"categories":[8],"tags":[],"class_list":["post-6877","post","type-post","status-publish","format-standard","has-post-thumbnail","hentry","category-conferencias-y-seminarios"],"acf":[],"_links":{"self":[{"href":"https:\/\/fundacionincipe.com\/index.php\/wp-json\/wp\/v2\/posts\/6877","targetHints":{"allow":["GET"]}}],"collection":[{"href":"https:\/\/fundacionincipe.com\/index.php\/wp-json\/wp\/v2\/posts"}],"about":[{"href":"https:\/\/fundacionincipe.com\/index.php\/wp-json\/wp\/v2\/types\/post"}],"author":[{"embeddable":true,"href":"https:\/\/fundacionincipe.com\/index.php\/wp-json\/wp\/v2\/users\/3"}],"replies":[{"embeddable":true,"href":"https:\/\/fundacionincipe.com\/index.php\/wp-json\/wp\/v2\/comments?post=6877"}],"version-history":[{"count":6,"href":"https:\/\/fundacionincipe.com\/index.php\/wp-json\/wp\/v2\/posts\/6877\/revisions"}],"predecessor-version":[{"id":17974,"href":"https:\/\/fundacionincipe.com\/index.php\/wp-json\/wp\/v2\/posts\/6877\/revisions\/17974"}],"wp:featuredmedia":[{"embeddable":true,"href":"https:\/\/fundacionincipe.com\/index.php\/wp-json\/wp\/v2\/media\/17973"}],"wp:attachment":[{"href":"https:\/\/fundacionincipe.com\/index.php\/wp-json\/wp\/v2\/media?parent=6877"}],"wp:term":[{"taxonomy":"category","embeddable":true,"href":"https:\/\/fundacionincipe.com\/index.php\/wp-json\/wp\/v2\/categories?post=6877"},{"taxonomy":"post_tag","embeddable":true,"href":"https:\/\/fundacionincipe.com\/index.php\/wp-json\/wp\/v2\/tags?post=6877"}],"curies":[{"name":"wp","href":"https:\/\/api.w.org\/{rel}","templated":true}]}}