{"id":6862,"date":"2020-11-30T13:34:29","date_gmt":"2020-11-30T12:34:29","guid":{"rendered":"http:\/\/www.incipe.org\/?p=6862"},"modified":"2024-10-22T10:48:03","modified_gmt":"2024-10-22T10:48:03","slug":"europa-frente-a-la-crisis-de-la-covid-19","status":"publish","type":"post","link":"https:\/\/fundacionincipe.com\/index.php\/2020\/11\/30\/europa-frente-a-la-crisis-de-la-covid-19\/","title":{"rendered":"Europa frente a la crisis de la Covid-19"},"content":{"rendered":"<p><!--:es--><\/p>\n<p style=\"text-align: justify;\">Ni la pandemia provocada por la COVID-19, ni sus consecuencias, son problemas que afecten exclusivamente a Europa, sino que, como la mayor\u00eda de amenazas a la estabilidad de la Uni\u00f3n Europea, tienen un car\u00e1cter global. No obstante, tal y como plantea Mar\u00eda Victoria Gonz\u00e1lez Rom\u00e1n al inicio de su intervenci\u00f3n, con diecisiete millones de casos detectados y 400.000 muertes, \u201cest\u00e1 teniendo una incidencia mayor, en algunos aspectos, que en otras partes del mundo\u201d.<\/p>\n<p style=\"text-align: justify;\">El impacto econ\u00f3mico tambi\u00e9n es enorme \u2013 seg\u00fan la Canciller alemana \u00c1ngela Merkel el mayor desde la II Guerra Mundial- con ca\u00eddas del PIB que van desde el 10,5% de Italia al 5% de pa\u00edses como Alemania o Polonia con respecto al a\u00f1o pasado. En este contexto en el que la COVID- 19 ejerce como acelerador geopol\u00edtico, la Uni\u00f3n Europea ha tenido que responder con el objetivo de establecer l\u00edneas de actuaci\u00f3n com\u00fan.<\/p>\n<p style=\"text-align: justify;\">La directora general califica las primeras actuaciones europeas y de los Estados miembros como \u201ccon luces y sombras\u201d. Al inicio de la pandemia imperaba un sentimiento de \u201cmi pa\u00eds primero\u201d que llev\u00f3 a los Estados Miembros a solucionar sus propios problemas en cuanto a la movilidad de sus ciudadanos, la seguridad de sus equipos sanitarios as\u00ed como al cierre de las fronteras. Paralelamente, toda la Uni\u00f3n Europea se organiz\u00f3 para repatriar a los ciudadanos europeos que hab\u00edan quedado \u2018atrapados\u2019 en otros pa\u00edses.<\/p>\n<p style=\"text-align: justify;\">En este momento de reinstauraci\u00f3n de fronteras, adem\u00e1s de la dificultad para la movilizaci\u00f3n de los recursos comunes y por consiguiente, un cierto escepticismo en torno a la capacidad de la Uni\u00f3n Europea de actuar como y cuando es necesario, se estaban celebrando las <strong>negociaciones sobre el marco presupuestario para los pr\u00f3ximos siete a\u00f1os<\/strong>. Unas negociaciones que Gonz\u00e1lez Rom\u00e1n ha descrito como \u201cmuy duras y con un papel de liderazgo de Espa\u00f1a e Italia, dos de los pa\u00edses europeos m\u00e1s afectados por la pandemia\u201d, pero que tuvieron como resultado la <strong>creaci\u00f3n de un fondo de recuperaci\u00f3n dotado de 750.000 millones de euros<\/strong> y el compromiso de la UE de contraer prestamos en los mercados de capitales en favor de la Uni\u00f3n.<\/p>\n<p style=\"text-align: justify;\">Destaca asimismo la directora general, el instrumento <strong><em>Next Generation UE <\/em><\/strong>basado en subvenciones\u00a0 y la concesi\u00f3n de pr\u00e9stamos a largo plazo con prioridad de distribuci\u00f3n a aquellos pa\u00edses con m\u00e1s dificultades, y que considera, adem\u00e1s de un enorme ejercicio de solidaridad dentro de la Uni\u00f3n, un gran activo de su polic\u00eda exterior y un cambio del posicionamiento de la UE en el mundo.<\/p>\n<p style=\"text-align: justify;\">Ahora llega el momento de que la Uni\u00f3n Europea retome la <strong>Conferencia sobre el Futuro de Europa<\/strong>, prevista inicialmente para la primavera de 2020 y a la que la pandemia va a proporcionar un nuevo contexto y una nueva forma de enfrentarse a desaf\u00edos que ya existan antes como la crisis del multilateralismo, la desigualdad, la revoluci\u00f3n tecnol\u00f3gica entre otros problemas globales, y \u00a0que hoy m\u00e1s que nunca requieren de un compromiso global de la Uni\u00f3n y los Estados miembros para enfrentarse a ellos.<\/p>\n<p>Sof\u00eda Alfayate<\/p>\n<p><!--:--><\/p>\n","protected":false},"excerpt":{"rendered":"<p>Ni la pandemia provocada por la COVID-19, ni sus consecuencias, son problemas que afecten exclusivamente a Europa, sino que, como la mayor\u00eda de amenazas a la estabilidad de la Uni\u00f3n [&hellip;]<\/p>\n","protected":false},"author":3,"featured_media":17952,"comment_status":"closed","ping_status":"closed","sticky":false,"template":"","format":"standard","meta":{"_acf_changed":false,"footnotes":""},"categories":[8],"tags":[],"class_list":["post-6862","post","type-post","status-publish","format-standard","has-post-thumbnail","hentry","category-conferencias-y-seminarios"],"acf":[],"_links":{"self":[{"href":"https:\/\/fundacionincipe.com\/index.php\/wp-json\/wp\/v2\/posts\/6862","targetHints":{"allow":["GET"]}}],"collection":[{"href":"https:\/\/fundacionincipe.com\/index.php\/wp-json\/wp\/v2\/posts"}],"about":[{"href":"https:\/\/fundacionincipe.com\/index.php\/wp-json\/wp\/v2\/types\/post"}],"author":[{"embeddable":true,"href":"https:\/\/fundacionincipe.com\/index.php\/wp-json\/wp\/v2\/users\/3"}],"replies":[{"embeddable":true,"href":"https:\/\/fundacionincipe.com\/index.php\/wp-json\/wp\/v2\/comments?post=6862"}],"version-history":[{"count":1,"href":"https:\/\/fundacionincipe.com\/index.php\/wp-json\/wp\/v2\/posts\/6862\/revisions"}],"predecessor-version":[{"id":17951,"href":"https:\/\/fundacionincipe.com\/index.php\/wp-json\/wp\/v2\/posts\/6862\/revisions\/17951"}],"wp:featuredmedia":[{"embeddable":true,"href":"https:\/\/fundacionincipe.com\/index.php\/wp-json\/wp\/v2\/media\/17952"}],"wp:attachment":[{"href":"https:\/\/fundacionincipe.com\/index.php\/wp-json\/wp\/v2\/media?parent=6862"}],"wp:term":[{"taxonomy":"category","embeddable":true,"href":"https:\/\/fundacionincipe.com\/index.php\/wp-json\/wp\/v2\/categories?post=6862"},{"taxonomy":"post_tag","embeddable":true,"href":"https:\/\/fundacionincipe.com\/index.php\/wp-json\/wp\/v2\/tags?post=6862"}],"curies":[{"name":"wp","href":"https:\/\/api.w.org\/{rel}","templated":true}]}}