{"id":6856,"date":"2021-01-12T13:23:30","date_gmt":"2021-01-12T12:23:30","guid":{"rendered":"http:\/\/www.incipe.org\/?p=6856"},"modified":"2024-10-22T10:42:39","modified_gmt":"2024-10-22T10:42:39","slug":"el-efecto-biden-oportunidades-y-retos-para-el-multilateralismo-3","status":"publish","type":"post","link":"https:\/\/fundacionincipe.com\/index.php\/2021\/01\/12\/el-efecto-biden-oportunidades-y-retos-para-el-multilateralismo-3\/","title":{"rendered":"El efecto Biden: oportunidades y retos para el multilateralismo"},"content":{"rendered":"<p><!--:es--><\/p>\n<p style=\"text-align: justify;\">Tras las elecciones de noviembre de 2020, donde Joe Biden fue elegido presidente electo de los Estados Unidos, y los m\u00e1s recientes acontecimientos en el Capitolio, la comunidad internacional se pregunta qu\u00e9 est\u00e1 pasando en Estados Unidos, sus consecuencias a medio y largo plazo y cu\u00e1les pueden ser las l\u00edneas maestras de su pol\u00edtica exterior, fundamentalmente con potencias como China, la Uni\u00f3n Europea y Rusia.<\/p>\n<p style=\"text-align: justify;\"><strong>\u201cEstados Unidos es mucho m\u00e1s que Trump\u201d<\/strong>, puntualiza Javier Solana al inicio de su intervenci\u00f3n. Desde 1966 Solana ha estado estrechamente vinculado a Estados Unidos, d\u00f3nde curs\u00f3 un programa de doctorado en f\u00edsica gracias al programa de becas Fulbright. \u201cSolo el 20% de los republicanos y de los dem\u00f3cratas, creen que los del otro partido, comparten sus mismos objetivos y valores e, incluso, una misma comprensi\u00f3n de lo que quiere decir Am\u00e9rica\u201d, se\u00f1ala Solana. Esa falta de cohesi\u00f3n para un pa\u00eds como Estados Unidos complica la convivencia de una ciudadan\u00eda tan heterogenia. Adem\u00e1s, los cuatro a\u00f1os de la Administraci\u00f3n Trump han aumentado el desencuentro y las fisuras. suponiendo un enorme reto para el nuevo gobierno.<\/p>\n<p style=\"text-align: justify;\">Las elecciones, sin lugar a dudas, las ha ganado el candidato dem\u00f3crata, tanto en voto popular como en el Colegio Electoral. Incluso ha ratificado la<strong> victoria con una elecci\u00f3n importante en el estado de Georgia, que le otorga la mayor\u00eda en el Senado<\/strong>. Merece la pena destacar el Gabinete que la Administraci\u00f3n Biden est\u00e1 formando, compuesto por personas altamente cualificadas, eficaces e inspiradoras. El mejor ejemplo es la propia vicepresidenta electa de los Estados Unidos, Kamala Harris, con un perfil pol\u00edtico y personal sumamente interesante. Harris, que se postul\u00f3 para la nominaci\u00f3n dem\u00f3crata de 2020 a la Presidencia, ha sido fiscal general de estado de California (2011-2017) y senadora por California (2017-2021).<\/p>\n<p style=\"text-align: justify;\">Sin embargo, seg\u00fan el criterio de Solana, Biden se ha arriesgado poniendo a un militar al frente del Departamento de Defensa. <strong>Lloyd Austid, nuevo secretario de Defensa, ser\u00e1 el tercer militar que ocupe este cargo<\/strong>; la primera vez fue con el presidente Truman y en segunda ocasi\u00f3n con el presidente Trump. Por \u00faltimo, el m\u00e1s reciente nombramiento de Biden es el <strong>nuevo director general de la CIA, el diplom\u00e1tico William Burns<\/strong>. Solana considera este nombramiento un acierto magistral, dada su impecable trayectoria profesional en puestos como embajador de los Estados Unidos en Mosc\u00fa. &#8220;Burns es una persona con pocas ganas de hacer ruido, pero muchas ganas de hacer cambios. Una persona de ampl\u00edsima mirada&#8221;, se\u00f1ala Solana.<\/p>\n<p style=\"text-align: justify;\">La doctrina de la nueva administraci\u00f3n se puede resumir en la frase <strong>&#8220;lead not by example of power, but power of our example&#8221;<\/strong>, pronuncia por el propio Biden. Es un claro ejemplo de que su gobierno pretende recuperar el <em>soft power<\/em>. Tambi\u00e9n propone una pol\u00edtica exterior &#8220;que repercuta en las clases medias del pa\u00eds&#8221;, con una gesti\u00f3n m\u00e1s positiva de la globalizaci\u00f3n y con la voluntad de beneficiar a aquellos que han sufrido m\u00e1s. Respecto a su presencia en organizaciones internacionales, seg\u00fan el juicio de Javier Solana, el primer paso de Estados Unidos debe ser <strong>volver a la Organizaci\u00f3n Mundial de la Salud (OMS), <\/strong>fundamental para una respuesta coordinada y global ante la Covid-19. Adem\u00e1s, la Organizaci\u00f3n Mundial del Comercio (OMC) debe reactivarse, entre otras razones porque juega un papel principal en las relaciones de Estados Unidos con China. Por \u00faltimo, cabe mencionar dos acuerdos internacionales esenciales a los que deber\u00eda volver Estados Unidos: el Acuerdo de Par\u00eds sobre cambioo clim\u00e1tico y el Acuerdo nuclear internacional firmado con Teher\u00e1n en el 2015.<\/p>\n<p>Aranzazu \u00c1lvarez<\/p>\n<p><!--:--><\/p>\n","protected":false},"excerpt":{"rendered":"<p>Tras las elecciones de noviembre de 2020, donde Joe Biden fue elegido presidente electo de los Estados Unidos, y los m\u00e1s recientes acontecimientos en el Capitolio, la comunidad internacional se [&hellip;]<\/p>\n","protected":false},"author":3,"featured_media":17944,"comment_status":"closed","ping_status":"closed","sticky":false,"template":"","format":"standard","meta":{"_acf_changed":false,"footnotes":""},"categories":[8],"tags":[],"class_list":["post-6856","post","type-post","status-publish","format-standard","has-post-thumbnail","hentry","category-conferencias-y-seminarios"],"acf":[],"_links":{"self":[{"href":"https:\/\/fundacionincipe.com\/index.php\/wp-json\/wp\/v2\/posts\/6856","targetHints":{"allow":["GET"]}}],"collection":[{"href":"https:\/\/fundacionincipe.com\/index.php\/wp-json\/wp\/v2\/posts"}],"about":[{"href":"https:\/\/fundacionincipe.com\/index.php\/wp-json\/wp\/v2\/types\/post"}],"author":[{"embeddable":true,"href":"https:\/\/fundacionincipe.com\/index.php\/wp-json\/wp\/v2\/users\/3"}],"replies":[{"embeddable":true,"href":"https:\/\/fundacionincipe.com\/index.php\/wp-json\/wp\/v2\/comments?post=6856"}],"version-history":[{"count":2,"href":"https:\/\/fundacionincipe.com\/index.php\/wp-json\/wp\/v2\/posts\/6856\/revisions"}],"predecessor-version":[{"id":17946,"href":"https:\/\/fundacionincipe.com\/index.php\/wp-json\/wp\/v2\/posts\/6856\/revisions\/17946"}],"wp:featuredmedia":[{"embeddable":true,"href":"https:\/\/fundacionincipe.com\/index.php\/wp-json\/wp\/v2\/media\/17944"}],"wp:attachment":[{"href":"https:\/\/fundacionincipe.com\/index.php\/wp-json\/wp\/v2\/media?parent=6856"}],"wp:term":[{"taxonomy":"category","embeddable":true,"href":"https:\/\/fundacionincipe.com\/index.php\/wp-json\/wp\/v2\/categories?post=6856"},{"taxonomy":"post_tag","embeddable":true,"href":"https:\/\/fundacionincipe.com\/index.php\/wp-json\/wp\/v2\/tags?post=6856"}],"curies":[{"name":"wp","href":"https:\/\/api.w.org\/{rel}","templated":true}]}}