{"id":6834,"date":"2020-11-13T12:32:07","date_gmt":"2020-11-13T11:32:07","guid":{"rendered":"http:\/\/www.incipe.org\/?p=6834"},"modified":"2024-10-22T10:56:26","modified_gmt":"2024-10-22T10:56:26","slug":"analisis-de-las-elecciones-presidenciales-de-estados-unidos","status":"publish","type":"post","link":"https:\/\/fundacionincipe.com\/index.php\/2020\/11\/13\/analisis-de-las-elecciones-presidenciales-de-estados-unidos\/","title":{"rendered":"An\u00e1lisis de las elecciones presidenciales de Estados Unidos"},"content":{"rendered":"<p><!--:es--><\/p>\n<p style=\"text-align: justify;\">El debate se celebr\u00f3 tras la elecciones presidenciales estadounidenses, que tuvieron lugar el 3 de noviembre. En \u00e9l, se analizaron las candidaturas de Joe Biden y Donald Trump, sus resultados y la profunda polarizaci\u00f3n entre el electorado dem\u00f3crata y republicano. Las elecciones de Estados Unidos se han seguido con una enorme expectaci\u00f3n e inter\u00e9s en todo el mundo. Por esa raz\u00f3n, Jorge Dezcallar destaca tres aspectos que los estadounidenses han valorado a la hora de vota: <strong>&#8220;\u00bfqu\u00e9 presidente queremos?, \u00bfQu\u00e9 democracia queremos? y \u00bfQu\u00e9 mundo queremos?&#8221; <\/strong>Sin embargo, el resultado electoral no ha hecho m\u00e1s que se\u00f1alar la divisi\u00f3n de la sociedad estadounidense y la polarizaci\u00f3n del electorado, sobre todo en t\u00e9rminos demogr\u00e1ficos. Las elecciones han reflejado dos visiones opuestas de la realidad.<\/p>\n<p style=\"text-align: justify;\"><strong>Jorge Dezcallar<\/strong> define al nuevo presidente citando a Bernie Sanders, que dijo que Joe Biden &#8220;<strong><em>it\u2019s a men&#8221;. <\/em><\/strong>Biden es una persona decente, de personalidad tranquila y con una enorme experiencia pol\u00edtica. Adem\u00e1s, ha adelantado que no se presentar\u00e1 a la reelecci\u00f3n lo que augura un futuro prometedor para la vicepresidenta, Kamala Harris. Biden, citando a la Biblia, se\u00f1ala <strong>&#8220;hay un tiempo para destruir, un tiempo para construir y un tiempo para sanar&#8221;<\/strong>, as\u00ed pues su prioridad ser\u00e1 frenar la polarizaci\u00f3n.<\/p>\n<p style=\"text-align: justify;\">Seg\u00fan Jorge Dezcallar, la nueva administraci\u00f3n se centrar\u00e1 en la pol\u00edtica interna. Las consecuencias de la pandemia en Estados Unidos son preocupantes, tanto en t\u00e9rminos sanitarios como econ\u00f3micos. Biden ha anunciado que va a contratar a 100.000 personas para reforzar el sistema de salud e intentar\u00e1 resucitar el <em>ObamaCare<\/em>. <strong>En t\u00e9rminos econ\u00f3micos, quiere volcarse esencialmente con la clase media estadounidense<\/strong>, impulsando medidas como el aumento del salario m\u00ednimo y subida de impuestos a las grandes fortunas. Adem\u00e1s, va a sustituir el eslogan \u201cAmerica first\u201d por <strong>\u201cMade in America\u201d<\/strong> . En relaci\u00f3n al cambio clim\u00e1tico, Biden ya ha se\u00f1alado que volver\u00e1 al Acuerdo de Par\u00eds y quiere lograr la neutralidad de emisiones en 2050 pero, en ning\u00fan caso, llegar\u00e1 al Green New Deal que propon\u00eda Bernie Sanders.<\/p>\n<p style=\"text-align: justify;\">Por otro lado, algunas voces demandan cambios y reformas en el sistema electoral. En siete de las \u00faltimas ocho elecciones ha ganado el partido dem\u00f3crata en voto popular. Sin embargo, ha habido cuatro presidentes republicanos.<strong><em><br \/>\n<\/em><\/strong><\/p>\n<p style=\"text-align: justify;\">Al margen de la pol\u00edtica interna, <strong>Biden se enfrenta a un mundo menos globalizado, m\u00e1s digitalizado y m\u00e1s desigual<\/strong>. &#8220;Biden es un internacionalista convencido. Tiene un compromiso claro con el multilateralismo&#8221;, se\u00f1ala Jorge Dezcallar. Adem\u00e1s, Estados Unidos tratar\u00e1 de recuperar la confianza de socios estrat\u00e9gicos como Europa, volver\u00e1 a organizaciones internacionales y revitalizar\u00e1 las Naciones Unidas. Respecto a China, va a buscar aliados para contener al gigante asi\u00e1tico y ser\u00e1 firme en cuestiones comerciales y de derechos humanos.<\/p>\n<p style=\"text-align: justify;\"><strong>Felipe Sahag\u00fan<\/strong> se\u00f1ala que, a d\u00eda de hoy, a\u00fan no han acabado de contarse los votos, lo cu\u00e1l ejemplifica las carencias del sistema electoral estadounidense. Asimismo, considera que, de haber ganado Donald Trump, la democracia estadounidense se habr\u00eda visto muy deteriorada. Sin embargo, hay que analizar las razones por las que m\u00e1s de 72 millones de estadounidenses han votado de nuevo a Trump. Las encuestas daban de siete a catorce puntos de media a Biden sobre Trump, atendiendo a la situaci\u00f3n econ\u00f3mica como consecuencia de la pandemia. Pese a la victoria de Biden, <strong>las encuestas han subestimado el voto republicano en estados claves como Florida o Texas<\/strong>. Para Felipe Sahag\u00fan hay que reconocer el acierto del profesor <strong>Allan Lichtman, que lleva anticipando el resultado electoral desde 1984<\/strong> (con excepci\u00f3n de las elecciones que gan\u00f3 George W. Bush en el a\u00f1o 2000). Lichtman aplica un modelo de trabajo con trece variables y analiza dentro de ellas a qu\u00e9 candidato beneficia. Su resultado para las elecciones de 2020, se impuso 7 a 6 Joe Biden.<\/p>\n<p style=\"text-align: justify;\">Muchos dem\u00f3cratas ya hab\u00edan pronosticado las acusaciones de Trump sobre el fraude electoral. Por esa raz\u00f3n, el presidente electo es el mejor de los candidatos dadan su enorme experiencia en la administraci\u00f3n federal. &#8220;Gracias a esto, la transici\u00f3n est\u00e1 avanzando a pesar del boicot por parte de la administraci\u00f3n saliente&#8221;, se\u00f1ala Felipe Sahag\u00fan. Las razones por las que Trump est\u00e1 boicoteando los resultados de las elecciones son desconocidas, pero las consecuencias tienen un coste alt\u00edsimo tanto para la democracia estadounidense como para su imagen en el exterior.<\/p>\n<p style=\"text-align: justify;\">Tras la intervenci\u00f3n de ambos ponentes, el moderador del debate di\u00f3 paso al turno de preguntas que los participantes plantearon a trav\u00e9s del chat de YouTube, Twitter o correo electr\u00f3nico.<\/p>\n<p>Aranzazu \u00c1lvarez<br \/>\n<!--:--><\/p>\n","protected":false},"excerpt":{"rendered":"<p>El debate se celebr\u00f3 tras la elecciones presidenciales estadounidenses, que tuvieron lugar el 3 de noviembre. En \u00e9l, se analizaron las candidaturas de Joe Biden y Donald Trump, sus resultados [&hellip;]<\/p>\n","protected":false},"author":3,"featured_media":17960,"comment_status":"closed","ping_status":"closed","sticky":false,"template":"","format":"standard","meta":{"_acf_changed":false,"footnotes":""},"categories":[8],"tags":[],"class_list":["post-6834","post","type-post","status-publish","format-standard","has-post-thumbnail","hentry","category-conferencias-y-seminarios"],"acf":[],"_links":{"self":[{"href":"https:\/\/fundacionincipe.com\/index.php\/wp-json\/wp\/v2\/posts\/6834","targetHints":{"allow":["GET"]}}],"collection":[{"href":"https:\/\/fundacionincipe.com\/index.php\/wp-json\/wp\/v2\/posts"}],"about":[{"href":"https:\/\/fundacionincipe.com\/index.php\/wp-json\/wp\/v2\/types\/post"}],"author":[{"embeddable":true,"href":"https:\/\/fundacionincipe.com\/index.php\/wp-json\/wp\/v2\/users\/3"}],"replies":[{"embeddable":true,"href":"https:\/\/fundacionincipe.com\/index.php\/wp-json\/wp\/v2\/comments?post=6834"}],"version-history":[{"count":2,"href":"https:\/\/fundacionincipe.com\/index.php\/wp-json\/wp\/v2\/posts\/6834\/revisions"}],"predecessor-version":[{"id":17961,"href":"https:\/\/fundacionincipe.com\/index.php\/wp-json\/wp\/v2\/posts\/6834\/revisions\/17961"}],"wp:featuredmedia":[{"embeddable":true,"href":"https:\/\/fundacionincipe.com\/index.php\/wp-json\/wp\/v2\/media\/17960"}],"wp:attachment":[{"href":"https:\/\/fundacionincipe.com\/index.php\/wp-json\/wp\/v2\/media?parent=6834"}],"wp:term":[{"taxonomy":"category","embeddable":true,"href":"https:\/\/fundacionincipe.com\/index.php\/wp-json\/wp\/v2\/categories?post=6834"},{"taxonomy":"post_tag","embeddable":true,"href":"https:\/\/fundacionincipe.com\/index.php\/wp-json\/wp\/v2\/tags?post=6834"}],"curies":[{"name":"wp","href":"https:\/\/api.w.org\/{rel}","templated":true}]}}