{"id":6537,"date":"2019-11-12T12:46:49","date_gmt":"2019-11-12T11:46:49","guid":{"rendered":"http:\/\/www.incipe.org\/?p=6537"},"modified":"2024-11-04T16:24:07","modified_gmt":"2024-11-04T16:24:07","slug":"xiv-seminario-sobre-fuerzas-armadas-y-medios-de-comunicacion","status":"publish","type":"post","link":"https:\/\/fundacionincipe.com\/index.php\/2019\/11\/12\/xiv-seminario-sobre-fuerzas-armadas-y-medios-de-comunicacion\/","title":{"rendered":"XIV Seminario sobre Fuerzas Armadas y Medios de Comunicaci\u00f3n"},"content":{"rendered":"<p><!--:es--><\/p>\n<p><strong>I Mesa Redonda \u201cLa comunicaci\u00f3n de los conflictos y las crisis en un mundo global\u201d <\/strong><\/p>\n<p>La Primera Mesa Redonda <em>La comunicaci\u00f3n de los conflictos y las crisis en un mundo global<\/em>, estuvo moderada por <strong>Vicente Garrido<\/strong> y cont\u00f3 con las participaci\u00f3n de la periodista <strong>Pilar Requena<\/strong> (RTVE) y Profesora de Relaciones Internacionales en la Universidad Complutense, el <strong>Col. \u00c1ngel G\u00f3mez de \u00c1greda<\/strong>, Jefe del \u00c1rea de An\u00e1lisis Geopol\u00edtico, Divisi\u00f3n de Coordinaci\u00f3n y Estudios, del DICOES-SEGENPOL en el Ministerio de Defensa y <strong>Mar\u00eda Jes\u00fas Vega<\/strong>, Portavoz de ACNUR en Espa\u00f1a y responsable de comunicaci\u00f3n.<\/p>\n<p><strong>Pilar Requena<\/strong> explicaba la positiva relaci\u00f3n entre las fuerzas armadas y los periodistas en el terreno de conflicto, ya que ahora, gracias a los ej\u00e9rcitos, los periodistas tienen mayores facilidades en cuanto al acceso de informaci\u00f3n y lugares antes impensables por falta de seguridad y financiaci\u00f3n. Por su parte, la informaci\u00f3n internacional tambi\u00e9n ha evolucionado pero lamentablemente cada vez ocupa menos espacio, a pesar de la interconectividad que existe y el hecho de que lo que ocurre en el lugar m\u00e1s remoto del mundo nos afecta a nivel pol\u00edtico, econ\u00f3mico y geopol\u00edtico, entre otros. Por otra lado, la sociedad es indudablemente v\u00edctima de la manipulaci\u00f3n y de la propaganda masiva, de ah\u00ed a que <strong>la verificaci\u00f3n de las noticias sea esencial para estar correctamente informados<\/strong> y ser capaces de tener opiniones formadas que nos permitan entender en este caso, los conflictos. As\u00ed, subrayaba la importancia de la comunicaci\u00f3n en episodios de crisis y conflictos ya que los medios de comunicaci\u00f3n tienen la responsabilidad de, a trav\u00e9s de esta, ayudar a su resoluci\u00f3n adem\u00e1s de advertir y preparar a las sociedades frente a los retos y amenazas del mundo.<\/p>\n<p>Por su parte, el <strong>Col. \u00c1ngel G\u00f3mez de \u00c1greda<\/strong> expon\u00eda que el mundo en el que vivimos se caracteriza por la <strong>inmediatez, la comodidad y la reputaci\u00f3n<\/strong>, donde <strong>lo m\u00e1s significante es dominar y dirigir el relato<\/strong>. En ese sentido, adem\u00e1s de las noticias falsas o fake news, nos encontramos con \u201cfalsas noticias\u201d que se presentan con un formato de noticia donde la manipulaci\u00f3n y la propaganda se esconden. El mensaje tambi\u00e9n ha evolucionado y el foco se pone en aquellos mensajes que apelan m\u00e1s a los sentimientos que a la propia raz\u00f3n. Por otra parte, vivimos en la era en la que un s\u00f3lo tweet lo puede cambiar todo, lo cual demuestra el enorme poder que han adquirido las redes sociales. Con todo ello, se abre el dilema entre seguridad y libertad. Como bien apuntaba el ponente, esa seguridad de la que la sociedad gozaba antes de la revoluci\u00f3n tecnol\u00f3gica se ha ido perdiendo con la circulaci\u00f3n de nuestros datos por la red, que a su vez hace que recibamos informaci\u00f3n y contenido en base a nuestras preferencias e intereses. A todo ello, se suma la manipulaci\u00f3n en los titulares, orientados a atraer la atenci\u00f3n, las guerras de la informaci\u00f3n, el control del discurso, donde la labor de las instituciones, autoridades y periodistas es indispensable para tratar de devolver transparencia y confianza de que se gozaba anteriormente.<\/p>\n<p>Para concluir la primera mesa redonda,<strong> Mar\u00eda Jes\u00fas Vega<\/strong> hablaba sobre la <strong>labor informativa que Acnur realiza en cuanto a los refugiados y la protecci\u00f3n de los mismos<\/strong>. Para llevar a cabo las acciones de comunicaci\u00f3n, adem\u00e1s de la sede principal en Ginebra, la organizaci\u00f3n cuenta con otras oficinas regionales y adem\u00e1s cuenta con una persona de comunicaci\u00f3n en cada uno de los 138 pa\u00edses en los que opera. Este personal proviene de distintas religiones, culturas, costumbres que ofrecen una pluralidad de puntos de vista a nivel comunicativo. Como bien formulaba la ponente, comunicaci\u00f3n no es s\u00f3lo informar sino estar al servicio de la protecci\u00f3n de los refugiados. Para ello, <strong>es importante la comunicaci\u00f3n con otros sectores como los cascos azules o las fuerzas militares<\/strong> a fin de conseguir una coordinaci\u00f3n efectiva. Desde Acnur, se busca favorecer la cobertura internacional e influenciar a la opini\u00f3n p\u00fablica para provocar una reacci\u00f3n, pero tambi\u00e9n se trata de <strong>proveer informaci\u00f3n dirigida a los refugiados para hacerles conocedores sobre posibles peligros, alertas, presencia de grupos armados<\/strong>. En ese sentido, la labor de los periodistas es vital y por tanto hay que evitar que su importancia decaiga para contribuir en la resoluci\u00f3n de conflictos y la seguridad de los refugiados.<\/p>\n<p><strong>II Mesa Redonda: \u201cLa informaci\u00f3n de la guerra y la guerra de la comunicaci\u00f3n: el oficio de corresponsal\u201d<\/strong><\/p>\n<p>El segundo panel estuvo moderado por <strong>Nuria Fern\u00e1ndez de la Fuente<\/strong> perteneciente al Gabinete T\u00e9cnico del EMAD del Ministerio de Defensa. Intervinieron <strong>Javier Mart\u00edn Rodr\u00edguez<\/strong>, Periodista especializado en Oriente Medio y delegado de la Agencia EFE en el Norte de \u00c1frica, que ostenta el Premio Cirilo Rodr\u00edguez para corresponsales y enviados especiales 2019; el <strong>Cap. Manuel \u00c1ngel Fern\u00e1ndez del Hoyo<\/strong>, Jefe de Comunicaci\u00f3n de la Guardia Real y Oficial de Informaci\u00f3n P\u00fablica en diversas operaciones y la periodista <strong>Carla Fibla<\/strong> especializada en Mundo \u00c1rabe y \u00c1frica y Redactora de la revista Mundo Negro.<\/p>\n<p>Para comenzar la segunda parte del Seminario el periodista <strong>Javier Mart\u00edn <\/strong>trat\u00f3 la gesti\u00f3n de la informaci\u00f3n sobre el terreno, destacando que la creciente colaboraci\u00f3n con las fuerzas armadas facilita el trabajo a los corresponsales; pudiendo acceder a otro tipo de fuentes, y adem\u00e1s, dicha colaboraci\u00f3n es beneficiosa para ambas partes. En segundo lugar, la <strong>presencia del corresponsal en el terreno es vital<\/strong> para conocer la realidad desde distintas perspectivas y actores. Por su parte, la documentaci\u00f3n e investigaci\u00f3n previa a la cobertura del conflicto es determinante, ya que permitir\u00e1 al periodista una capacidad para hacer periodismo reflexivo, no s\u00f3lo basado en contar hechos. La honestidad, un elemento que caracteriza el buen periodismo el cual debe estar basado como bien sosten\u00eda el ponente, basado en la defensa de los derechos humanos y que es com\u00fan a todos los pueblos y humanos. Al mismo tiempo, esa honestidad, hace a una sociedad plenamente conocedora de la realidad y a un pa\u00eds, mucho m\u00e1s democr\u00e1tico.<\/p>\n<p>El <strong>Cap. Manuel Fern\u00e1ndez del Hoyo<\/strong>, a trav\u00e9s de su experiencia, informaba sobre los cambios producidos en los escenarios de comunicaci\u00f3n y la transmisi\u00f3n de informaci\u00f3n respecto a los periodistas sobre el terreno y los soldados desplegados. Hace una d\u00e9cada, no exist\u00eda tanta preocupaci\u00f3n sobre la seguridad en el \u00e1mbito de la comunicaci\u00f3n en las fuerzas armas ya que los medios eran limitados. No obstante, los corresponsales presentes en el terreno pod\u00eda suponer problemas de seguridad. En la actualidad, con el auge de las redes sociales, las preocupaciones por los actores en la acci\u00f3n de comunicaci\u00f3n han cambiado, ya que en ciertos casos, contenido en instalaciones militares por parte agentes internos puede atentar contra la seguridad, sobre todo, en escenarios conflictivos. No obstante, de manera positiva, la evoluci\u00f3n de <strong>la visi\u00f3n de los periodistas hacia las fuerzas armadas espa\u00f1olas ha cambiado<\/strong> y por tanto se ha conseguido as\u00ed, un clima de trabajo entre ambas partes basado en la confianza.<\/p>\n<p>Por \u00faltimo, la tambi\u00e9n periodista <strong>Carla Fibla<\/strong> explicaba que, en los conflictos, la palabra es el mejor aliado para contar lo que ocurre, sobre todo, en operaciones b\u00e9licas de car\u00e1cter c\u00edclico donde es necesario no s\u00f3lo contar lo que ocurre, sino contextualizar y presentar nuevas aportaciones que puedan contribuir al cambio. Adem\u00e1s, apuntaba que es <strong>necesario arriesgar y hacer trabajos m\u00e1s meticulosos<\/strong> para posteriormente entender los conflictos a trav\u00e9s de la evoluci\u00f3n y el seguimiento de los mismos. Tambi\u00e9n, una de las dificultades protagonistas del siglo XXI es la inmediatez, a trav\u00e9s de la cual lo <strong>instant\u00e1neo prima sobre la calidad del contenido<\/strong>, lo que conlleva a que no se trata de qui\u00e9n lo cuenta mejor sino m\u00e1s r\u00e1pido. De esta manera, se asumen informaciones desde todos los \u00e1mbitos sin analizarlas las cuales carecen de verificaci\u00f3n. Por otro lado, la figura del corresponsal se encuentra, seg\u00fan la ponente, en v\u00edas de extinci\u00f3n, por lo que es necesaria una reformulaci\u00f3n del papel y su utilidad para cubrir la realidad internacional adem\u00e1s, de dar un mayor protagonismo a los conflictos en los telediarios huyendo de frivolidades.<\/p>\n<p>Para clausurar el XIV Seminario Fuerzas Armadas y Medios de Comunicaci\u00f3n, tom\u00f3 la palabra <strong>Yolanda Rodr\u00edguez Vidales, Directora de Comunicaci\u00f3n Institucional de la Defensa del Ministerio de Defensa<\/strong>. As\u00ed, comentaba que la cobertura de los conflictos armados se ha visto mitigada los \u00faltimos a\u00f1os debido al elevado coste que ello supone, de manera que otras agencias son las encargadas de facilitar la informaci\u00f3n que termina por conferirles un poder significante. Esto provoca que los medios de comunicaci\u00f3n tradicionales se van en parte en parte afectados ya que son obligados a depender cada vez m\u00e1s de dichas agencias. De esta manera, mucha informaci\u00f3n se convierte en poco fiable y por tanto, m\u00e1s vol\u00e1til. Por otro lado, la imagen profesional de los medios se ha visto quebrantada por la intensidad de las fake news, y sobre todo, apuntaba la ponente, por las noticias de dif\u00edcil confirmaci\u00f3n, las cuales pueden llegar a ser m\u00e1s nocivas que las anteriores. Neutralizar este fen\u00f3meno no es tarea f\u00e1cil y requiere una labor constante y diaria por parte de las instituciones. Por \u00faltimo, algunos medios tienen que ser capaces de superar las barreras econ\u00f3micas, empresariales, pol\u00edticas, entre otras para conferir <strong>una mayor visibilidad a los conflictos y especialmente, a las fuerzas armadas y el papel que representan<\/strong>, promoviendo al mismo tiempo la cultura de la defensa entre la sociedad.<\/p>\n<p>Nereida P\u00e9rez<\/p>\n<p><a href=\"http:\/\/www.incipe.org\/wp-content\/uploads\/2019\/11\/Programa-XIV-Seminario-Fuerzas-Armadas-y-Medios-de-Comunicaci\u00f3n.pdf\">Programa XIV Seminario Fuerzas Armadas y Medios de Comunicaci\u00f3n<\/a><\/p>\n<p><!--:--><\/p>\n\n\n<figure class=\"wp-block-gallery has-nested-images columns-default is-cropped wp-block-gallery-1 is-layout-flex wp-block-gallery-is-layout-flex\">\n<figure data-wp-context=\"{&quot;imageId&quot;:&quot;69f294dda5425&quot;}\" data-wp-interactive=\"core\/image\" class=\"wp-block-image size-large wp-lightbox-container\"><img fetchpriority=\"high\" decoding=\"async\" width=\"1024\" height=\"819\" data-wp-class--hide=\"state.isContentHidden\" data-wp-class--show=\"state.isContentVisible\" data-wp-init=\"callbacks.setButtonStyles\" data-wp-on-async--click=\"actions.showLightbox\" data-wp-on-async--load=\"callbacks.setButtonStyles\" data-wp-on-async-window--resize=\"callbacks.setButtonStyles\" data-id=\"18003\" src=\"https:\/\/fundacionincipe.com\/wp-content\/uploads\/2024\/10\/6938-004-2-1024x819.jpg\" alt=\"\" class=\"wp-image-18003\" srcset=\"https:\/\/fundacionincipe.com\/wp-content\/uploads\/2024\/10\/6938-004-2-1024x819.jpg 1024w, https:\/\/fundacionincipe.com\/wp-content\/uploads\/2024\/10\/6938-004-2-300x240.jpg 300w, https:\/\/fundacionincipe.com\/wp-content\/uploads\/2024\/10\/6938-004-2-768x614.jpg 768w, https:\/\/fundacionincipe.com\/wp-content\/uploads\/2024\/10\/6938-004-2-1536x1229.jpg 1536w, https:\/\/fundacionincipe.com\/wp-content\/uploads\/2024\/10\/6938-004-2-2048x1638.jpg 2048w\" sizes=\"(max-width: 1024px) 100vw, 1024px\" \/><button\n\t\t\tclass=\"lightbox-trigger\"\n\t\t\ttype=\"button\"\n\t\t\taria-haspopup=\"dialog\"\n\t\t\taria-label=\"Ampliar la imagen\"\n\t\t\tdata-wp-init=\"callbacks.initTriggerButton\"\n\t\t\tdata-wp-on-async--click=\"actions.showLightbox\"\n\t\t\tdata-wp-style--right=\"state.imageButtonRight\"\n\t\t\tdata-wp-style--top=\"state.imageButtonTop\"\n\t\t>\n\t\t\t<svg xmlns=\"http:\/\/www.w3.org\/2000\/svg\" width=\"12\" height=\"12\" fill=\"none\" viewBox=\"0 0 12 12\">\n\t\t\t\t<path fill=\"#fff\" d=\"M2 0a2 2 0 0 0-2 2v2h1.5V2a.5.5 0 0 1 .5-.5h2V0H2Zm2 10.5H2a.5.5 0 0 1-.5-.5V8H0v2a2 2 0 0 0 2 2h2v-1.5ZM8 12v-1.5h2a.5.5 0 0 0 .5-.5V8H12v2a2 2 0 0 1-2 2H8Zm2-12a2 2 0 0 1 2 2v2h-1.5V2a.5.5 0 0 0-.5-.5H8V0h2Z\" \/>\n\t\t\t<\/svg>\n\t\t<\/button><\/figure>\n\n\n\n<figure data-wp-context=\"{&quot;imageId&quot;:&quot;69f294dda5a44&quot;}\" data-wp-interactive=\"core\/image\" class=\"wp-block-image size-large wp-lightbox-container\"><img decoding=\"async\" width=\"1024\" height=\"819\" data-wp-class--hide=\"state.isContentHidden\" data-wp-class--show=\"state.isContentVisible\" data-wp-init=\"callbacks.setButtonStyles\" data-wp-on-async--click=\"actions.showLightbox\" data-wp-on-async--load=\"callbacks.setButtonStyles\" data-wp-on-async-window--resize=\"callbacks.setButtonStyles\" data-id=\"18004\" src=\"https:\/\/fundacionincipe.com\/wp-content\/uploads\/2024\/10\/6938-007-2-1024x819.jpg\" alt=\"\" class=\"wp-image-18004\" srcset=\"https:\/\/fundacionincipe.com\/wp-content\/uploads\/2024\/10\/6938-007-2-1024x819.jpg 1024w, https:\/\/fundacionincipe.com\/wp-content\/uploads\/2024\/10\/6938-007-2-300x240.jpg 300w, https:\/\/fundacionincipe.com\/wp-content\/uploads\/2024\/10\/6938-007-2-768x614.jpg 768w, https:\/\/fundacionincipe.com\/wp-content\/uploads\/2024\/10\/6938-007-2-1536x1229.jpg 1536w, https:\/\/fundacionincipe.com\/wp-content\/uploads\/2024\/10\/6938-007-2-2048x1638.jpg 2048w\" sizes=\"(max-width: 1024px) 100vw, 1024px\" \/><button\n\t\t\tclass=\"lightbox-trigger\"\n\t\t\ttype=\"button\"\n\t\t\taria-haspopup=\"dialog\"\n\t\t\taria-label=\"Ampliar la imagen\"\n\t\t\tdata-wp-init=\"callbacks.initTriggerButton\"\n\t\t\tdata-wp-on-async--click=\"actions.showLightbox\"\n\t\t\tdata-wp-style--right=\"state.imageButtonRight\"\n\t\t\tdata-wp-style--top=\"state.imageButtonTop\"\n\t\t>\n\t\t\t<svg xmlns=\"http:\/\/www.w3.org\/2000\/svg\" width=\"12\" height=\"12\" fill=\"none\" viewBox=\"0 0 12 12\">\n\t\t\t\t<path fill=\"#fff\" d=\"M2 0a2 2 0 0 0-2 2v2h1.5V2a.5.5 0 0 1 .5-.5h2V0H2Zm2 10.5H2a.5.5 0 0 1-.5-.5V8H0v2a2 2 0 0 0 2 2h2v-1.5ZM8 12v-1.5h2a.5.5 0 0 0 .5-.5V8H12v2a2 2 0 0 1-2 2H8Zm2-12a2 2 0 0 1 2 2v2h-1.5V2a.5.5 0 0 0-.5-.5H8V0h2Z\" \/>\n\t\t\t<\/svg>\n\t\t<\/button><\/figure>\n\n\n\n<figure data-wp-context=\"{&quot;imageId&quot;:&quot;69f294dda5f61&quot;}\" data-wp-interactive=\"core\/image\" class=\"wp-block-image size-large wp-lightbox-container\"><img decoding=\"async\" width=\"1024\" height=\"819\" data-wp-class--hide=\"state.isContentHidden\" data-wp-class--show=\"state.isContentVisible\" data-wp-init=\"callbacks.setButtonStyles\" data-wp-on-async--click=\"actions.showLightbox\" data-wp-on-async--load=\"callbacks.setButtonStyles\" data-wp-on-async-window--resize=\"callbacks.setButtonStyles\" data-id=\"18005\" src=\"https:\/\/fundacionincipe.com\/wp-content\/uploads\/2024\/10\/6938-012-2-1024x819.jpg\" alt=\"\" class=\"wp-image-18005\" srcset=\"https:\/\/fundacionincipe.com\/wp-content\/uploads\/2024\/10\/6938-012-2-1024x819.jpg 1024w, https:\/\/fundacionincipe.com\/wp-content\/uploads\/2024\/10\/6938-012-2-300x240.jpg 300w, https:\/\/fundacionincipe.com\/wp-content\/uploads\/2024\/10\/6938-012-2-768x614.jpg 768w, https:\/\/fundacionincipe.com\/wp-content\/uploads\/2024\/10\/6938-012-2-1536x1229.jpg 1536w, https:\/\/fundacionincipe.com\/wp-content\/uploads\/2024\/10\/6938-012-2-2048x1638.jpg 2048w\" sizes=\"(max-width: 1024px) 100vw, 1024px\" \/><button\n\t\t\tclass=\"lightbox-trigger\"\n\t\t\ttype=\"button\"\n\t\t\taria-haspopup=\"dialog\"\n\t\t\taria-label=\"Ampliar la imagen\"\n\t\t\tdata-wp-init=\"callbacks.initTriggerButton\"\n\t\t\tdata-wp-on-async--click=\"actions.showLightbox\"\n\t\t\tdata-wp-style--right=\"state.imageButtonRight\"\n\t\t\tdata-wp-style--top=\"state.imageButtonTop\"\n\t\t>\n\t\t\t<svg xmlns=\"http:\/\/www.w3.org\/2000\/svg\" width=\"12\" height=\"12\" fill=\"none\" viewBox=\"0 0 12 12\">\n\t\t\t\t<path fill=\"#fff\" d=\"M2 0a2 2 0 0 0-2 2v2h1.5V2a.5.5 0 0 1 .5-.5h2V0H2Zm2 10.5H2a.5.5 0 0 1-.5-.5V8H0v2a2 2 0 0 0 2 2h2v-1.5ZM8 12v-1.5h2a.5.5 0 0 0 .5-.5V8H12v2a2 2 0 0 1-2 2H8Zm2-12a2 2 0 0 1 2 2v2h-1.5V2a.5.5 0 0 0-.5-.5H8V0h2Z\" \/>\n\t\t\t<\/svg>\n\t\t<\/button><\/figure>\n\n\n\n<figure data-wp-context=\"{&quot;imageId&quot;:&quot;69f294dda6406&quot;}\" data-wp-interactive=\"core\/image\" class=\"wp-block-image size-large wp-lightbox-container\"><img loading=\"lazy\" decoding=\"async\" width=\"1024\" height=\"819\" data-wp-class--hide=\"state.isContentHidden\" data-wp-class--show=\"state.isContentVisible\" data-wp-init=\"callbacks.setButtonStyles\" data-wp-on-async--click=\"actions.showLightbox\" data-wp-on-async--load=\"callbacks.setButtonStyles\" data-wp-on-async-window--resize=\"callbacks.setButtonStyles\" data-id=\"18006\" src=\"https:\/\/fundacionincipe.com\/wp-content\/uploads\/2024\/10\/6938-013-2-1024x819.jpg\" alt=\"\" class=\"wp-image-18006\" srcset=\"https:\/\/fundacionincipe.com\/wp-content\/uploads\/2024\/10\/6938-013-2-1024x819.jpg 1024w, https:\/\/fundacionincipe.com\/wp-content\/uploads\/2024\/10\/6938-013-2-300x240.jpg 300w, https:\/\/fundacionincipe.com\/wp-content\/uploads\/2024\/10\/6938-013-2-768x614.jpg 768w, https:\/\/fundacionincipe.com\/wp-content\/uploads\/2024\/10\/6938-013-2-1536x1229.jpg 1536w, https:\/\/fundacionincipe.com\/wp-content\/uploads\/2024\/10\/6938-013-2-2048x1638.jpg 2048w\" sizes=\"(max-width: 1024px) 100vw, 1024px\" \/><button\n\t\t\tclass=\"lightbox-trigger\"\n\t\t\ttype=\"button\"\n\t\t\taria-haspopup=\"dialog\"\n\t\t\taria-label=\"Ampliar la imagen\"\n\t\t\tdata-wp-init=\"callbacks.initTriggerButton\"\n\t\t\tdata-wp-on-async--click=\"actions.showLightbox\"\n\t\t\tdata-wp-style--right=\"state.imageButtonRight\"\n\t\t\tdata-wp-style--top=\"state.imageButtonTop\"\n\t\t>\n\t\t\t<svg xmlns=\"http:\/\/www.w3.org\/2000\/svg\" width=\"12\" height=\"12\" fill=\"none\" viewBox=\"0 0 12 12\">\n\t\t\t\t<path fill=\"#fff\" d=\"M2 0a2 2 0 0 0-2 2v2h1.5V2a.5.5 0 0 1 .5-.5h2V0H2Zm2 10.5H2a.5.5 0 0 1-.5-.5V8H0v2a2 2 0 0 0 2 2h2v-1.5ZM8 12v-1.5h2a.5.5 0 0 0 .5-.5V8H12v2a2 2 0 0 1-2 2H8Zm2-12a2 2 0 0 1 2 2v2h-1.5V2a.5.5 0 0 0-.5-.5H8V0h2Z\" \/>\n\t\t\t<\/svg>\n\t\t<\/button><\/figure>\n\n\n\n<figure data-wp-context=\"{&quot;imageId&quot;:&quot;69f294dda69aa&quot;}\" data-wp-interactive=\"core\/image\" class=\"wp-block-image size-large wp-lightbox-container\"><img loading=\"lazy\" decoding=\"async\" width=\"1024\" height=\"819\" data-wp-class--hide=\"state.isContentHidden\" data-wp-class--show=\"state.isContentVisible\" data-wp-init=\"callbacks.setButtonStyles\" data-wp-on-async--click=\"actions.showLightbox\" data-wp-on-async--load=\"callbacks.setButtonStyles\" data-wp-on-async-window--resize=\"callbacks.setButtonStyles\" data-id=\"18007\" src=\"https:\/\/fundacionincipe.com\/wp-content\/uploads\/2024\/10\/6938-016-2-1024x819.jpg\" alt=\"\" class=\"wp-image-18007\" srcset=\"https:\/\/fundacionincipe.com\/wp-content\/uploads\/2024\/10\/6938-016-2-1024x819.jpg 1024w, https:\/\/fundacionincipe.com\/wp-content\/uploads\/2024\/10\/6938-016-2-300x240.jpg 300w, https:\/\/fundacionincipe.com\/wp-content\/uploads\/2024\/10\/6938-016-2-768x614.jpg 768w, https:\/\/fundacionincipe.com\/wp-content\/uploads\/2024\/10\/6938-016-2-1536x1229.jpg 1536w, https:\/\/fundacionincipe.com\/wp-content\/uploads\/2024\/10\/6938-016-2-2048x1638.jpg 2048w\" sizes=\"(max-width: 1024px) 100vw, 1024px\" \/><button\n\t\t\tclass=\"lightbox-trigger\"\n\t\t\ttype=\"button\"\n\t\t\taria-haspopup=\"dialog\"\n\t\t\taria-label=\"Ampliar la imagen\"\n\t\t\tdata-wp-init=\"callbacks.initTriggerButton\"\n\t\t\tdata-wp-on-async--click=\"actions.showLightbox\"\n\t\t\tdata-wp-style--right=\"state.imageButtonRight\"\n\t\t\tdata-wp-style--top=\"state.imageButtonTop\"\n\t\t>\n\t\t\t<svg xmlns=\"http:\/\/www.w3.org\/2000\/svg\" width=\"12\" height=\"12\" fill=\"none\" viewBox=\"0 0 12 12\">\n\t\t\t\t<path fill=\"#fff\" d=\"M2 0a2 2 0 0 0-2 2v2h1.5V2a.5.5 0 0 1 .5-.5h2V0H2Zm2 10.5H2a.5.5 0 0 1-.5-.5V8H0v2a2 2 0 0 0 2 2h2v-1.5ZM8 12v-1.5h2a.5.5 0 0 0 .5-.5V8H12v2a2 2 0 0 1-2 2H8Zm2-12a2 2 0 0 1 2 2v2h-1.5V2a.5.5 0 0 0-.5-.5H8V0h2Z\" \/>\n\t\t\t<\/svg>\n\t\t<\/button><\/figure>\n\n\n\n<figure data-wp-context=\"{&quot;imageId&quot;:&quot;69f294dda6f24&quot;}\" data-wp-interactive=\"core\/image\" class=\"wp-block-image size-large wp-lightbox-container\"><img loading=\"lazy\" decoding=\"async\" width=\"1024\" height=\"819\" data-wp-class--hide=\"state.isContentHidden\" data-wp-class--show=\"state.isContentVisible\" data-wp-init=\"callbacks.setButtonStyles\" data-wp-on-async--click=\"actions.showLightbox\" data-wp-on-async--load=\"callbacks.setButtonStyles\" data-wp-on-async-window--resize=\"callbacks.setButtonStyles\" data-id=\"18008\" src=\"https:\/\/fundacionincipe.com\/wp-content\/uploads\/2024\/10\/6938-023-2-1024x819.jpg\" alt=\"\" class=\"wp-image-18008\" srcset=\"https:\/\/fundacionincipe.com\/wp-content\/uploads\/2024\/10\/6938-023-2-1024x819.jpg 1024w, https:\/\/fundacionincipe.com\/wp-content\/uploads\/2024\/10\/6938-023-2-300x240.jpg 300w, https:\/\/fundacionincipe.com\/wp-content\/uploads\/2024\/10\/6938-023-2-768x614.jpg 768w, https:\/\/fundacionincipe.com\/wp-content\/uploads\/2024\/10\/6938-023-2-1536x1229.jpg 1536w, https:\/\/fundacionincipe.com\/wp-content\/uploads\/2024\/10\/6938-023-2-2048x1638.jpg 2048w\" sizes=\"(max-width: 1024px) 100vw, 1024px\" \/><button\n\t\t\tclass=\"lightbox-trigger\"\n\t\t\ttype=\"button\"\n\t\t\taria-haspopup=\"dialog\"\n\t\t\taria-label=\"Ampliar la imagen\"\n\t\t\tdata-wp-init=\"callbacks.initTriggerButton\"\n\t\t\tdata-wp-on-async--click=\"actions.showLightbox\"\n\t\t\tdata-wp-style--right=\"state.imageButtonRight\"\n\t\t\tdata-wp-style--top=\"state.imageButtonTop\"\n\t\t>\n\t\t\t<svg xmlns=\"http:\/\/www.w3.org\/2000\/svg\" width=\"12\" height=\"12\" fill=\"none\" viewBox=\"0 0 12 12\">\n\t\t\t\t<path fill=\"#fff\" d=\"M2 0a2 2 0 0 0-2 2v2h1.5V2a.5.5 0 0 1 .5-.5h2V0H2Zm2 10.5H2a.5.5 0 0 1-.5-.5V8H0v2a2 2 0 0 0 2 2h2v-1.5ZM8 12v-1.5h2a.5.5 0 0 0 .5-.5V8H12v2a2 2 0 0 1-2 2H8Zm2-12a2 2 0 0 1 2 2v2h-1.5V2a.5.5 0 0 0-.5-.5H8V0h2Z\" \/>\n\t\t\t<\/svg>\n\t\t<\/button><\/figure>\n\n\n\n<figure data-wp-context=\"{&quot;imageId&quot;:&quot;69f294dda7405&quot;}\" data-wp-interactive=\"core\/image\" class=\"wp-block-image size-large wp-lightbox-container\"><img loading=\"lazy\" decoding=\"async\" width=\"1024\" height=\"819\" data-wp-class--hide=\"state.isContentHidden\" data-wp-class--show=\"state.isContentVisible\" data-wp-init=\"callbacks.setButtonStyles\" data-wp-on-async--click=\"actions.showLightbox\" data-wp-on-async--load=\"callbacks.setButtonStyles\" data-wp-on-async-window--resize=\"callbacks.setButtonStyles\" data-id=\"18009\" src=\"https:\/\/fundacionincipe.com\/wp-content\/uploads\/2024\/10\/6938-040-2-1024x819.jpg\" alt=\"\" class=\"wp-image-18009\" srcset=\"https:\/\/fundacionincipe.com\/wp-content\/uploads\/2024\/10\/6938-040-2-1024x819.jpg 1024w, https:\/\/fundacionincipe.com\/wp-content\/uploads\/2024\/10\/6938-040-2-300x240.jpg 300w, https:\/\/fundacionincipe.com\/wp-content\/uploads\/2024\/10\/6938-040-2-768x614.jpg 768w, https:\/\/fundacionincipe.com\/wp-content\/uploads\/2024\/10\/6938-040-2-1536x1229.jpg 1536w, https:\/\/fundacionincipe.com\/wp-content\/uploads\/2024\/10\/6938-040-2-2048x1638.jpg 2048w\" sizes=\"(max-width: 1024px) 100vw, 1024px\" \/><button\n\t\t\tclass=\"lightbox-trigger\"\n\t\t\ttype=\"button\"\n\t\t\taria-haspopup=\"dialog\"\n\t\t\taria-label=\"Ampliar la imagen\"\n\t\t\tdata-wp-init=\"callbacks.initTriggerButton\"\n\t\t\tdata-wp-on-async--click=\"actions.showLightbox\"\n\t\t\tdata-wp-style--right=\"state.imageButtonRight\"\n\t\t\tdata-wp-style--top=\"state.imageButtonTop\"\n\t\t>\n\t\t\t<svg xmlns=\"http:\/\/www.w3.org\/2000\/svg\" width=\"12\" height=\"12\" fill=\"none\" viewBox=\"0 0 12 12\">\n\t\t\t\t<path fill=\"#fff\" d=\"M2 0a2 2 0 0 0-2 2v2h1.5V2a.5.5 0 0 1 .5-.5h2V0H2Zm2 10.5H2a.5.5 0 0 1-.5-.5V8H0v2a2 2 0 0 0 2 2h2v-1.5ZM8 12v-1.5h2a.5.5 0 0 0 .5-.5V8H12v2a2 2 0 0 1-2 2H8Zm2-12a2 2 0 0 1 2 2v2h-1.5V2a.5.5 0 0 0-.5-.5H8V0h2Z\" \/>\n\t\t\t<\/svg>\n\t\t<\/button><\/figure>\n\n\n\n<figure data-wp-context=\"{&quot;imageId&quot;:&quot;69f294dda797e&quot;}\" data-wp-interactive=\"core\/image\" class=\"wp-block-image size-large wp-lightbox-container\"><img loading=\"lazy\" decoding=\"async\" width=\"1024\" height=\"819\" data-wp-class--hide=\"state.isContentHidden\" data-wp-class--show=\"state.isContentVisible\" data-wp-init=\"callbacks.setButtonStyles\" data-wp-on-async--click=\"actions.showLightbox\" data-wp-on-async--load=\"callbacks.setButtonStyles\" data-wp-on-async-window--resize=\"callbacks.setButtonStyles\" data-id=\"18010\" src=\"https:\/\/fundacionincipe.com\/wp-content\/uploads\/2024\/10\/6938-052-2-1024x819.jpg\" alt=\"\" class=\"wp-image-18010\" srcset=\"https:\/\/fundacionincipe.com\/wp-content\/uploads\/2024\/10\/6938-052-2-1024x819.jpg 1024w, https:\/\/fundacionincipe.com\/wp-content\/uploads\/2024\/10\/6938-052-2-300x240.jpg 300w, https:\/\/fundacionincipe.com\/wp-content\/uploads\/2024\/10\/6938-052-2-768x614.jpg 768w, https:\/\/fundacionincipe.com\/wp-content\/uploads\/2024\/10\/6938-052-2-1536x1229.jpg 1536w, https:\/\/fundacionincipe.com\/wp-content\/uploads\/2024\/10\/6938-052-2-2048x1638.jpg 2048w\" sizes=\"(max-width: 1024px) 100vw, 1024px\" \/><button\n\t\t\tclass=\"lightbox-trigger\"\n\t\t\ttype=\"button\"\n\t\t\taria-haspopup=\"dialog\"\n\t\t\taria-label=\"Ampliar la imagen\"\n\t\t\tdata-wp-init=\"callbacks.initTriggerButton\"\n\t\t\tdata-wp-on-async--click=\"actions.showLightbox\"\n\t\t\tdata-wp-style--right=\"state.imageButtonRight\"\n\t\t\tdata-wp-style--top=\"state.imageButtonTop\"\n\t\t>\n\t\t\t<svg xmlns=\"http:\/\/www.w3.org\/2000\/svg\" width=\"12\" height=\"12\" fill=\"none\" viewBox=\"0 0 12 12\">\n\t\t\t\t<path fill=\"#fff\" d=\"M2 0a2 2 0 0 0-2 2v2h1.5V2a.5.5 0 0 1 .5-.5h2V0H2Zm2 10.5H2a.5.5 0 0 1-.5-.5V8H0v2a2 2 0 0 0 2 2h2v-1.5ZM8 12v-1.5h2a.5.5 0 0 0 .5-.5V8H12v2a2 2 0 0 1-2 2H8Zm2-12a2 2 0 0 1 2 2v2h-1.5V2a.5.5 0 0 0-.5-.5H8V0h2Z\" \/>\n\t\t\t<\/svg>\n\t\t<\/button><\/figure>\n\n\n\n<figure data-wp-context=\"{&quot;imageId&quot;:&quot;69f294dda7efa&quot;}\" data-wp-interactive=\"core\/image\" class=\"wp-block-image size-large wp-lightbox-container\"><img loading=\"lazy\" decoding=\"async\" width=\"1024\" height=\"819\" data-wp-class--hide=\"state.isContentHidden\" data-wp-class--show=\"state.isContentVisible\" data-wp-init=\"callbacks.setButtonStyles\" data-wp-on-async--click=\"actions.showLightbox\" data-wp-on-async--load=\"callbacks.setButtonStyles\" data-wp-on-async-window--resize=\"callbacks.setButtonStyles\" data-id=\"18011\" src=\"https:\/\/fundacionincipe.com\/wp-content\/uploads\/2024\/10\/6938-054-2-1024x819.jpg\" alt=\"\" class=\"wp-image-18011\" srcset=\"https:\/\/fundacionincipe.com\/wp-content\/uploads\/2024\/10\/6938-054-2-1024x819.jpg 1024w, https:\/\/fundacionincipe.com\/wp-content\/uploads\/2024\/10\/6938-054-2-300x240.jpg 300w, https:\/\/fundacionincipe.com\/wp-content\/uploads\/2024\/10\/6938-054-2-768x614.jpg 768w, https:\/\/fundacionincipe.com\/wp-content\/uploads\/2024\/10\/6938-054-2-1536x1229.jpg 1536w, https:\/\/fundacionincipe.com\/wp-content\/uploads\/2024\/10\/6938-054-2-2048x1638.jpg 2048w\" sizes=\"(max-width: 1024px) 100vw, 1024px\" \/><button\n\t\t\tclass=\"lightbox-trigger\"\n\t\t\ttype=\"button\"\n\t\t\taria-haspopup=\"dialog\"\n\t\t\taria-label=\"Ampliar la imagen\"\n\t\t\tdata-wp-init=\"callbacks.initTriggerButton\"\n\t\t\tdata-wp-on-async--click=\"actions.showLightbox\"\n\t\t\tdata-wp-style--right=\"state.imageButtonRight\"\n\t\t\tdata-wp-style--top=\"state.imageButtonTop\"\n\t\t>\n\t\t\t<svg xmlns=\"http:\/\/www.w3.org\/2000\/svg\" width=\"12\" height=\"12\" fill=\"none\" viewBox=\"0 0 12 12\">\n\t\t\t\t<path fill=\"#fff\" d=\"M2 0a2 2 0 0 0-2 2v2h1.5V2a.5.5 0 0 1 .5-.5h2V0H2Zm2 10.5H2a.5.5 0 0 1-.5-.5V8H0v2a2 2 0 0 0 2 2h2v-1.5ZM8 12v-1.5h2a.5.5 0 0 0 .5-.5V8H12v2a2 2 0 0 1-2 2H8Zm2-12a2 2 0 0 1 2 2v2h-1.5V2a.5.5 0 0 0-.5-.5H8V0h2Z\" \/>\n\t\t\t<\/svg>\n\t\t<\/button><\/figure>\n<\/figure>\n","protected":false},"excerpt":{"rendered":"<p>I Mesa Redonda \u201cLa comunicaci\u00f3n de los conflictos y las crisis en un mundo global\u201d La Primera Mesa Redonda La comunicaci\u00f3n de los conflictos y las crisis en un mundo [&hellip;]<\/p>\n","protected":false},"author":3,"featured_media":17999,"comment_status":"closed","ping_status":"closed","sticky":false,"template":"","format":"standard","meta":{"_acf_changed":false,"footnotes":""},"categories":[8],"tags":[],"class_list":["post-6537","post","type-post","status-publish","format-standard","has-post-thumbnail","hentry","category-conferencias-y-seminarios"],"acf":[],"_links":{"self":[{"href":"https:\/\/fundacionincipe.com\/index.php\/wp-json\/wp\/v2\/posts\/6537","targetHints":{"allow":["GET"]}}],"collection":[{"href":"https:\/\/fundacionincipe.com\/index.php\/wp-json\/wp\/v2\/posts"}],"about":[{"href":"https:\/\/fundacionincipe.com\/index.php\/wp-json\/wp\/v2\/types\/post"}],"author":[{"embeddable":true,"href":"https:\/\/fundacionincipe.com\/index.php\/wp-json\/wp\/v2\/users\/3"}],"replies":[{"embeddable":true,"href":"https:\/\/fundacionincipe.com\/index.php\/wp-json\/wp\/v2\/comments?post=6537"}],"version-history":[{"count":5,"href":"https:\/\/fundacionincipe.com\/index.php\/wp-json\/wp\/v2\/posts\/6537\/revisions"}],"predecessor-version":[{"id":18018,"href":"https:\/\/fundacionincipe.com\/index.php\/wp-json\/wp\/v2\/posts\/6537\/revisions\/18018"}],"wp:featuredmedia":[{"embeddable":true,"href":"https:\/\/fundacionincipe.com\/index.php\/wp-json\/wp\/v2\/media\/17999"}],"wp:attachment":[{"href":"https:\/\/fundacionincipe.com\/index.php\/wp-json\/wp\/v2\/media?parent=6537"}],"wp:term":[{"taxonomy":"category","embeddable":true,"href":"https:\/\/fundacionincipe.com\/index.php\/wp-json\/wp\/v2\/categories?post=6537"},{"taxonomy":"post_tag","embeddable":true,"href":"https:\/\/fundacionincipe.com\/index.php\/wp-json\/wp\/v2\/tags?post=6537"}],"curies":[{"name":"wp","href":"https:\/\/api.w.org\/{rel}","templated":true}]}}