{"id":6532,"date":"2019-10-29T12:35:10","date_gmt":"2019-10-29T11:35:10","guid":{"rendered":"http:\/\/www.incipe.org\/?p=6532"},"modified":"2024-10-22T11:58:28","modified_gmt":"2024-10-22T11:58:28","slug":"la-iniciativa-europea-de-compromiso-estrategico-un-foro-para-la-consolidacion-de-la-idea-de-europa","status":"publish","type":"post","link":"https:\/\/fundacionincipe.com\/index.php\/2019\/10\/29\/la-iniciativa-europea-de-compromiso-estrategico-un-foro-para-la-consolidacion-de-la-idea-de-europa\/","title":{"rendered":"La iniciativa europea de compromiso estrat\u00e9gico: un foro para la consolidaci\u00f3n de la idea de Europa"},"content":{"rendered":"<p><!--:es--><\/p>\n<p>La Mesa Redonda estuvo moderada por el <strong>Embajador D. Nicol\u00e1s Pascual de la Parte<\/strong>, ex-representante permanente de Espa\u00f1a ante el Consejo Atl\u00e1ntico de la OTAN. Se cont\u00f3 con las presencias de <strong>D. Fco. Jos\u00e9 Dacoba Cervi\u00f1o<\/strong>, General Director del Instituto de Estudios Estrat\u00e9gicos y <strong>D. Santurnino Suanzes Fern\u00e1ndez de Ca\u00f1ete<\/strong>, Subdirector de Planes y Relaciones Internacionales DIGENPOL y <strong>D. Lucas Manuel Mu\u00f1oz Bronchales<\/strong>, G.D. Jefe de la Divisi\u00f3n de Estrategia del Estado Mayor Conjunto. Por \u00faltimo, la clausura de la jornada estuvo presidida por <strong>D. Jos\u00e9 Luis Figuero<\/strong>, General Jefe de Gabinete del SEGENPOL.<\/p>\n<p>Ante los nuevos escenarios que suponen complejos riesgos de seguridad y defensa, durante los \u00faltimos a\u00f1os la U<strong>ni\u00f3n Europa ha impulsado una serie de iniciativas a fin de desarrollar su autonom\u00eda estrat\u00e9gica<\/strong> y convertirse en un actor referencial en el panorama estrat\u00e9gico a nivel regional e internacional. Entre ellas, destaca la <strong>Cooperaci\u00f3n Permanente Estructurada (PESCO)<\/strong> que tiene como objetivo intensificar y reforzar la cooperaci\u00f3n en materia de seguridad y defensa entre los estados miembros de la Uni\u00f3n. Por otro lado y paralelamente, destaca la <strong>Iniciativa Europea de Compromiso Estrat\u00e9gico<\/strong>, iniciada por el presidente franc\u00e9s Emmanuel Macron, que comenzaba con la firma de una Carta de Intenciones (LOI) el 25 de junio de 2018 por nueve pa\u00edses europeos (B\u00e9lgica, Dinamarca, Estonia, Francia, Alemania, Pa\u00edses Bajos, Portugal, Espa\u00f1a y el Reino Unido). La Iniciativa Europea de Compromiso Estrat\u00e9gico es un proyecto intergubernamental de car\u00e1cter operacional que, al igual que la PESCO, pese a encontrarse fuera del marco legal de esta y de la propia Uni\u00f3n Europa y la OTAN, tiene como objetivo primordial el <strong>desarrollo de la autonom\u00eda estrat\u00e9gica de Europa<\/strong> al mismo tiempo que persigue el fomento de una cultura estrat\u00e9gica europea.<\/p>\n<p>La creaci\u00f3n de esta iniciativa busca consolidarse como un instrumento para facilitar la formaci\u00f3n de coaliciones de manera eficaz y mejorar el reparto de la carga en operaciones militares europeas, abarcando a los Estados europeos m\u00e1s capaces militarmente. As\u00ed pues, se pretende que ante situaciones de crisis, los distintos Estados miembros sean capaces de actuar conjuntamente con rapidez mediante planeamientos y protocolos previamente establecidos. Dentro del proyecto, los \u00e1mbitos de trabajo son principalmente cuatro, entre ellos, el desarrollo y planificaci\u00f3n de escenarios de crisis, el apoyo de operaciones y el intercambio de inteligencia y previsi\u00f3n estrat\u00e9gica. Por otra parte, los \u00e1mbitos de actuaci\u00f3n no s\u00f3lo se ci\u00f1en al escenario puramente europeo sino que se pueden extender a otros territorios desde el Sahel hasta la frontera europea con Rusia, incluyendo tanto operaciones expedicionarias como de la defensa del territorio.<\/p>\n<p>De esta manera, el Ministerio de Defensa espa\u00f1ol anunciaba en un comunicado que \u00abEsta iniciativa, materializada a trav\u00e9s de un foro de di\u00e1logo y cooperaci\u00f3n, no pretende crear nuevas estructuras ni fuerzas conjuntas sino que discurre de manera paralela y compatible con otras iniciativas bilaterales o multilaterales y en refuerzo de las principales organizaciones internacionales de seguridad y defensa, como la ONU, la OTAN, la OSCE, y de forma destacada, con importante vocaci\u00f3n europea\u00bb.<\/p>\n<p>Nereida P\u00e9rez<br \/>\nINCIPE<\/p>\n<p><!--:--><\/p>\n","protected":false},"excerpt":{"rendered":"<p>La Mesa Redonda estuvo moderada por el Embajador D. Nicol\u00e1s Pascual de la Parte, ex-representante permanente de Espa\u00f1a ante el Consejo Atl\u00e1ntico de la OTAN. Se cont\u00f3 con las presencias [&hellip;]<\/p>\n","protected":false},"author":3,"featured_media":13935,"comment_status":"closed","ping_status":"closed","sticky":false,"template":"","format":"standard","meta":{"_acf_changed":false,"footnotes":""},"categories":[8],"tags":[],"class_list":["post-6532","post","type-post","status-publish","format-standard","has-post-thumbnail","hentry","category-conferencias-y-seminarios"],"acf":[],"_links":{"self":[{"href":"https:\/\/fundacionincipe.com\/index.php\/wp-json\/wp\/v2\/posts\/6532","targetHints":{"allow":["GET"]}}],"collection":[{"href":"https:\/\/fundacionincipe.com\/index.php\/wp-json\/wp\/v2\/posts"}],"about":[{"href":"https:\/\/fundacionincipe.com\/index.php\/wp-json\/wp\/v2\/types\/post"}],"author":[{"embeddable":true,"href":"https:\/\/fundacionincipe.com\/index.php\/wp-json\/wp\/v2\/users\/3"}],"replies":[{"embeddable":true,"href":"https:\/\/fundacionincipe.com\/index.php\/wp-json\/wp\/v2\/comments?post=6532"}],"version-history":[{"count":1,"href":"https:\/\/fundacionincipe.com\/index.php\/wp-json\/wp\/v2\/posts\/6532\/revisions"}],"predecessor-version":[{"id":18019,"href":"https:\/\/fundacionincipe.com\/index.php\/wp-json\/wp\/v2\/posts\/6532\/revisions\/18019"}],"wp:featuredmedia":[{"embeddable":true,"href":"https:\/\/fundacionincipe.com\/index.php\/wp-json\/wp\/v2\/media\/13935"}],"wp:attachment":[{"href":"https:\/\/fundacionincipe.com\/index.php\/wp-json\/wp\/v2\/media?parent=6532"}],"wp:term":[{"taxonomy":"category","embeddable":true,"href":"https:\/\/fundacionincipe.com\/index.php\/wp-json\/wp\/v2\/categories?post=6532"},{"taxonomy":"post_tag","embeddable":true,"href":"https:\/\/fundacionincipe.com\/index.php\/wp-json\/wp\/v2\/tags?post=6532"}],"curies":[{"name":"wp","href":"https:\/\/api.w.org\/{rel}","templated":true}]}}