{"id":6518,"date":"2018-11-16T15:02:46","date_gmt":"2018-11-16T14:02:46","guid":{"rendered":"http:\/\/www.incipe.org\/?p=5940"},"modified":"2024-11-11T12:52:13","modified_gmt":"2024-11-11T12:52:13","slug":"xiii-seminario-fuerzas-armadas-y-medios-de-comunicacion","status":"publish","type":"post","link":"https:\/\/fundacionincipe.com\/index.php\/2018\/11\/16\/xiii-seminario-fuerzas-armadas-y-medios-de-comunicacion\/","title":{"rendered":"XIII Seminario Fuerzas Armadas y Medios de Comunicaci\u00f3n"},"content":{"rendered":"\n<p>La primera Mesa Redonda, titulada <em><strong>La opini\u00f3n p\u00fablica espa\u00f1ola ante la Seguridad y la Defensa<\/strong><\/em>, estuvo moderada por <strong>D. Luis Solana<\/strong>, Vicepresidente de INCIPE y Presidente de Telef\u00f3nica Open Future. La Mesa cont\u00f3 con las ponencias de <strong>D. Emilio Lamo de Espinosa<\/strong>, Catedr\u00e1tico Em\u00e9rito de Sociolog\u00eda de la UCM y Presidente del Real Instituto Elcano, el General de Brigada <strong>D. Francisco Jos\u00e9 Dacoba<\/strong>, General-Director del Instituto Espa\u00f1ol de Estudios Estrat\u00e9gicos (IEEE), <strong>D. Juan D\u00edez Nicol\u00e1s<\/strong>, Catedr\u00e1tico Em\u00e9rito de Sociolog\u00eda de la UCM y Presidente de An\u00e1lisis Sociol\u00f3gicos, Econ\u00f3micos y Pol\u00edticos S.A. (ASEP), y <strong>D. Antx\u00f3n Sarasqueta<\/strong>, miembro del Patronato de INCIPE y Presidente de Multimedia Capital.<\/p>\n\n\n\n<p>Durante este primer panel, <strong>D. Luis Solana<\/strong> ya puso el principal problema al que se enfrenta Espa\u00f1a en este asunto sobre la mesa: n<strong>o hay una cultura de defensa en la sociedad espa\u00f1ola<\/strong>. Tenemos que empezar a comprender de qui\u00e9n nos defendemos exactamente y por qu\u00e9 es tan vital intentar llevar a cabo un proceso de profunda concienciaci\u00f3n de la ciudadan\u00eda en aspectos relativos a la seguridad y a la defensa, como ya pasa en varios socios europeos o internacionales.<\/p>\n\n\n\n<p>Para seguir con esta l\u00ednea, <strong>D. Emilio Lamo de Espinosa<\/strong> present\u00f3 el <strong>panorama mundial en cuanto a la cultura estrat\u00e9gica<\/strong>, la cual forma parte de la cultura pol\u00edtica de un Estado. Para entender el porqu\u00e9 de ese falta de iniciativa en esta materia hay que apreciar las diferencias hist\u00f3ricas y geogr\u00e1ficas existentes entre Espa\u00f1a, Europa y, sobre todo, EE.UU., que se conforma como la ant\u00edtesis de lo que sucede en nuestro pa\u00eds. Es fundamental comprender que la experiencia hist\u00f3rica de las Guerras ha determinado el resultado actual de la opini\u00f3n p\u00fablica espa\u00f1ola; el aislamiento, la neutralidad durante las dos Guerras Mundiales o el fuerte pacifismo tras las mismas, son factores clave que han llevado a Espa\u00f1a a experimentar un ensimismamiento en la defensa, reforzado por el franquismo y el Estado auton\u00f3mico. Todo ello ha conducido al actual desinter\u00e9s y a la no aceptaci\u00f3n de muchas de las pol\u00edticas de seguridad y defensa, especialmente en cuanto a gasto se refiere. Adem\u00e1s, el nivel de ambici\u00f3n al respecto siempre ha estado fuertemente marcado por la orientaci\u00f3n pol\u00edtica del poder ejecutivo.<\/p>\n\n\n\n<p>El <strong>General de Brigada D. Francisco Jos\u00e9 Dacoba<\/strong> ha presentado el trabajo que realiza el <strong>Instituto Espa\u00f1ol de Estudios Estrat\u00e9gicos<\/strong> para intentar fomentar y hacer llegar los asuntos de defensa a la poblaci\u00f3n espa\u00f1ola. El IEEE es el <em>think tank<\/em> al servicio del Ministerio de Defensa, y como tal tiene la importante misi\u00f3n de <strong>visibilizar una tarea tan transversal como la seguridad<\/strong> en toda la sociedad, ya sea civil o militar. La difusi\u00f3n que se realiza a trav\u00e9s de sus numerosas publicaciones o la colaboraci\u00f3n que mantiene con instituciones de todo tipo como centros no universitarios, Universidades, Delegaciones de Defensa, entidades privadas y otros <em>think tanks<\/em> como el INCIPE. Su objetivo es ampliar el conocimiento de la opini\u00f3n p\u00fablica espa\u00f1ola respecto a la seguridad y a la defensa. Aunque la aceptaci\u00f3n y el inter\u00e9s por estos asuntos es todav\u00eda un gran reto, el Instituto cuenta con un apoyo cada vez mayor.<\/p>\n\n\n\n<p>Para poder llegar a comprender la dimensi\u00f3n de todo ello, el <strong>Catedr\u00e1tico D. Juan D\u00edez Nicol\u00e1s<\/strong> present\u00f3 en el Seminario una serie de <strong>estudios sociol\u00f3gicos<\/strong> llevados a cabo para entender la preocupaci\u00f3n de muchos expertos respecto a ese desinter\u00e9s y falta de cultura estrat\u00e9gica con la que se empezaba el panel. Efectivamente, el an\u00e1lisis de los n\u00fameros nos deja un <strong>escenario poco alentador<\/strong> y el primer problema al que nos enfrentamos para combatir estos problemas somos nosotros mismos, ya que la sociedad espa\u00f1ola directamente no se preocupa por el entorno estrat\u00e9gico nacional o internacional.<\/p>\n\n\n\n<p>Para concluir la primera mesa redonda, <strong>D. Antx\u00f3n Sarasqueta<\/strong> apunt\u00f3, de nuevo, hacia el argumento con el que comenzaba el Seminario:L <strong>los temas relacionados con la seguridad y la defensa en Espa\u00f1a no aparecen como un asunto que motive a la sociedad<\/strong>. Este es el principal desaf\u00edo al que se enfrentan las autoridades p\u00fablicas espa\u00f1olas; una opini\u00f3n p\u00fablica no formada, f\u00e1cilmente manipulable, desorientada, conformista y fr\u00e1gil. \u00bfC\u00f3mo se puede hacer frente a todo esto? Pues bien, el problema pasa por una fuerte reforma en la base del debate nacional, en el que actualmente prevalece el absentismo o el relativismo en la materia. Si bien es cierto que el contexto internacional es muy influyente, para poder combatir la frustraci\u00f3n con la seguridad y la defensa en Espa\u00f1a, <strong>se necesita una formaci\u00f3n mucho m\u00e1s determinante y decisiva<\/strong> que haga entender a todos los sectores de la sociedad la transversalidad que caracteriza a la defensa de un Estado y de la que se ha debatido durante toda esta jornada.<br>&nbsp;<br>La segunda Mesa Redonda, bajo el nombre <strong><em>Informaci\u00f3n y desinformaci\u00f3n: incidencia en la seguridad<\/em><\/strong>, fue moderada por el Coronel <strong>D. Jos\u00e9 Luis Calvo<\/strong>, Director de la Divisi\u00f3n de Coordinaci\u00f3n y Estudios de Seguridad y Defensa, del Ministerio de Defensa. Para debatir este panel, se cont\u00f3 con la participaci\u00f3n de <strong>D. Rafael Calduch<\/strong>, miembro del Patronato de INCIPE y Catedr\u00e1tico de Relaciones Internacionales de la UCM, <strong>D\u00f1a. Pilar Requena<\/strong>, Periodista de TVE, programa \u201cEn Portada\u201d y Profesora de Relaciones Internacionales en la IE University, <strong>D. Ignacio Prieto, <\/strong>Coronel del Ej\u00e9rcito del Aire (r.) y parte de la Asociaci\u00f3n de Ex Miembros del Servicio de Inteligencia Espa\u00f1ol (AEMSIE), y<strong> D. Emilio Andreu<\/strong>, Corresponsal de los Servicios Informativos de RNE para asuntos de Defensa y Presidente de la Asociaci\u00f3n de Periodistas de Defensa.<\/p>\n\n\n\n<p>Para comenzar el segundo panel del Seminario, <strong>D\u00f1a. Pilar Requena<\/strong> ha expuesto con mucho acierto los problemas que la desinformaci\u00f3n plantea. Aunque no es algo nuevo y lo que ha cambiado son los medios, <strong><em>la primera v\u00edctima de una guerra es la verdad. <\/em><\/strong>Ejemplos que dejan un panorama desolador como los esc\u00e1ndalos de los campos de concentraci\u00f3n en Bosnia durante la Guerra que asol\u00f3 la antigua Yugoslavia o la entrada de EE.UU. durante la invasi\u00f3n de Iraq, hacen que el mundo est\u00e9 expuesto a unas <em>bombas <\/em>de informaci\u00f3n para las que hay que estar m\u00e1s preparados que nunca. La velocidad de transmisi\u00f3n de noticias, la amplificaci\u00f3n de las mismas y, sobre todo, el auge de las redes sociales, nos ha llevado a construir <strong>sociedades en las que prima el impacto emocional sobre el racional. <\/strong>Parad\u00f3jicamente, en un mundo tan globalizado como el actual, es donde menos cobertura de noticias hay. Por ello, es vital incidir en la responsabilidad period\u00edstica, en la que el an\u00e1lisis y la investigaci\u00f3n son figuras clave para poder recuperar un periodismo \u00e9tico y de calidad.<\/p>\n\n\n\n<p>Siguiendo en la misma l\u00ednea, <strong>D. Rafael Calduch<\/strong> tambi\u00e9n hizo hincapi\u00e9 en la numerosa <strong>desinformaci\u00f3n que existe a trav\u00e9s de las redes sociales<\/strong>, la cual permite que se ejerza poder al margen de las instituciones y, una vez que se llega al seno gubernamental, impedir el acceso de otros. Esta situaci\u00f3n es tan grave que atenta directamente contra los principios democr\u00e1ticos de los Estados modernos. Por lo tanto, para poder enfrentar estos retos, es importante seguir trabajando en las estrategias reactivas, pero quiz\u00e1s <strong>la clave pasa m\u00e1s por comenzar a desarrollar estrategias proactivas para poder anticiparse a estos sucesos<\/strong>. El Catedr\u00e1tico present\u00f3 en este foro una serie de ideas que puedan desembocar en la creaci\u00f3n de unidades multidisciplinares especializadas en ciberseguridad y desinformaci\u00f3n, las cuales puedan llevar a cabo grandes an\u00e1lisis de fuentes y noticias para asegurar unos planes de respuesta eficaces ante el peligro de la desinformaci\u00f3n.<\/p>\n\n\n\n<p>A continuaci\u00f3n, <strong>D. Ignacio Prieto<\/strong> encamin\u00f3 su ponencia hacia el <strong>papel que pueden tener los servicios de inteligencia para combatir la desinformaci\u00f3n<\/strong>. El problema que el Coronel observa en esta materia es la dimensi\u00f3n de los medios electr\u00f3nicos y la <strong>aceptaci\u00f3n acr\u00edtica de las sociedades contempor\u00e1neas de toda la masa de informaci\u00f3n que circula en las redes<\/strong>. Esta vulnerabilidad hace que ya no se est\u00e9 sobre el terreno y que se generen unos flujos de informaci\u00f3n t\u00f3xicos. La inteligencia, si bien enfrenta el mismo (quiz\u00e1s mayor) d\u00e9ficit de cultura que la defensa, pretende ser el canal m\u00e1s cercano al ejecutivo, por el cual los Gobiernos aprendan a asimilar, a absorber, y, sobre todo, a dar un uso debido a toda esta informaci\u00f3n.<\/p>\n\n\n\n<p>Por \u00faltimo, el periodista <strong>D. Emilio Andreu<\/strong> remarc\u00f3 la <strong>importancia de ese periodismo responsable y de calidad<\/strong> que necesitamos para poder asegurar una sociedad m\u00e1s democr\u00e1tica y transparente. Destac\u00f3 tambi\u00e9n la presunci\u00f3n de inocencia del periodista, muchas veces obviada. Para poder hacer frente a todos los desaf\u00edos que se han presentado durante este Seminario, <strong>la investigaci\u00f3n y la comprobaci\u00f3n exhaustiva de la informaci\u00f3n es algo vital.<\/strong> La desinformaci\u00f3n se ha de combatir con un an\u00e1lisis cr\u00edtico de las innumerables fuentes de informaci\u00f3n, teniendo siempre presente la problem\u00e1tica que las redes sociales presentan al ser fuentes secundarias.<br>\u00a0<br>Para concluir el Seminario, acompa\u00f1ando a <strong>D. Vicente Garrido,<\/strong> se cont\u00f3 con la intervenci\u00f3n de <strong>D\u00f1a. Yolanda Rodr\u00edguez Vidales<\/strong>, <strong>Directora de Comunicaci\u00f3n Institucional de la Defensa<\/strong>, perteneciente al Ministerio de Defensa. Como parte de la clausura de la jornada, se recalc\u00f3 la <strong>necesidad de aprender de las cr\u00edticas.<\/strong> La p\u00e9rdida de credibilidad experimentada por el auge de fuentes alternativas de informaci\u00f3n, las cuales en muchas ocasiones no son fiables, ha conducido a la comunicaci\u00f3n institucional a enfrentar un desaf\u00edo enorme para recuperarla. Para ello, se ha insistido una vez m\u00e1s en la <strong>profesionalidad, la responsabilidad, el rigor y la \u00e9tica<\/strong> que el periodismo ha de mantener, especialmente en asuntos de seguridad y defensa donde la prudencia y la sensibilidad son factores fundamentales, para poder ayudar a construir una sociedad mucho m\u00e1s formada y mucho mejor preparada.<br>\u00a0<br>Andrei Rosca<br>INCIPE<\/p>\n\n\n\n<figure class=\"wp-block-gallery has-nested-images columns-default is-cropped wp-block-gallery-1 is-layout-flex wp-block-gallery-is-layout-flex\">\n<figure data-wp-context=\"{&quot;imageId&quot;:&quot;69f27e15cc896&quot;}\" data-wp-interactive=\"core\/image\" class=\"wp-block-image size-large wp-lightbox-container\"><img fetchpriority=\"high\" decoding=\"async\" width=\"1024\" height=\"819\" data-wp-class--hide=\"state.isContentHidden\" data-wp-class--show=\"state.isContentVisible\" data-wp-init=\"callbacks.setButtonStyles\" data-wp-on-async--click=\"actions.showLightbox\" data-wp-on-async--load=\"callbacks.setButtonStyles\" data-wp-on-async-window--resize=\"callbacks.setButtonStyles\" data-id=\"18293\" src=\"https:\/\/fundacionincipe.com\/wp-content\/uploads\/2024\/11\/6824-010-1024x819.jpg\" alt=\"\" class=\"wp-image-18293\" srcset=\"https:\/\/fundacionincipe.com\/wp-content\/uploads\/2024\/11\/6824-010-1024x819.jpg 1024w, https:\/\/fundacionincipe.com\/wp-content\/uploads\/2024\/11\/6824-010-300x240.jpg 300w, https:\/\/fundacionincipe.com\/wp-content\/uploads\/2024\/11\/6824-010-768x614.jpg 768w, https:\/\/fundacionincipe.com\/wp-content\/uploads\/2024\/11\/6824-010-1536x1229.jpg 1536w, https:\/\/fundacionincipe.com\/wp-content\/uploads\/2024\/11\/6824-010-2048x1638.jpg 2048w\" sizes=\"(max-width: 1024px) 100vw, 1024px\" \/><button\n\t\t\tclass=\"lightbox-trigger\"\n\t\t\ttype=\"button\"\n\t\t\taria-haspopup=\"dialog\"\n\t\t\taria-label=\"Ampliar la imagen\"\n\t\t\tdata-wp-init=\"callbacks.initTriggerButton\"\n\t\t\tdata-wp-on-async--click=\"actions.showLightbox\"\n\t\t\tdata-wp-style--right=\"state.imageButtonRight\"\n\t\t\tdata-wp-style--top=\"state.imageButtonTop\"\n\t\t>\n\t\t\t<svg xmlns=\"http:\/\/www.w3.org\/2000\/svg\" width=\"12\" height=\"12\" fill=\"none\" viewBox=\"0 0 12 12\">\n\t\t\t\t<path fill=\"#fff\" d=\"M2 0a2 2 0 0 0-2 2v2h1.5V2a.5.5 0 0 1 .5-.5h2V0H2Zm2 10.5H2a.5.5 0 0 1-.5-.5V8H0v2a2 2 0 0 0 2 2h2v-1.5ZM8 12v-1.5h2a.5.5 0 0 0 .5-.5V8H12v2a2 2 0 0 1-2 2H8Zm2-12a2 2 0 0 1 2 2v2h-1.5V2a.5.5 0 0 0-.5-.5H8V0h2Z\" \/>\n\t\t\t<\/svg>\n\t\t<\/button><\/figure>\n\n\n\n<figure data-wp-context=\"{&quot;imageId&quot;:&quot;69f27e15ccd5a&quot;}\" data-wp-interactive=\"core\/image\" class=\"wp-block-image size-large wp-lightbox-container\"><img decoding=\"async\" width=\"1024\" height=\"819\" data-wp-class--hide=\"state.isContentHidden\" data-wp-class--show=\"state.isContentVisible\" data-wp-init=\"callbacks.setButtonStyles\" data-wp-on-async--click=\"actions.showLightbox\" data-wp-on-async--load=\"callbacks.setButtonStyles\" data-wp-on-async-window--resize=\"callbacks.setButtonStyles\" data-id=\"18294\" src=\"https:\/\/fundacionincipe.com\/wp-content\/uploads\/2024\/11\/6824-014-1024x819.jpg\" alt=\"\" class=\"wp-image-18294\" srcset=\"https:\/\/fundacionincipe.com\/wp-content\/uploads\/2024\/11\/6824-014-1024x819.jpg 1024w, https:\/\/fundacionincipe.com\/wp-content\/uploads\/2024\/11\/6824-014-300x240.jpg 300w, https:\/\/fundacionincipe.com\/wp-content\/uploads\/2024\/11\/6824-014-768x614.jpg 768w, https:\/\/fundacionincipe.com\/wp-content\/uploads\/2024\/11\/6824-014-1536x1229.jpg 1536w, https:\/\/fundacionincipe.com\/wp-content\/uploads\/2024\/11\/6824-014-2048x1638.jpg 2048w\" sizes=\"(max-width: 1024px) 100vw, 1024px\" \/><button\n\t\t\tclass=\"lightbox-trigger\"\n\t\t\ttype=\"button\"\n\t\t\taria-haspopup=\"dialog\"\n\t\t\taria-label=\"Ampliar la imagen\"\n\t\t\tdata-wp-init=\"callbacks.initTriggerButton\"\n\t\t\tdata-wp-on-async--click=\"actions.showLightbox\"\n\t\t\tdata-wp-style--right=\"state.imageButtonRight\"\n\t\t\tdata-wp-style--top=\"state.imageButtonTop\"\n\t\t>\n\t\t\t<svg xmlns=\"http:\/\/www.w3.org\/2000\/svg\" width=\"12\" height=\"12\" fill=\"none\" viewBox=\"0 0 12 12\">\n\t\t\t\t<path fill=\"#fff\" d=\"M2 0a2 2 0 0 0-2 2v2h1.5V2a.5.5 0 0 1 .5-.5h2V0H2Zm2 10.5H2a.5.5 0 0 1-.5-.5V8H0v2a2 2 0 0 0 2 2h2v-1.5ZM8 12v-1.5h2a.5.5 0 0 0 .5-.5V8H12v2a2 2 0 0 1-2 2H8Zm2-12a2 2 0 0 1 2 2v2h-1.5V2a.5.5 0 0 0-.5-.5H8V0h2Z\" \/>\n\t\t\t<\/svg>\n\t\t<\/button><\/figure>\n\n\n\n<figure data-wp-context=\"{&quot;imageId&quot;:&quot;69f27e15cd1fa&quot;}\" data-wp-interactive=\"core\/image\" class=\"wp-block-image size-large wp-lightbox-container\"><img decoding=\"async\" width=\"1024\" height=\"819\" data-wp-class--hide=\"state.isContentHidden\" data-wp-class--show=\"state.isContentVisible\" data-wp-init=\"callbacks.setButtonStyles\" data-wp-on-async--click=\"actions.showLightbox\" data-wp-on-async--load=\"callbacks.setButtonStyles\" data-wp-on-async-window--resize=\"callbacks.setButtonStyles\" data-id=\"18295\" src=\"https:\/\/fundacionincipe.com\/wp-content\/uploads\/2024\/11\/6824-023-1024x819.jpg\" alt=\"\" class=\"wp-image-18295\" srcset=\"https:\/\/fundacionincipe.com\/wp-content\/uploads\/2024\/11\/6824-023-1024x819.jpg 1024w, https:\/\/fundacionincipe.com\/wp-content\/uploads\/2024\/11\/6824-023-300x240.jpg 300w, https:\/\/fundacionincipe.com\/wp-content\/uploads\/2024\/11\/6824-023-768x614.jpg 768w, https:\/\/fundacionincipe.com\/wp-content\/uploads\/2024\/11\/6824-023-1536x1229.jpg 1536w, https:\/\/fundacionincipe.com\/wp-content\/uploads\/2024\/11\/6824-023-2048x1638.jpg 2048w\" sizes=\"(max-width: 1024px) 100vw, 1024px\" \/><button\n\t\t\tclass=\"lightbox-trigger\"\n\t\t\ttype=\"button\"\n\t\t\taria-haspopup=\"dialog\"\n\t\t\taria-label=\"Ampliar la imagen\"\n\t\t\tdata-wp-init=\"callbacks.initTriggerButton\"\n\t\t\tdata-wp-on-async--click=\"actions.showLightbox\"\n\t\t\tdata-wp-style--right=\"state.imageButtonRight\"\n\t\t\tdata-wp-style--top=\"state.imageButtonTop\"\n\t\t>\n\t\t\t<svg xmlns=\"http:\/\/www.w3.org\/2000\/svg\" width=\"12\" height=\"12\" fill=\"none\" viewBox=\"0 0 12 12\">\n\t\t\t\t<path fill=\"#fff\" d=\"M2 0a2 2 0 0 0-2 2v2h1.5V2a.5.5 0 0 1 .5-.5h2V0H2Zm2 10.5H2a.5.5 0 0 1-.5-.5V8H0v2a2 2 0 0 0 2 2h2v-1.5ZM8 12v-1.5h2a.5.5 0 0 0 .5-.5V8H12v2a2 2 0 0 1-2 2H8Zm2-12a2 2 0 0 1 2 2v2h-1.5V2a.5.5 0 0 0-.5-.5H8V0h2Z\" \/>\n\t\t\t<\/svg>\n\t\t<\/button><\/figure>\n\n\n\n<figure data-wp-context=\"{&quot;imageId&quot;:&quot;69f27e15cd6a2&quot;}\" data-wp-interactive=\"core\/image\" class=\"wp-block-image size-large wp-lightbox-container\"><img loading=\"lazy\" decoding=\"async\" width=\"1024\" height=\"819\" data-wp-class--hide=\"state.isContentHidden\" data-wp-class--show=\"state.isContentVisible\" data-wp-init=\"callbacks.setButtonStyles\" data-wp-on-async--click=\"actions.showLightbox\" data-wp-on-async--load=\"callbacks.setButtonStyles\" data-wp-on-async-window--resize=\"callbacks.setButtonStyles\" data-id=\"18296\" src=\"https:\/\/fundacionincipe.com\/wp-content\/uploads\/2024\/11\/6824-052-1024x819.jpg\" alt=\"\" class=\"wp-image-18296\" srcset=\"https:\/\/fundacionincipe.com\/wp-content\/uploads\/2024\/11\/6824-052-1024x819.jpg 1024w, https:\/\/fundacionincipe.com\/wp-content\/uploads\/2024\/11\/6824-052-300x240.jpg 300w, https:\/\/fundacionincipe.com\/wp-content\/uploads\/2024\/11\/6824-052-768x614.jpg 768w, https:\/\/fundacionincipe.com\/wp-content\/uploads\/2024\/11\/6824-052-1536x1229.jpg 1536w, https:\/\/fundacionincipe.com\/wp-content\/uploads\/2024\/11\/6824-052-2048x1638.jpg 2048w\" sizes=\"(max-width: 1024px) 100vw, 1024px\" \/><button\n\t\t\tclass=\"lightbox-trigger\"\n\t\t\ttype=\"button\"\n\t\t\taria-haspopup=\"dialog\"\n\t\t\taria-label=\"Ampliar la imagen\"\n\t\t\tdata-wp-init=\"callbacks.initTriggerButton\"\n\t\t\tdata-wp-on-async--click=\"actions.showLightbox\"\n\t\t\tdata-wp-style--right=\"state.imageButtonRight\"\n\t\t\tdata-wp-style--top=\"state.imageButtonTop\"\n\t\t>\n\t\t\t<svg xmlns=\"http:\/\/www.w3.org\/2000\/svg\" width=\"12\" height=\"12\" fill=\"none\" viewBox=\"0 0 12 12\">\n\t\t\t\t<path fill=\"#fff\" d=\"M2 0a2 2 0 0 0-2 2v2h1.5V2a.5.5 0 0 1 .5-.5h2V0H2Zm2 10.5H2a.5.5 0 0 1-.5-.5V8H0v2a2 2 0 0 0 2 2h2v-1.5ZM8 12v-1.5h2a.5.5 0 0 0 .5-.5V8H12v2a2 2 0 0 1-2 2H8Zm2-12a2 2 0 0 1 2 2v2h-1.5V2a.5.5 0 0 0-.5-.5H8V0h2Z\" \/>\n\t\t\t<\/svg>\n\t\t<\/button><\/figure>\n\n\n\n<figure data-wp-context=\"{&quot;imageId&quot;:&quot;69f27e15cdb17&quot;}\" data-wp-interactive=\"core\/image\" class=\"wp-block-image size-large wp-lightbox-container\"><img loading=\"lazy\" decoding=\"async\" width=\"1024\" height=\"819\" data-wp-class--hide=\"state.isContentHidden\" data-wp-class--show=\"state.isContentVisible\" data-wp-init=\"callbacks.setButtonStyles\" data-wp-on-async--click=\"actions.showLightbox\" data-wp-on-async--load=\"callbacks.setButtonStyles\" data-wp-on-async-window--resize=\"callbacks.setButtonStyles\" data-id=\"18297\" src=\"https:\/\/fundacionincipe.com\/wp-content\/uploads\/2024\/11\/6824-062-1024x819.jpg\" alt=\"\" class=\"wp-image-18297\" srcset=\"https:\/\/fundacionincipe.com\/wp-content\/uploads\/2024\/11\/6824-062-1024x819.jpg 1024w, https:\/\/fundacionincipe.com\/wp-content\/uploads\/2024\/11\/6824-062-300x240.jpg 300w, https:\/\/fundacionincipe.com\/wp-content\/uploads\/2024\/11\/6824-062-768x614.jpg 768w, https:\/\/fundacionincipe.com\/wp-content\/uploads\/2024\/11\/6824-062-1536x1229.jpg 1536w, https:\/\/fundacionincipe.com\/wp-content\/uploads\/2024\/11\/6824-062-2048x1638.jpg 2048w\" sizes=\"(max-width: 1024px) 100vw, 1024px\" \/><button\n\t\t\tclass=\"lightbox-trigger\"\n\t\t\ttype=\"button\"\n\t\t\taria-haspopup=\"dialog\"\n\t\t\taria-label=\"Ampliar la imagen\"\n\t\t\tdata-wp-init=\"callbacks.initTriggerButton\"\n\t\t\tdata-wp-on-async--click=\"actions.showLightbox\"\n\t\t\tdata-wp-style--right=\"state.imageButtonRight\"\n\t\t\tdata-wp-style--top=\"state.imageButtonTop\"\n\t\t>\n\t\t\t<svg xmlns=\"http:\/\/www.w3.org\/2000\/svg\" width=\"12\" height=\"12\" fill=\"none\" viewBox=\"0 0 12 12\">\n\t\t\t\t<path fill=\"#fff\" d=\"M2 0a2 2 0 0 0-2 2v2h1.5V2a.5.5 0 0 1 .5-.5h2V0H2Zm2 10.5H2a.5.5 0 0 1-.5-.5V8H0v2a2 2 0 0 0 2 2h2v-1.5ZM8 12v-1.5h2a.5.5 0 0 0 .5-.5V8H12v2a2 2 0 0 1-2 2H8Zm2-12a2 2 0 0 1 2 2v2h-1.5V2a.5.5 0 0 0-.5-.5H8V0h2Z\" \/>\n\t\t\t<\/svg>\n\t\t<\/button><\/figure>\n\n\n\n<figure data-wp-context=\"{&quot;imageId&quot;:&quot;69f27e15ce014&quot;}\" data-wp-interactive=\"core\/image\" class=\"wp-block-image size-large wp-lightbox-container\"><img loading=\"lazy\" decoding=\"async\" width=\"1024\" height=\"819\" data-wp-class--hide=\"state.isContentHidden\" data-wp-class--show=\"state.isContentVisible\" data-wp-init=\"callbacks.setButtonStyles\" data-wp-on-async--click=\"actions.showLightbox\" data-wp-on-async--load=\"callbacks.setButtonStyles\" data-wp-on-async-window--resize=\"callbacks.setButtonStyles\" data-id=\"18298\" src=\"https:\/\/fundacionincipe.com\/wp-content\/uploads\/2024\/11\/6824-092-1024x819.jpg\" alt=\"\" class=\"wp-image-18298\" srcset=\"https:\/\/fundacionincipe.com\/wp-content\/uploads\/2024\/11\/6824-092-1024x819.jpg 1024w, https:\/\/fundacionincipe.com\/wp-content\/uploads\/2024\/11\/6824-092-300x240.jpg 300w, https:\/\/fundacionincipe.com\/wp-content\/uploads\/2024\/11\/6824-092-768x614.jpg 768w, https:\/\/fundacionincipe.com\/wp-content\/uploads\/2024\/11\/6824-092-1536x1229.jpg 1536w, https:\/\/fundacionincipe.com\/wp-content\/uploads\/2024\/11\/6824-092-2048x1638.jpg 2048w\" sizes=\"(max-width: 1024px) 100vw, 1024px\" \/><button\n\t\t\tclass=\"lightbox-trigger\"\n\t\t\ttype=\"button\"\n\t\t\taria-haspopup=\"dialog\"\n\t\t\taria-label=\"Ampliar la imagen\"\n\t\t\tdata-wp-init=\"callbacks.initTriggerButton\"\n\t\t\tdata-wp-on-async--click=\"actions.showLightbox\"\n\t\t\tdata-wp-style--right=\"state.imageButtonRight\"\n\t\t\tdata-wp-style--top=\"state.imageButtonTop\"\n\t\t>\n\t\t\t<svg xmlns=\"http:\/\/www.w3.org\/2000\/svg\" width=\"12\" height=\"12\" fill=\"none\" viewBox=\"0 0 12 12\">\n\t\t\t\t<path fill=\"#fff\" d=\"M2 0a2 2 0 0 0-2 2v2h1.5V2a.5.5 0 0 1 .5-.5h2V0H2Zm2 10.5H2a.5.5 0 0 1-.5-.5V8H0v2a2 2 0 0 0 2 2h2v-1.5ZM8 12v-1.5h2a.5.5 0 0 0 .5-.5V8H12v2a2 2 0 0 1-2 2H8Zm2-12a2 2 0 0 1 2 2v2h-1.5V2a.5.5 0 0 0-.5-.5H8V0h2Z\" \/>\n\t\t\t<\/svg>\n\t\t<\/button><\/figure>\n<\/figure>\n","protected":false},"excerpt":{"rendered":"<p>La primera Mesa Redonda, titulada La opini\u00f3n p\u00fablica espa\u00f1ola ante la Seguridad y la Defensa, estuvo moderada por D. Luis Solana, Vicepresidente de INCIPE y Presidente de Telef\u00f3nica Open Future. [&hellip;]<\/p>\n","protected":false},"author":3,"featured_media":18293,"comment_status":"closed","ping_status":"closed","sticky":false,"template":"","format":"standard","meta":{"_acf_changed":false,"footnotes":""},"categories":[8],"tags":[],"class_list":["post-6518","post","type-post","status-publish","format-standard","has-post-thumbnail","hentry","category-conferencias-y-seminarios"],"acf":[],"_links":{"self":[{"href":"https:\/\/fundacionincipe.com\/index.php\/wp-json\/wp\/v2\/posts\/6518","targetHints":{"allow":["GET"]}}],"collection":[{"href":"https:\/\/fundacionincipe.com\/index.php\/wp-json\/wp\/v2\/posts"}],"about":[{"href":"https:\/\/fundacionincipe.com\/index.php\/wp-json\/wp\/v2\/types\/post"}],"author":[{"embeddable":true,"href":"https:\/\/fundacionincipe.com\/index.php\/wp-json\/wp\/v2\/users\/3"}],"replies":[{"embeddable":true,"href":"https:\/\/fundacionincipe.com\/index.php\/wp-json\/wp\/v2\/comments?post=6518"}],"version-history":[{"count":1,"href":"https:\/\/fundacionincipe.com\/index.php\/wp-json\/wp\/v2\/posts\/6518\/revisions"}],"predecessor-version":[{"id":18299,"href":"https:\/\/fundacionincipe.com\/index.php\/wp-json\/wp\/v2\/posts\/6518\/revisions\/18299"}],"wp:featuredmedia":[{"embeddable":true,"href":"https:\/\/fundacionincipe.com\/index.php\/wp-json\/wp\/v2\/media\/18293"}],"wp:attachment":[{"href":"https:\/\/fundacionincipe.com\/index.php\/wp-json\/wp\/v2\/media?parent=6518"}],"wp:term":[{"taxonomy":"category","embeddable":true,"href":"https:\/\/fundacionincipe.com\/index.php\/wp-json\/wp\/v2\/categories?post=6518"},{"taxonomy":"post_tag","embeddable":true,"href":"https:\/\/fundacionincipe.com\/index.php\/wp-json\/wp\/v2\/tags?post=6518"}],"curies":[{"name":"wp","href":"https:\/\/api.w.org\/{rel}","templated":true}]}}