{"id":5881,"date":"2018-10-24T13:23:26","date_gmt":"2018-10-24T11:23:26","guid":{"rendered":"http:\/\/www.incipe.org\/?p=5881"},"modified":"2018-10-24T13:23:26","modified_gmt":"2018-10-24T11:23:26","slug":"la-agenda-2030-de-las-naciones-unidas-y-su-plan-de-aplicacion-por-parte-de-espana","status":"publish","type":"post","link":"https:\/\/fundacionincipe.com\/index.php\/2018\/10\/24\/la-agenda-2030-de-las-naciones-unidas-y-su-plan-de-aplicacion-por-parte-de-espana\/","title":{"rendered":"La Agenda 2030 de las Naciones Unidas  y su Plan de Aplicaci\u00f3n por parte de Espa\u00f1a"},"content":{"rendered":"<p><!--:es--><strong>El pasado 24 de octubre INCIPE organiz\u00f3 un Desayuno de Trabajo bajo el t\u00edtulo <em>La Agenda 2030 de las Naciones Unidas y su Plan de Aplicaci\u00f3n por parte de Espa\u00f1a<\/em>, cuya presentaci\u00f3n corri\u00f3 a cargo de D\u00f1a. Cristina Gallach, Alta Comisionada para la Agenda 2030 de la Presidencia de Gobierno.  <\/strong><\/p>\n<p>La <strong>Asamblea General de la ONU adopt\u00f3 en 2015 la Agenda 2030 para el Desarrollo Sostenible<\/strong>, un plan de acci\u00f3n a favor de las <strong>personas, el planeta y la prosperidad<\/strong>, que tambi\u00e9n tiene la intenci\u00f3n de fortalecer la paz universal y el acceso a la justicia. Los Estados Miembros aprobaron este plan con el firme desaf\u00edo de erradicar la pobreza en todo el mundo y se comprometieron a desarrollar internamente las medidas necesarias para cumplir con los <strong>17 objetivos de la Agenda (conocidos como ODS, Objetivos de Desarrollo Sostenible)<\/strong>, los cuales giran en torno a factores sociales, econ\u00f3micos y medioambientales. Estos objetivos son, en parte, la asunci\u00f3n de los Objetivos de Desarrollo del Milenio, suscritos en el a\u00f1o 2000, pero gozan de una mayor ambici\u00f3n y universalidad.<\/p>\n<p>Durante el Desayuno de Trabajo, se ha destacado la necesidad de actuar con car\u00e1cter urgente y din\u00e1mico, <strong>implicando a todos los actores necesarios<\/strong> para la consecuci\u00f3n de los ODS: a nivel institucional, el Gobierno central, as\u00ed como los gobiernos auton\u00f3micos y locales, el sector privado y la sociedad civil. Hay que acercar la Agenda y sus objetivos a la ciudadan\u00eda, y es por ello por lo que estos objetivos han sido determinados tras varios a\u00f1os de intensas negociaciones y consultas p\u00fablicas sin precedentes. <strong>La sociedad civil va a ser clave <\/strong>para conseguir alcanzar una meta tan \u00e1vida, por lo que es necesario llevar a cabo un cambio de paradigma en todos los gobiernos a la hora de actuar si se desea cumplir con todos los desaf\u00edos que tenemos por delante.<\/p>\n<p>Si bien es cierto que cada pa\u00eds se enfrenta a retos distintos, <strong>la Agenda supone el compromiso com\u00fan de alcanzar un Desarrollo Sostenible a escala global<\/strong>. Desde Espa\u00f1a, y con la reciente inclusi\u00f3n del Alto Comisionado para la Agenda 2030 dentro del Gobierno, se quiere impulsar la misma dando una imagen de responsabilidad, destacando la importancia que \u00e9sta tiene, y convertir toda esta energ\u00eda de actuaci\u00f3n en un ejemplo para con sus socios europeos e internacionales. Para ello, es importante identificar los problemas a los que nos enfrentamos y desarrollar pol\u00edticas p\u00fablicas coherentes e integradoras de los ODS.<\/p>\n<p>En definitiva, la Agenda 2030 se ha convertido en la nueva hoja de ruta del mundo. Lo que se ha calificado como el contrato social de la humanidad y la adecuaci\u00f3n a sus objetivos, persigue la transformaci\u00f3n hacia una <strong>sociedad global m\u00e1s justa, m\u00e1s igualitaria y m\u00e1s sostenible con el planeta<\/strong>. Por lo tanto, es imprescindible que todos actuemos con vistas a su implementaci\u00f3n, interiorizando y adoptando las medidas que sean necesarias para garantizar su \u00e9xito. En las palabras del propio <strong>Ant\u00f3nio Guterres, Secretario General de la ONU<\/strong>, <em>plasmen la esencia de la Agenda 2030 en todo lo que hagan<\/em>.<\/p>\n<p>Andrei Rosca<br \/>\nINCIPE<\/p>\n<p><a href=\"http:\/\/www.incipe.org\/wp-content\/uploads\/2018\/10\/6813-018.jpg\"><img fetchpriority=\"high\" decoding=\"async\" src=\"http:\/\/www.incipe.org\/wp-content\/uploads\/2018\/10\/6813-018-300x225.jpg\" alt=\"6813-018\" width=\"300\" height=\"225\" class=\"alignnone size-medium wp-image-5884\"><\/a>   <a href=\"http:\/\/www.incipe.org\/wp-content\/uploads\/2018\/10\/6813-036.jpg\"><img decoding=\"async\" src=\"http:\/\/www.incipe.org\/wp-content\/uploads\/2018\/10\/6813-036-300x225.jpg\" alt=\"6813-036\" width=\"300\" height=\"225\" class=\"alignnone size-medium wp-image-5888\"><\/a>   <a href=\"http:\/\/www.incipe.org\/wp-content\/uploads\/2018\/10\/6813-011.jpg\"><img decoding=\"async\" src=\"http:\/\/www.incipe.org\/wp-content\/uploads\/2018\/10\/6813-011-300x225.jpg\" alt=\"6813-011\" width=\"300\" height=\"225\" class=\"alignnone size-medium wp-image-5883\"><\/a>   <a href=\"http:\/\/www.incipe.org\/wp-content\/uploads\/2018\/10\/6813-027.jpg\"><img loading=\"lazy\" decoding=\"async\" src=\"http:\/\/www.incipe.org\/wp-content\/uploads\/2018\/10\/6813-027-300x225.jpg\" alt=\"6813-027\" width=\"300\" height=\"225\" class=\"alignnone size-medium wp-image-5886\"><\/a>   <a href=\"http:\/\/www.incipe.org\/wp-content\/uploads\/2018\/10\/6813-031.jpg\"><img loading=\"lazy\" decoding=\"async\" src=\"http:\/\/www.incipe.org\/wp-content\/uploads\/2018\/10\/6813-031-300x225.jpg\" alt=\"6813-031\" width=\"300\" height=\"225\" class=\"alignnone size-medium wp-image-5887\"><\/a>   <a href=\"http:\/\/www.incipe.org\/wp-content\/uploads\/2018\/10\/6813-019.jpg\"><img loading=\"lazy\" decoding=\"async\" src=\"http:\/\/www.incipe.org\/wp-content\/uploads\/2018\/10\/6813-019-300x225.jpg\" alt=\"6813-019\" width=\"300\" height=\"225\" class=\"alignnone size-medium wp-image-5885\"><\/a><br \/>\n<!--:--><\/p>\n","protected":false},"excerpt":{"rendered":"<p>El pasado 24 de octubre INCIPE organiz\u00f3 un Desayuno de Trabajo bajo el t\u00edtulo La Agenda 2030 de las Naciones Unidas y su Plan de Aplicaci\u00f3n por parte de Espa\u00f1a, [&hellip;]<\/p>\n","protected":false},"author":3,"featured_media":6007,"comment_status":"closed","ping_status":"closed","sticky":false,"template":"","format":"standard","meta":{"_acf_changed":false,"footnotes":""},"categories":[27],"tags":[],"class_list":["post-5881","post","type-post","status-publish","format-standard","has-post-thumbnail","hentry","category-desayunos-de-trabajo"],"acf":[],"_links":{"self":[{"href":"https:\/\/fundacionincipe.com\/index.php\/wp-json\/wp\/v2\/posts\/5881","targetHints":{"allow":["GET"]}}],"collection":[{"href":"https:\/\/fundacionincipe.com\/index.php\/wp-json\/wp\/v2\/posts"}],"about":[{"href":"https:\/\/fundacionincipe.com\/index.php\/wp-json\/wp\/v2\/types\/post"}],"author":[{"embeddable":true,"href":"https:\/\/fundacionincipe.com\/index.php\/wp-json\/wp\/v2\/users\/3"}],"replies":[{"embeddable":true,"href":"https:\/\/fundacionincipe.com\/index.php\/wp-json\/wp\/v2\/comments?post=5881"}],"version-history":[{"count":0,"href":"https:\/\/fundacionincipe.com\/index.php\/wp-json\/wp\/v2\/posts\/5881\/revisions"}],"wp:featuredmedia":[{"embeddable":true,"href":"https:\/\/fundacionincipe.com\/index.php\/wp-json\/"}],"wp:attachment":[{"href":"https:\/\/fundacionincipe.com\/index.php\/wp-json\/wp\/v2\/media?parent=5881"}],"wp:term":[{"taxonomy":"category","embeddable":true,"href":"https:\/\/fundacionincipe.com\/index.php\/wp-json\/wp\/v2\/categories?post=5881"},{"taxonomy":"post_tag","embeddable":true,"href":"https:\/\/fundacionincipe.com\/index.php\/wp-json\/wp\/v2\/tags?post=5881"}],"curies":[{"name":"wp","href":"https:\/\/api.w.org\/{rel}","templated":true}]}}