{"id":5787,"date":"2018-07-06T13:14:48","date_gmt":"2018-07-06T11:14:48","guid":{"rendered":"http:\/\/www.incipe.org\/?p=5787"},"modified":"2018-07-06T13:14:48","modified_gmt":"2018-07-06T11:14:48","slug":"una-europa-que-protege-las-prioridades-de-la-presiidencia-austriaca","status":"publish","type":"post","link":"https:\/\/fundacionincipe.com\/index.php\/2018\/07\/06\/una-europa-que-protege-las-prioridades-de-la-presiidencia-austriaca\/","title":{"rendered":"Una Europa que protege: Las prioridades de la Presidencia Austriaca"},"content":{"rendered":"<p><!--:es--><br \/>\n<strong>El pasado 6 de julio, INCIPE organiz\u00f3 un Desayuno de Trabajo bajo el t\u00edtulo <em>Una Europa que protege: Las prioridades de la Presidencia Austriaca del Consejo de la UE<\/em>, con la participaci\u00f3n de Christian Ebner, Excmo. Embajador de Austria en Espa\u00f1a. <\/strong><\/p>\n<p>El 1 de julio Austria asume la Presidencia del Consejo de la UE que ostentar\u00e1 durante el segundo semestre de 2018. <strong>Esta es la tercera vez que vez que Austria ejerce la Presidencia del Consejo de la UE<\/strong>, despu\u00e9s de haberlo hecho en 1998 y 2006, tras su incorporaci\u00f3n como miembro de la UE en 1995. Para garantizar la continuidad del trabajo durante la presidencia rotativa del Consejo de la UE se ha implementado el llamado &#8220;tr\u00edo de presidencia&#8221;, cuya finalidad es adoptar un programa com\u00fan que determina las prioridades y objetivos durante el periodo de 18 meses que abarcan las tres presidencias. El tr\u00edo actual est\u00e1 compuesto por las presidencias de Austria y sus predecesores, Estonia (en la segunda mitad de 2017) y Bulgaria (en la primera mitad de 2018), cuyo programa conjunto se centra en los siguientes \u00e1mbitos: <\/p>\n<p>Una Uni\u00f3n para el empleo, el crecimiento y la competitividad<br \/>\nUna Uni\u00f3n que protege a todos sus ciudadanos<br \/>\nHacia una Uni\u00f3n energ\u00e9tica con una pol\u00edtica clim\u00e1tica prospectiva<br \/>\nUna Uni\u00f3n de libertad, seguridad y justicia<br \/>\nUni\u00f3n Europea como un actor global fuerte<\/p>\n<p>Asimismo, en l\u00edneas generales, el programa de la Presidencia Austriaca semestral incorpora los siguientes asuntos dentro de su agenda: cuestiones de asilo y migraci\u00f3n, protecci\u00f3n de las fronteras exteriores, lucha contra la radicalizaci\u00f3n, el terrorismo y la delincuencia organizada, seguridad digital y protecci\u00f3n de los valores europeos.<\/p>\n<p>El lema de la Presidencia <em>Una Europa que protege<\/em> es claro ejemplo de que el <strong>enfoque de Austria se basar\u00e1 en la mejora del principio de subsidiariedad<\/strong>, cuyo objetivo es que la UE se centre en los grandes problemas que requieren una soluci\u00f3n conjunta y dar un paso atr\u00e1s cuando se trata de cuestiones m\u00e1s peque\u00f1as en las que los Estados miembros o las regiones puedan estar en una mejor posici\u00f3n para tomar decisiones. Este enfoque tiene como objetivo tomar en serio el lema de la Uni\u00f3n Europea, <strong><em>Unidos en la diversidad<\/em><\/strong>. A tal efecto, la Presidencia austriaca d<strong>ar\u00e1 prioridad al papel protector de la Uni\u00f3n Europea<\/strong>, en particular en relaci\u00f3n con tres \u00e1reas prioritarias: la seguridad y la lucha contra la migraci\u00f3n ilegal, asegurar la prosperidad y la competitividad a trav\u00e9s de la digitalizaci\u00f3ny la estabilidad en el vecindario europeo, principalmente en los Balcanes Occidentales\/Europa sudoriental.<\/p>\n<p>El siguiente tr\u00edo presidencial, sistema instaurado por el Tratado de Lisboa en 2009, est\u00e1 compuesto por Ruman\u00eda (primera semestre de 2019), Finlandia (segundo semestre de 2019) y Croacia (primera semestre de 2020).<\/p>\n<p><a href=\"http:\/\/www.incipe.org\/wp-content\/uploads\/2018\/09\/18-month-Programme-of-the-Council-1-July-2017-31-December-2018.pdf\" title=\"trio presidencial\" rel=\"noopener\" target=\"_blank\">Programa del <em>tr\u00edo presidencial<\/em> Estonia, Bulgaria y Austria<\/a> <\/p>\n<p>Aranzazu \u00c1lvarez<br \/>\nINCIPE<\/p>\n<p><a href=\"http:\/\/www.incipe.org\/wp-content\/uploads\/2018\/09\/6795-021.jpg\"><img fetchpriority=\"high\" decoding=\"async\" src=\"http:\/\/www.incipe.org\/wp-content\/uploads\/2018\/09\/6795-021-300x225.jpg\" alt=\"6795-021\" width=\"300\" height=\"225\" class=\"alignnone size-medium wp-image-5784\" \/><\/a>   <a href=\"http:\/\/www.incipe.org\/wp-content\/uploads\/2018\/09\/6795-032.jpg\"><img decoding=\"async\" src=\"http:\/\/www.incipe.org\/wp-content\/uploads\/2018\/09\/6795-032-300x225.jpg\" alt=\"6795-032\" width=\"300\" height=\"225\" class=\"alignnone size-medium wp-image-5786\" \/><\/a>   <a href=\"http:\/\/www.incipe.org\/wp-content\/uploads\/2018\/09\/6795-026.jpg\"><img decoding=\"async\" src=\"http:\/\/www.incipe.org\/wp-content\/uploads\/2018\/09\/6795-026-300x225.jpg\" alt=\"6795-026\" width=\"300\" height=\"225\" class=\"alignnone size-medium wp-image-5785\" \/><\/a>   <a href=\"http:\/\/www.incipe.org\/wp-content\/uploads\/2018\/09\/6795-019.jpg\"><img loading=\"lazy\" decoding=\"async\" src=\"http:\/\/www.incipe.org\/wp-content\/uploads\/2018\/09\/6795-019-300x225.jpg\" alt=\"6795-019\" width=\"300\" height=\"225\" class=\"alignnone size-medium wp-image-5788\" \/><\/a>   <a href=\"http:\/\/www.incipe.org\/wp-content\/uploads\/2018\/09\/6795-014.jpg\"><img loading=\"lazy\" decoding=\"async\" src=\"http:\/\/www.incipe.org\/wp-content\/uploads\/2018\/09\/6795-014-300x225.jpg\" alt=\"6795-014\" width=\"300\" height=\"225\" class=\"alignnone size-medium wp-image-5783\" \/><\/a><br \/>\n<!--:--><!--:en--><strong>This past 6th of July, INCIPE hosted a Working Breakfast under the title <em>A Europe that protects: the priorities of the Austrian Presidency per the European Union Council<\/em> with the participation of Christian Ebner, Excmo. the Austrian ambassador in Spain. <\/strong><\/p>\n<p>In July 1st, Austria took over the Presidency of the EU Council for the second semester of 2018. <strong>This will be the third time that Austria holds the Presidency of the EU Council<\/strong>, previously having done so in 1998 and 2006, after they joined the EU in 1995. To guarantee the job continuity during the rotating Presidency of the EU Council, a compromise called the \u00a8Presidency trio\u00a8 has been implanted and the main objective behind that is to adopt a common program that will determine the priorities and objectives during the next 18 month period that will take place during the next three presidencies. <strong>The current trio is composed of the Austrian presidency and their predecessors, Estonia (second half of 2017) and Bulgaria (first half of 2018)<\/strong>, their joint program centers around the following areas:<\/p>\n<p>A Union for the employment, the growth and the competitiveness<br \/>\nA Union that protects all of its citizens<br \/>\nTowards an energetic Union with a prospective political climate<br \/>\nA Union of liberty, security and justice<br \/>\nEuropean Union as a strong, global actor <\/p>\n<p>Within those lines, the Austrian Presidency semester program will incorporate the following topics into their agenda: asylum and migration issues, exterior frontier protection, fight against radicalization, terrorism and organized crime, cyber security and the protection of European values. <\/p>\n<p>The One Europe that protects Presidency\u00b4s motto is a clear example that Austria\u00b4s focus will be based off the improvement of the principle of subsidiarity, whose objective is that the EU centers the big problems that require a joint solution and take a step back when the issues are smaller in which the individual members or the regions are in a better position to take an individual decision. This focus has as a goal to take the European Union\u00b4s motto, Together in diversity, more seriously. For such purpose, the Austrian Presidency will give priority to the protective role of the European Union, in particular to three areas of priority: security and the fight against illegal migration, ensure prosperity and competitiveness through digitalization and stability in the European neighborhood, mainly in the Western Balkans\/ Southeastern Europe. <\/p>\n<p>The next Presidential trio, system implemented by the Lisbon Treaty in 2009, will be composed of Romania (first semester of 2019), Finland (second semester of 2019) and Croatia (first semester of 2020). <\/p>\n<p>Aranzazu \u00c1lvarez<br \/>\nINCIPE<\/p>\n<p><a href=\"http:\/\/www.incipe.org\/wp-content\/uploads\/2018\/09\/6795-021.jpg\"><img fetchpriority=\"high\" decoding=\"async\" src=\"http:\/\/www.incipe.org\/wp-content\/uploads\/2018\/09\/6795-021-300x225.jpg\" alt=\"6795-021\" width=\"300\" height=\"225\" class=\"alignnone size-medium wp-image-5784\" \/><\/a>   <a href=\"http:\/\/www.incipe.org\/wp-content\/uploads\/2018\/09\/6795-032.jpg\"><img decoding=\"async\" src=\"http:\/\/www.incipe.org\/wp-content\/uploads\/2018\/09\/6795-032-300x225.jpg\" alt=\"6795-032\" width=\"300\" height=\"225\" class=\"alignnone size-medium wp-image-5786\" \/><\/a>   <a href=\"http:\/\/www.incipe.org\/wp-content\/uploads\/2018\/09\/6795-026.jpg\"><img decoding=\"async\" src=\"http:\/\/www.incipe.org\/wp-content\/uploads\/2018\/09\/6795-026-300x225.jpg\" alt=\"6795-026\" width=\"300\" height=\"225\" class=\"alignnone size-medium wp-image-5785\" \/><\/a>   <a href=\"http:\/\/www.incipe.org\/wp-content\/uploads\/2018\/09\/6795-019.jpg\"><img loading=\"lazy\" decoding=\"async\" src=\"http:\/\/www.incipe.org\/wp-content\/uploads\/2018\/09\/6795-019-300x225.jpg\" alt=\"6795-019\" width=\"300\" height=\"225\" class=\"alignnone size-medium wp-image-5788\" \/><\/a>   <a href=\"http:\/\/www.incipe.org\/wp-content\/uploads\/2018\/09\/6795-014.jpg\"><img loading=\"lazy\" decoding=\"async\" src=\"http:\/\/www.incipe.org\/wp-content\/uploads\/2018\/09\/6795-014-300x225.jpg\" alt=\"6795-014\" width=\"300\" height=\"225\" class=\"alignnone size-medium wp-image-5783\" \/><\/a><br \/>\n<!--:--><\/p>\n","protected":false},"excerpt":{"rendered":"<p>El pasado 6 de julio, INCIPE organiz\u00f3 un Desayuno de Trabajo bajo el t\u00edtulo Una Europa que protege: Las prioridades de la Presidencia Austriaca del Consejo de la UE, con [&hellip;]<\/p>\n","protected":false},"author":3,"featured_media":5784,"comment_status":"closed","ping_status":"closed","sticky":false,"template":"","format":"standard","meta":{"_acf_changed":false,"footnotes":""},"categories":[27],"tags":[],"class_list":["post-5787","post","type-post","status-publish","format-standard","has-post-thumbnail","hentry","category-desayunos-de-trabajo"],"acf":[],"_links":{"self":[{"href":"https:\/\/fundacionincipe.com\/index.php\/wp-json\/wp\/v2\/posts\/5787","targetHints":{"allow":["GET"]}}],"collection":[{"href":"https:\/\/fundacionincipe.com\/index.php\/wp-json\/wp\/v2\/posts"}],"about":[{"href":"https:\/\/fundacionincipe.com\/index.php\/wp-json\/wp\/v2\/types\/post"}],"author":[{"embeddable":true,"href":"https:\/\/fundacionincipe.com\/index.php\/wp-json\/wp\/v2\/users\/3"}],"replies":[{"embeddable":true,"href":"https:\/\/fundacionincipe.com\/index.php\/wp-json\/wp\/v2\/comments?post=5787"}],"version-history":[{"count":0,"href":"https:\/\/fundacionincipe.com\/index.php\/wp-json\/wp\/v2\/posts\/5787\/revisions"}],"wp:featuredmedia":[{"embeddable":true,"href":"https:\/\/fundacionincipe.com\/index.php\/wp-json\/"}],"wp:attachment":[{"href":"https:\/\/fundacionincipe.com\/index.php\/wp-json\/wp\/v2\/media?parent=5787"}],"wp:term":[{"taxonomy":"category","embeddable":true,"href":"https:\/\/fundacionincipe.com\/index.php\/wp-json\/wp\/v2\/categories?post=5787"},{"taxonomy":"post_tag","embeddable":true,"href":"https:\/\/fundacionincipe.com\/index.php\/wp-json\/wp\/v2\/tags?post=5787"}],"curies":[{"name":"wp","href":"https:\/\/api.w.org\/{rel}","templated":true}]}}