{"id":5747,"date":"2018-06-20T13:33:29","date_gmt":"2018-06-20T11:33:29","guid":{"rendered":"http:\/\/www.incipe.org\/?p=5747"},"modified":"2024-11-11T12:42:27","modified_gmt":"2024-11-11T12:42:27","slug":"conflictos-y-agentes-de-inestabilidad-en-el-sahel-occidental","status":"publish","type":"post","link":"https:\/\/fundacionincipe.com\/index.php\/2018\/06\/20\/conflictos-y-agentes-de-inestabilidad-en-el-sahel-occidental\/","title":{"rendered":"Conflictos y agentes de inestabilidad en el Sahel Occidental"},"content":{"rendered":"\n<p><!--:es-->En la primera mesa, con el t\u00edtulo <strong><em>El escenario pol\u00edtico y geoestrat\u00e9gico del Sahel: retos y desaf\u00edos <\/em><\/strong> intervinieron <strong>Jennifer Nyberg<\/strong>, Jefa de la Oficina en Madrid del Programa Mundial de Alimentos (PMA), <strong>Manuel Torres Soriano<\/strong>, Profesor en la Universidad Pablo de Olavide y experto en yihadismo, y <strong>Francisco Espinos<\/strong>a, General de Divisi\u00f3n de la Guardia Civil y jefe del Proyecto GAR-SI Sahel que forma a los futuros gendarmes de los pa\u00edses de la franja saheliana.<\/p>\n\n\n\n<p><strong>Nyberg destac\u00f3 el hambre, la pobreza y la competici\u00f3n por los recursos como los tres principales problemas humanitarios del Sahel<\/strong>, a los que se suman el analfabetismo y el terrorismo. As\u00ed, Nyberg tambi\u00e9n se\u00f1al\u00f3 que hay <strong>seis millones de personas con una necesidad inmediata de alimentos en el Sahel <\/strong>(50% m\u00e1s que el a\u00f1o pasado) y que el hambre conduce inevitablmente al conflicto. La respuesta que plantea el PMA es preposicionar los alimentos para distribuirlos con rapidez y fomentar la resiliencia de las poblaciones sahelianas. Adem\u00e1s, explic\u00f3 que si la situaci\u00f3n sigue as\u00ed, un flujo masivo de migrantes hacia Europa es inevitable.<\/p>\n\n\n\n<p>Manuel Torres Soriano defini\u00f3 las <strong>caracter\u00edsticas principales de los grupos terroristas<\/strong>, que concret\u00f3 en el deseo inmediato de implantar la sharia, hacer ostentaci\u00f3n de su radicalidad y la beligerancia contra los pa\u00edses vecinos, unas circunstancias que se concitan en el Sahel; un espacio donde ahora la mir\u00edada de grupos terroristas debe enfrentarse a un dilema: elegir el control del territorio (al estilo del Estado Isl\u00e1mico en Siria e Irak) o la seguridad de sus redes (como Al Qaeda).<\/p>\n\n\n\n<p>El General de Divisi\u00f3n Espinosa describi\u00f3 el <strong>proyecto de formaci\u00f3n de los cuerpos gend\u00e1rmicos en el Sahel<\/strong> como un \u00e9xito, teniendo en cuenta que es un proyecto de matriz espa\u00f1ola en una zona franc\u00f3fona. La iniciativa, presente en Senegal, Mauritania, Mal\u00ed, N\u00edger, Burkina Faso y Chad forma a los gendarmes locales en funciones de polic\u00eda de proximidad, lucha contra el terrorismo y vigilancia de fronteras aprovechando la experiencia de la Guardia Civil en estos menesteres. Sin embargo, el avance en la formaci\u00f3n var\u00eda en funci\u00f3n del pa\u00eds. As\u00ed, en Mauritania la unidad adiestrada por el G5 est\u00e1 completamente entrenada y ya realiza misiones, como el control de la seguridad en la cumbra de la Uni\u00f3n Africana que se celebrar\u00e1 en este Estado. Pero, sin embargo, en Chad el proyecto se ha parado debido a los problemas pol\u00edticos por los que atraviesa el pa\u00eds.<\/p>\n\n\n\n<p>La segunda mesa redonda, bautizada como <strong><em>El Sahel, la frontera avanzada de la UE: implicaciones para Espa\u00f1a<\/em><\/strong> estuvo moderada por <strong>Francisco Javier Casas<\/strong>, Director de la Divisi\u00f3n de Coordinaci\u00f3n y Estudios de Seguridad y Defensa y en ella participaron <strong>Antonio Torres-Dulce<\/strong>, Embajador en Misi\u00f3n Especial para el Sahel, <strong>Alfonso Garc\u00eda-Vaquero<\/strong>, asesor de la Secretar\u00eda General de Pol\u00edtica de Defensa y exjefe de la Misi\u00f3n de entrenamiento de la UE en Mal\u00ed (EUTM Mal\u00ed) y <strong>Carlos Echeverr\u00eda<\/strong>, profesor de Relaciones Internacionales en la UNED y expero en yihadismo.<\/p>\n\n\n\n<p>Este \u00faltimo explic\u00f3 que el terrorismo en el Sahel no es un fen\u00f3meno nuevo sino que hunde sus ra\u00edces en el radicalismo isl\u00e1mico argelino. Sin embargo, desde 2011, tras el derrumbe de Libia y la posterior crisis en Mal\u00ed, est\u00e1 amenaza ha entrado en una dimensi\u00f3n nueva que representa un mayor riesgo para Espa\u00f1a (las agencias de comunicaci\u00f3n de los grupos terroristas llevan nombres que recuerdan la presencia isl\u00e1mica en la pen\u00ednsula ib\u00e9rica). Adem\u00e1s, han surgido <strong>nuevos grupos terroristas, tales como Ansarul al islam en Burkina Faso, el Estado Isl\u00e1mico en el Gran S\u00e1hara<\/strong>, responsable de la muerte de cuatro soldados estadounidenses en una emboscada en N\u00edger y una escisi\u00f3n de Boko Haram rebautizada como Estado isl\u00e1mico en \u00c1frica occidental. La poblaci\u00f3n de los pa\u00edses sahelianos ve como unirse a estos grupos terroristas les ofrece un futuro y, por ello, el Profesor Echeverr\u00eda estima que la amenaza en el Sahel, perdurar\u00e1.<\/p>\n\n\n\n<p>Por su parte, el Embajador Torres-Dulce destac\u00f3 que el <strong>Sahel es una zona muy poco conocida para la opini\u00f3n p\u00fablica espa\u00f1ola<\/strong> y destac\u00f3 que Espa\u00f1a es el \u00fanico pa\u00eds de la Uni\u00f3n Europa vecino de \u00c1frica, por lo que el conocimiento de Espa\u00f1a sobre la zona obliga al pa\u00eds a jugar un papel protagonista en esta turbulenta regi\u00f3n. Para lograr mejorar la situaci\u00f3n de los pa\u00edses y sus habitantes, Torres-Dulce estima que hay que adoptar un e<strong>nfoque global amplio y tener en cuenta el indiscutible v\u00ednculo entre seguridad y desarrollo<\/strong>. Para el diplom\u00e1tico, el ejemplo de lo que hay que hacer es Mauritania, un pa\u00eds con el que Espa\u00f1a mantiene una profunda cooperaci\u00f3n desde 2005. La presencia espa\u00f1ola en el Sahel est\u00e1 aumentando y, por eso, adem\u00e1s de las actuales Embajadas en Nuakchott, Bamako y Niamey, se abrir\u00e1n antenas en el resto de pa\u00edses de la franja saheliana. El Embajador subray\u00f3, asimismo, que los p<strong>a\u00edses del Sahel crecen tanto en lo econ\u00f3mico como en lo demogr\u00e1fico<\/strong> y tienen una necesidad acuciante de infraestructuras, cuya financiaci\u00f3n debe partir del Fondo Fiduciario de la Uni\u00f3n Europea.<\/p>\n\n\n\n<p>De la misma manera, Torres-Dulce se\u00f1al\u00f3 que el origen del radicalismo religioso no debe mezclarse con la religi\u00f3n isl\u00e1mica, sino con una interpretaci\u00f3n rigorista del mismo, que presiona a los habitantes de estos pa\u00edses, cuya visi\u00f3n de la religi\u00f3n mahometana es mucho m\u00e1s tolerante. EL Embajador cerr\u00f3 su intervenci\u00f3n afirmando que cada vez existe una mayor conciencia de que la zona del Sahel debe ser de inter\u00e9s prioritario para la UE.<\/p>\n\n\n\n<p>El General de Brigada Garc\u00eda-Vaquero detall\u00f3 una larga lista de problemas comunes a los Estados sahelianos (pobreza, \u00e1reas des\u00e9rticas, explosi\u00f3n demogr\u00e1fica, corrupci\u00f3n, movimientos secesionistas, conflictos comunales y fronteras inexistentes) que complican la ya de por s\u00ed d\u00e9bil situaci\u00f3n de estos pa\u00edses. Garc\u00eda Vaquero resumi\u00f3 las <strong>misiones de la Uni\u00f3n Europea de formaci\u00f3n a las fuerzas militares malienses<\/strong>, as\u00ed como el resto de misiones (MINUSMA, Fuerza Conjunta del G5 Sahel) y destac\u00f3 la importancia de favorecer las pol\u00edticas locales, respetando el principio de apropiaci\u00f3n, as\u00ed como la necesidad de comprender y respetar la cultura de los pa\u00edses del Sahel para lograr soluciones estables y duraderas.<\/p>\n\n\n\n<p>El encuentro fue clausurado por el <strong>General de Divisi\u00f3n Jos\u00e9 Luis Figuero<\/strong>, Director del Gabinete t\u00e9cnico del SEGENPOL que mencion\u00f3 la necesidad de buscar soluciones africanas a problemas africanos con la cooperaci\u00f3n y la inversi\u00f3n \u2013que no intervenci\u00f3n- de Europa y Espa\u00f1a en el Sahel .<\/p>\n\n\n\n<p>Pablo Blanco<br>INCIPE<\/p>\n\n\n\n<figure class=\"wp-block-gallery has-nested-images columns-default is-cropped wp-block-gallery-1 is-layout-flex wp-block-gallery-is-layout-flex\">\n<figure data-wp-context=\"{&quot;imageId&quot;:&quot;69f27d4aca49a&quot;}\" data-wp-interactive=\"core\/image\" class=\"wp-block-image size-large wp-lightbox-container\"><img fetchpriority=\"high\" decoding=\"async\" width=\"1024\" height=\"768\" data-wp-class--hide=\"state.isContentHidden\" data-wp-class--show=\"state.isContentVisible\" data-wp-init=\"callbacks.setButtonStyles\" data-wp-on-async--click=\"actions.showLightbox\" data-wp-on-async--load=\"callbacks.setButtonStyles\" data-wp-on-async-window--resize=\"callbacks.setButtonStyles\" data-id=\"18321\" src=\"https:\/\/fundacionincipe.com\/wp-content\/uploads\/2024\/11\/6790-026-1024x768.jpg\" alt=\"\" class=\"wp-image-18321\" srcset=\"https:\/\/fundacionincipe.com\/wp-content\/uploads\/2024\/11\/6790-026-1024x768.jpg 1024w, https:\/\/fundacionincipe.com\/wp-content\/uploads\/2024\/11\/6790-026-300x225.jpg 300w, https:\/\/fundacionincipe.com\/wp-content\/uploads\/2024\/11\/6790-026-768x576.jpg 768w, https:\/\/fundacionincipe.com\/wp-content\/uploads\/2024\/11\/6790-026-1536x1152.jpg 1536w, https:\/\/fundacionincipe.com\/wp-content\/uploads\/2024\/11\/6790-026.jpg 2008w\" sizes=\"(max-width: 1024px) 100vw, 1024px\" \/><button\n\t\t\tclass=\"lightbox-trigger\"\n\t\t\ttype=\"button\"\n\t\t\taria-haspopup=\"dialog\"\n\t\t\taria-label=\"Ampliar la imagen\"\n\t\t\tdata-wp-init=\"callbacks.initTriggerButton\"\n\t\t\tdata-wp-on-async--click=\"actions.showLightbox\"\n\t\t\tdata-wp-style--right=\"state.imageButtonRight\"\n\t\t\tdata-wp-style--top=\"state.imageButtonTop\"\n\t\t>\n\t\t\t<svg xmlns=\"http:\/\/www.w3.org\/2000\/svg\" width=\"12\" height=\"12\" fill=\"none\" viewBox=\"0 0 12 12\">\n\t\t\t\t<path fill=\"#fff\" d=\"M2 0a2 2 0 0 0-2 2v2h1.5V2a.5.5 0 0 1 .5-.5h2V0H2Zm2 10.5H2a.5.5 0 0 1-.5-.5V8H0v2a2 2 0 0 0 2 2h2v-1.5ZM8 12v-1.5h2a.5.5 0 0 0 .5-.5V8H12v2a2 2 0 0 1-2 2H8Zm2-12a2 2 0 0 1 2 2v2h-1.5V2a.5.5 0 0 0-.5-.5H8V0h2Z\" \/>\n\t\t\t<\/svg>\n\t\t<\/button><\/figure>\n\n\n\n<figure data-wp-context=\"{&quot;imageId&quot;:&quot;69f27d4aca9f2&quot;}\" data-wp-interactive=\"core\/image\" class=\"wp-block-image size-large wp-lightbox-container\"><img decoding=\"async\" width=\"1024\" height=\"768\" data-wp-class--hide=\"state.isContentHidden\" data-wp-class--show=\"state.isContentVisible\" data-wp-init=\"callbacks.setButtonStyles\" data-wp-on-async--click=\"actions.showLightbox\" data-wp-on-async--load=\"callbacks.setButtonStyles\" data-wp-on-async-window--resize=\"callbacks.setButtonStyles\" data-id=\"18322\" src=\"https:\/\/fundacionincipe.com\/wp-content\/uploads\/2024\/11\/6790-046-1024x768.jpg\" alt=\"\" class=\"wp-image-18322\" srcset=\"https:\/\/fundacionincipe.com\/wp-content\/uploads\/2024\/11\/6790-046-1024x768.jpg 1024w, https:\/\/fundacionincipe.com\/wp-content\/uploads\/2024\/11\/6790-046-300x225.jpg 300w, https:\/\/fundacionincipe.com\/wp-content\/uploads\/2024\/11\/6790-046-768x576.jpg 768w, https:\/\/fundacionincipe.com\/wp-content\/uploads\/2024\/11\/6790-046-1536x1152.jpg 1536w, https:\/\/fundacionincipe.com\/wp-content\/uploads\/2024\/11\/6790-046.jpg 2008w\" sizes=\"(max-width: 1024px) 100vw, 1024px\" \/><button\n\t\t\tclass=\"lightbox-trigger\"\n\t\t\ttype=\"button\"\n\t\t\taria-haspopup=\"dialog\"\n\t\t\taria-label=\"Ampliar la imagen\"\n\t\t\tdata-wp-init=\"callbacks.initTriggerButton\"\n\t\t\tdata-wp-on-async--click=\"actions.showLightbox\"\n\t\t\tdata-wp-style--right=\"state.imageButtonRight\"\n\t\t\tdata-wp-style--top=\"state.imageButtonTop\"\n\t\t>\n\t\t\t<svg xmlns=\"http:\/\/www.w3.org\/2000\/svg\" width=\"12\" height=\"12\" fill=\"none\" viewBox=\"0 0 12 12\">\n\t\t\t\t<path fill=\"#fff\" d=\"M2 0a2 2 0 0 0-2 2v2h1.5V2a.5.5 0 0 1 .5-.5h2V0H2Zm2 10.5H2a.5.5 0 0 1-.5-.5V8H0v2a2 2 0 0 0 2 2h2v-1.5ZM8 12v-1.5h2a.5.5 0 0 0 .5-.5V8H12v2a2 2 0 0 1-2 2H8Zm2-12a2 2 0 0 1 2 2v2h-1.5V2a.5.5 0 0 0-.5-.5H8V0h2Z\" \/>\n\t\t\t<\/svg>\n\t\t<\/button><\/figure>\n\n\n\n<figure data-wp-context=\"{&quot;imageId&quot;:&quot;69f27d4acae6c&quot;}\" data-wp-interactive=\"core\/image\" class=\"wp-block-image size-large wp-lightbox-container\"><img decoding=\"async\" width=\"1024\" height=\"768\" data-wp-class--hide=\"state.isContentHidden\" data-wp-class--show=\"state.isContentVisible\" data-wp-init=\"callbacks.setButtonStyles\" data-wp-on-async--click=\"actions.showLightbox\" data-wp-on-async--load=\"callbacks.setButtonStyles\" data-wp-on-async-window--resize=\"callbacks.setButtonStyles\" data-id=\"18323\" src=\"https:\/\/fundacionincipe.com\/wp-content\/uploads\/2024\/11\/6790-054-1024x768.jpg\" alt=\"\" class=\"wp-image-18323\" srcset=\"https:\/\/fundacionincipe.com\/wp-content\/uploads\/2024\/11\/6790-054-1024x768.jpg 1024w, https:\/\/fundacionincipe.com\/wp-content\/uploads\/2024\/11\/6790-054-300x225.jpg 300w, https:\/\/fundacionincipe.com\/wp-content\/uploads\/2024\/11\/6790-054-768x576.jpg 768w, https:\/\/fundacionincipe.com\/wp-content\/uploads\/2024\/11\/6790-054-1536x1152.jpg 1536w, https:\/\/fundacionincipe.com\/wp-content\/uploads\/2024\/11\/6790-054.jpg 2008w\" sizes=\"(max-width: 1024px) 100vw, 1024px\" \/><button\n\t\t\tclass=\"lightbox-trigger\"\n\t\t\ttype=\"button\"\n\t\t\taria-haspopup=\"dialog\"\n\t\t\taria-label=\"Ampliar la imagen\"\n\t\t\tdata-wp-init=\"callbacks.initTriggerButton\"\n\t\t\tdata-wp-on-async--click=\"actions.showLightbox\"\n\t\t\tdata-wp-style--right=\"state.imageButtonRight\"\n\t\t\tdata-wp-style--top=\"state.imageButtonTop\"\n\t\t>\n\t\t\t<svg xmlns=\"http:\/\/www.w3.org\/2000\/svg\" width=\"12\" height=\"12\" fill=\"none\" viewBox=\"0 0 12 12\">\n\t\t\t\t<path fill=\"#fff\" d=\"M2 0a2 2 0 0 0-2 2v2h1.5V2a.5.5 0 0 1 .5-.5h2V0H2Zm2 10.5H2a.5.5 0 0 1-.5-.5V8H0v2a2 2 0 0 0 2 2h2v-1.5ZM8 12v-1.5h2a.5.5 0 0 0 .5-.5V8H12v2a2 2 0 0 1-2 2H8Zm2-12a2 2 0 0 1 2 2v2h-1.5V2a.5.5 0 0 0-.5-.5H8V0h2Z\" \/>\n\t\t\t<\/svg>\n\t\t<\/button><\/figure>\n\n\n\n<figure data-wp-context=\"{&quot;imageId&quot;:&quot;69f27d4acb3ad&quot;}\" data-wp-interactive=\"core\/image\" class=\"wp-block-image size-large wp-lightbox-container\"><img loading=\"lazy\" decoding=\"async\" width=\"1024\" height=\"768\" data-wp-class--hide=\"state.isContentHidden\" data-wp-class--show=\"state.isContentVisible\" data-wp-init=\"callbacks.setButtonStyles\" data-wp-on-async--click=\"actions.showLightbox\" data-wp-on-async--load=\"callbacks.setButtonStyles\" data-wp-on-async-window--resize=\"callbacks.setButtonStyles\" data-id=\"18320\" src=\"https:\/\/fundacionincipe.com\/wp-content\/uploads\/2024\/11\/6790-004-1024x768.jpg\" alt=\"\" class=\"wp-image-18320\" srcset=\"https:\/\/fundacionincipe.com\/wp-content\/uploads\/2024\/11\/6790-004-1024x768.jpg 1024w, https:\/\/fundacionincipe.com\/wp-content\/uploads\/2024\/11\/6790-004-300x225.jpg 300w, https:\/\/fundacionincipe.com\/wp-content\/uploads\/2024\/11\/6790-004-768x576.jpg 768w, https:\/\/fundacionincipe.com\/wp-content\/uploads\/2024\/11\/6790-004-1536x1152.jpg 1536w, https:\/\/fundacionincipe.com\/wp-content\/uploads\/2024\/11\/6790-004.jpg 2008w\" sizes=\"(max-width: 1024px) 100vw, 1024px\" \/><button\n\t\t\tclass=\"lightbox-trigger\"\n\t\t\ttype=\"button\"\n\t\t\taria-haspopup=\"dialog\"\n\t\t\taria-label=\"Ampliar la imagen\"\n\t\t\tdata-wp-init=\"callbacks.initTriggerButton\"\n\t\t\tdata-wp-on-async--click=\"actions.showLightbox\"\n\t\t\tdata-wp-style--right=\"state.imageButtonRight\"\n\t\t\tdata-wp-style--top=\"state.imageButtonTop\"\n\t\t>\n\t\t\t<svg xmlns=\"http:\/\/www.w3.org\/2000\/svg\" width=\"12\" height=\"12\" fill=\"none\" viewBox=\"0 0 12 12\">\n\t\t\t\t<path fill=\"#fff\" d=\"M2 0a2 2 0 0 0-2 2v2h1.5V2a.5.5 0 0 1 .5-.5h2V0H2Zm2 10.5H2a.5.5 0 0 1-.5-.5V8H0v2a2 2 0 0 0 2 2h2v-1.5ZM8 12v-1.5h2a.5.5 0 0 0 .5-.5V8H12v2a2 2 0 0 1-2 2H8Zm2-12a2 2 0 0 1 2 2v2h-1.5V2a.5.5 0 0 0-.5-.5H8V0h2Z\" \/>\n\t\t\t<\/svg>\n\t\t<\/button><\/figure>\n\n\n\n<figure data-wp-context=\"{&quot;imageId&quot;:&quot;69f27d4acb968&quot;}\" data-wp-interactive=\"core\/image\" class=\"wp-block-image size-large wp-lightbox-container\"><img loading=\"lazy\" decoding=\"async\" width=\"1024\" height=\"768\" data-wp-class--hide=\"state.isContentHidden\" data-wp-class--show=\"state.isContentVisible\" data-wp-init=\"callbacks.setButtonStyles\" data-wp-on-async--click=\"actions.showLightbox\" data-wp-on-async--load=\"callbacks.setButtonStyles\" data-wp-on-async-window--resize=\"callbacks.setButtonStyles\" data-id=\"18324\" src=\"https:\/\/fundacionincipe.com\/wp-content\/uploads\/2024\/11\/6790-071-1024x768.jpg\" alt=\"\" class=\"wp-image-18324\" srcset=\"https:\/\/fundacionincipe.com\/wp-content\/uploads\/2024\/11\/6790-071-1024x768.jpg 1024w, https:\/\/fundacionincipe.com\/wp-content\/uploads\/2024\/11\/6790-071-300x225.jpg 300w, https:\/\/fundacionincipe.com\/wp-content\/uploads\/2024\/11\/6790-071-768x576.jpg 768w, https:\/\/fundacionincipe.com\/wp-content\/uploads\/2024\/11\/6790-071-1536x1152.jpg 1536w, https:\/\/fundacionincipe.com\/wp-content\/uploads\/2024\/11\/6790-071.jpg 2008w\" sizes=\"(max-width: 1024px) 100vw, 1024px\" \/><button\n\t\t\tclass=\"lightbox-trigger\"\n\t\t\ttype=\"button\"\n\t\t\taria-haspopup=\"dialog\"\n\t\t\taria-label=\"Ampliar la imagen\"\n\t\t\tdata-wp-init=\"callbacks.initTriggerButton\"\n\t\t\tdata-wp-on-async--click=\"actions.showLightbox\"\n\t\t\tdata-wp-style--right=\"state.imageButtonRight\"\n\t\t\tdata-wp-style--top=\"state.imageButtonTop\"\n\t\t>\n\t\t\t<svg xmlns=\"http:\/\/www.w3.org\/2000\/svg\" width=\"12\" height=\"12\" fill=\"none\" viewBox=\"0 0 12 12\">\n\t\t\t\t<path fill=\"#fff\" d=\"M2 0a2 2 0 0 0-2 2v2h1.5V2a.5.5 0 0 1 .5-.5h2V0H2Zm2 10.5H2a.5.5 0 0 1-.5-.5V8H0v2a2 2 0 0 0 2 2h2v-1.5ZM8 12v-1.5h2a.5.5 0 0 0 .5-.5V8H12v2a2 2 0 0 1-2 2H8Zm2-12a2 2 0 0 1 2 2v2h-1.5V2a.5.5 0 0 0-.5-.5H8V0h2Z\" \/>\n\t\t\t<\/svg>\n\t\t<\/button><\/figure>\n<\/figure>\n","protected":false},"excerpt":{"rendered":"<p>En la primera mesa, con el t\u00edtulo El escenario pol\u00edtico y geoestrat\u00e9gico del Sahel: retos y desaf\u00edos intervinieron Jennifer Nyberg, Jefa de la Oficina en Madrid del Programa Mundial de [&hellip;]<\/p>\n","protected":false},"author":3,"featured_media":18319,"comment_status":"closed","ping_status":"closed","sticky":false,"template":"","format":"standard","meta":{"_acf_changed":false,"footnotes":""},"categories":[8],"tags":[],"class_list":["post-5747","post","type-post","status-publish","format-standard","has-post-thumbnail","hentry","category-conferencias-y-seminarios"],"acf":[],"_links":{"self":[{"href":"https:\/\/fundacionincipe.com\/index.php\/wp-json\/wp\/v2\/posts\/5747","targetHints":{"allow":["GET"]}}],"collection":[{"href":"https:\/\/fundacionincipe.com\/index.php\/wp-json\/wp\/v2\/posts"}],"about":[{"href":"https:\/\/fundacionincipe.com\/index.php\/wp-json\/wp\/v2\/types\/post"}],"author":[{"embeddable":true,"href":"https:\/\/fundacionincipe.com\/index.php\/wp-json\/wp\/v2\/users\/3"}],"replies":[{"embeddable":true,"href":"https:\/\/fundacionincipe.com\/index.php\/wp-json\/wp\/v2\/comments?post=5747"}],"version-history":[{"count":1,"href":"https:\/\/fundacionincipe.com\/index.php\/wp-json\/wp\/v2\/posts\/5747\/revisions"}],"predecessor-version":[{"id":18326,"href":"https:\/\/fundacionincipe.com\/index.php\/wp-json\/wp\/v2\/posts\/5747\/revisions\/18326"}],"wp:featuredmedia":[{"embeddable":true,"href":"https:\/\/fundacionincipe.com\/index.php\/wp-json\/wp\/v2\/media\/18319"}],"wp:attachment":[{"href":"https:\/\/fundacionincipe.com\/index.php\/wp-json\/wp\/v2\/media?parent=5747"}],"wp:term":[{"taxonomy":"category","embeddable":true,"href":"https:\/\/fundacionincipe.com\/index.php\/wp-json\/wp\/v2\/categories?post=5747"},{"taxonomy":"post_tag","embeddable":true,"href":"https:\/\/fundacionincipe.com\/index.php\/wp-json\/wp\/v2\/tags?post=5747"}],"curies":[{"name":"wp","href":"https:\/\/api.w.org\/{rel}","templated":true}]}}