{"id":5656,"date":"2018-05-10T14:48:56","date_gmt":"2018-05-10T12:48:56","guid":{"rendered":"http:\/\/www.incipe.org\/?p=5656"},"modified":"2018-05-10T14:48:56","modified_gmt":"2018-05-10T12:48:56","slug":"the-slovak-osce-chairmanship-2019","status":"publish","type":"post","link":"https:\/\/fundacionincipe.com\/index.php\/2018\/05\/10\/the-slovak-osce-chairmanship-2019\/","title":{"rendered":"The Slovak OSCE Chairmanship 2019"},"content":{"rendered":"<p><!--:es--><strong>El pasado 10 de mayo, INCIPE celebr\u00f3 en colaboraci\u00f3n con la Embajada de Eslovaquia en Espa\u00f1a un Desayuno de Trabajo bajo el t\u00edtulo <em>The Slovak OSCE Chairmanship 2019<\/em>, para el que se cont\u00f3 con la ponencia de Luk\u00e1\u0161 Par\u00edzek, Secretario de Estado de Asuntos Exteriores y Europeos de la Rep\u00fablica de Eslovaquia.<\/strong> <\/p>\n<p>Actualmente, Eslovaquia forma parte de la <em>troika directiva<\/em> de la Organizaci\u00f3n para la Seguridad y la Cooperaci\u00f3n en Europa (OSCE) junto a Italia y Austria. Adem\u00e1s, de enero a abril de este a\u00f1o ejerci\u00f3 la presidencia rotatoria del Foro para la Cooperaci\u00f3n en Seguridad (FCS) de la organizaci\u00f3n y actualmente ostenta la presidencia del Grupo de Contacto Mediterr\u00e1neo (GCM) de la OSCE. Y, d<strong>urante el pr\u00f3ximo a\u00f1o 2019, ocupar\u00e1 la presidencia de la OSCE<\/strong>. La experiencia previa en la FCS y GCM dota a Eslovaquia de un conocimiento e informaci\u00f3n necesario para identificar las prioridades y los principales temas que debatir en el seno de la OSCE durante el pr\u00f3ximo a\u00f1o. Bajo la direcci\u00f3n de Eslovaquia, en el FCS y GCM se identificaron varios temas en los que profundizar y seguir trabajando: el control de las armas ligeras, el aumento de la transparencia en las maniobras y ejercicios militares \u2013apostando por una reforma del Documento de Viena que lo regula desde 2011-, as\u00ed como una reforma de la gobernanza del sector de la seguridad en los 57 pa\u00edses participantes. <\/p>\n<p>En el Grupo de Contacto Mediterr\u00e1neo, Eslovaquia apuesta por un enfoque consensuado con los seis socios de la OSCE (Marruecos, T\u00fanez, Argelia, Jordania, Egipto, Israel y Jordania) en el que se combinan los intereses de la OSCE con las prioridades de estos pa\u00edses. <strong>Seguridad energ\u00e9tica, gesti\u00f3n del agua, ciberseguridad, la educaci\u00f3n como ant\u00eddoto contra la radicalizaci\u00f3n<\/strong> y el terrorismo y el crecimiento econ\u00f3mico son los temas que ocupan lo m\u00e1s alto de la agenda de este grupo durante la presidencia eslovaca. <\/p>\n<p>Sin embargo, las l\u00edneas maestras que guiar\u00e1n la presidencia eslovaca de la OSCE de 2019 est\u00e1n a\u00fan en fase de planeamiento y difusi\u00f3n, pero incluir\u00e1n prioridades ya introducidas en los foros dirigidos por Eslovaquia: ciberseguridad, reforma del sector de la seguridad, amenazas transnacionales y protecci\u00f3n de las infraestructuras cr\u00edticas, entre otras. Para ello, el pa\u00eds que ocupar\u00e1 la presidencia a partir de 2019 apuesta por un enfoque general de los problemas que adaptar\u00e1 a cada realidad concreta, prestando especial atenci\u00f3n a las misiones sobre el terreno ya presentes y a los conflictos congelados de Transnistria y Nagorno Karabaj. <\/p>\n<p>Pablo Blanco<br \/>\nINCIPE<\/p>\n<p><a href=\"http:\/\/www.incipe.org\/wp-content\/uploads\/2018\/05\/6771-015.jpg\"><img fetchpriority=\"high\" decoding=\"async\" src=\"http:\/\/www.incipe.org\/wp-content\/uploads\/2018\/05\/6771-015-300x225.jpg\" alt=\"6771--015\" width=\"300\" height=\"225\" class=\"alignnone size-medium wp-image-5673\" \/><\/a>   <a href=\"http:\/\/www.incipe.org\/wp-content\/uploads\/2018\/05\/6771-021.jpg\"><img decoding=\"async\" src=\"http:\/\/www.incipe.org\/wp-content\/uploads\/2018\/05\/6771-021-300x225.jpg\" alt=\"6771--021\" width=\"300\" height=\"225\" class=\"alignnone size-medium wp-image-5674\" \/><\/a>   <a href=\"http:\/\/www.incipe.org\/wp-content\/uploads\/2018\/05\/6771-037.jpg\"><img decoding=\"async\" src=\"http:\/\/www.incipe.org\/wp-content\/uploads\/2018\/05\/6771-037-300x225.jpg\" alt=\"6771--037\" width=\"300\" height=\"225\" class=\"alignnone size-medium wp-image-5675\" \/><\/a><\/p>\n<p><!--:--><\/p>\n","protected":false},"excerpt":{"rendered":"<p>El pasado 10 de mayo, INCIPE celebr\u00f3 en colaboraci\u00f3n con la Embajada de Eslovaquia en Espa\u00f1a un Desayuno de Trabajo bajo el t\u00edtulo The Slovak OSCE Chairmanship 2019, para el [&hellip;]<\/p>\n","protected":false},"author":3,"featured_media":5673,"comment_status":"closed","ping_status":"closed","sticky":false,"template":"","format":"standard","meta":{"_acf_changed":false,"footnotes":""},"categories":[27],"tags":[],"class_list":["post-5656","post","type-post","status-publish","format-standard","has-post-thumbnail","hentry","category-desayunos-de-trabajo"],"acf":[],"_links":{"self":[{"href":"https:\/\/fundacionincipe.com\/index.php\/wp-json\/wp\/v2\/posts\/5656","targetHints":{"allow":["GET"]}}],"collection":[{"href":"https:\/\/fundacionincipe.com\/index.php\/wp-json\/wp\/v2\/posts"}],"about":[{"href":"https:\/\/fundacionincipe.com\/index.php\/wp-json\/wp\/v2\/types\/post"}],"author":[{"embeddable":true,"href":"https:\/\/fundacionincipe.com\/index.php\/wp-json\/wp\/v2\/users\/3"}],"replies":[{"embeddable":true,"href":"https:\/\/fundacionincipe.com\/index.php\/wp-json\/wp\/v2\/comments?post=5656"}],"version-history":[{"count":0,"href":"https:\/\/fundacionincipe.com\/index.php\/wp-json\/wp\/v2\/posts\/5656\/revisions"}],"wp:featuredmedia":[{"embeddable":true,"href":"https:\/\/fundacionincipe.com\/index.php\/wp-json\/"}],"wp:attachment":[{"href":"https:\/\/fundacionincipe.com\/index.php\/wp-json\/wp\/v2\/media?parent=5656"}],"wp:term":[{"taxonomy":"category","embeddable":true,"href":"https:\/\/fundacionincipe.com\/index.php\/wp-json\/wp\/v2\/categories?post=5656"},{"taxonomy":"post_tag","embeddable":true,"href":"https:\/\/fundacionincipe.com\/index.php\/wp-json\/wp\/v2\/tags?post=5656"}],"curies":[{"name":"wp","href":"https:\/\/api.w.org\/{rel}","templated":true}]}}