{"id":5632,"date":"2018-04-20T14:27:12","date_gmt":"2018-04-20T12:27:12","guid":{"rendered":"http:\/\/www.incipe.org\/?p=5632"},"modified":"2018-04-20T14:27:12","modified_gmt":"2018-04-20T12:27:12","slug":"una-nueva-estrategia-de-politica-exerior-hacia-africa-subsahariana","status":"publish","type":"post","link":"https:\/\/fundacionincipe.com\/index.php\/2018\/04\/20\/una-nueva-estrategia-de-politica-exerior-hacia-africa-subsahariana\/","title":{"rendered":"Una nueva Estrategia de Pol\u00edtica Exerior hacia \u00c1frica Subsahariana"},"content":{"rendered":"<p><!--:es--><strong>El 20 de abril de 2018 INCIPE celebr\u00f3 con la colaboraci\u00f3n del Ministerio de Asuntos exteriores y de Cooperaci\u00f3n un Desayuno de Trabajo para tratar la primera versi\u00f3n del borrador del III Plan \u00c1frica. El evento cont\u00f3 con la ponencia de Raimundo Robredo, Director General para \u00c1frica del Ministerio de Asuntos Exteriores y Cooperaci\u00f3n. <\/strong><\/p>\n<p>El <strong>Tercer Plan \u00c1frica nace con un enfoque renovado respecto a los anteriores<\/strong>: en vista del r\u00e1pido crecimiento demogr\u00e1fico en el continente africano, especialmente en la regi\u00f3n subsahariana, desde el Ministerio de Asuntos Exteriores se ha impulsado la revisi\u00f3n de la Pol\u00edtica Exterior Espa\u00f1ola con el fin de ajustarla a este nuevo escenario y proyectarla de la forma m\u00e1s eficaz posible. El cambiante contexto africano tendr\u00e1, sin duda, un impacto tanto en Espa\u00f1a como en el resto de Europa. Las transformaciones econ\u00f3micas y demogr\u00e1ficas marcar\u00e1n los pr\u00f3ximos a\u00f1os del subcontinente y de ah\u00ed la necesidad de crear una estrategia en la que primen los intereses de nuestro pa\u00eds \u2013si bien es cierto que, en gran medida, coinciden con los intereses africanos. <\/p>\n<p>En contraste con anteriores estrategias, en este Plan se ha abogado por darle un mayor espacio a la sociedad civil en el debate del borrador. As\u00ed, este evento se enmarca en una serie de consultas que se realizar\u00e1n sobre las siguientes versiones del Plan, y que tienen como fin incorporar las aportaciones y sugerencias de expertos y africanistas de distintos sectores. Si bien el documento del Plan no es definitivo, lo cierto es que presenta una visi\u00f3n de \u00c1frica Subsahariana nueva; reduciendo el primer plano que presentaba la cooperaci\u00f3n al desarrollo hasta ahora, la nueva estrategia plasma una imagen de \u00c1frica como una fuente de oportunidades, sin obviar los riesgos que igualmente presenta. <\/p>\n<p>Silvia Prada<br \/>\nINCIPE<\/p>\n<p><a href=\"http:\/\/www.incipe.org\/wp-content\/uploads\/2018\/05\/6763-022.jpg\"><img fetchpriority=\"high\" decoding=\"async\" src=\"http:\/\/www.incipe.org\/wp-content\/uploads\/2018\/05\/6763-022-300x225.jpg\" alt=\"6763-022\" width=\"300\" height=\"225\" class=\"alignnone size-medium wp-image-5634\" \/><\/a>   <a href=\"http:\/\/www.incipe.org\/wp-content\/uploads\/2018\/05\/6763-020.jpg\"><img decoding=\"async\" src=\"http:\/\/www.incipe.org\/wp-content\/uploads\/2018\/05\/6763-020-300x225.jpg\" alt=\"6763-020\" width=\"300\" height=\"225\" class=\"alignnone size-medium wp-image-5633\" \/><\/a>   <a href=\"http:\/\/www.incipe.org\/wp-content\/uploads\/2018\/05\/6763-023.jpg\"><img decoding=\"async\" src=\"http:\/\/www.incipe.org\/wp-content\/uploads\/2018\/05\/6763-023-300x225.jpg\" alt=\"6763-023\" width=\"300\" height=\"225\" class=\"alignnone size-medium wp-image-5635\" \/><\/a><\/p>\n<p><!--:--><\/p>\n","protected":false},"excerpt":{"rendered":"<p>El 20 de abril de 2018 INCIPE celebr\u00f3 con la colaboraci\u00f3n del Ministerio de Asuntos exteriores y de Cooperaci\u00f3n un Desayuno de Trabajo para tratar la primera versi\u00f3n del borrador [&hellip;]<\/p>\n","protected":false},"author":3,"featured_media":5636,"comment_status":"closed","ping_status":"closed","sticky":false,"template":"","format":"standard","meta":{"_acf_changed":false,"footnotes":""},"categories":[27],"tags":[],"class_list":["post-5632","post","type-post","status-publish","format-standard","has-post-thumbnail","hentry","category-desayunos-de-trabajo"],"acf":[],"_links":{"self":[{"href":"https:\/\/fundacionincipe.com\/index.php\/wp-json\/wp\/v2\/posts\/5632","targetHints":{"allow":["GET"]}}],"collection":[{"href":"https:\/\/fundacionincipe.com\/index.php\/wp-json\/wp\/v2\/posts"}],"about":[{"href":"https:\/\/fundacionincipe.com\/index.php\/wp-json\/wp\/v2\/types\/post"}],"author":[{"embeddable":true,"href":"https:\/\/fundacionincipe.com\/index.php\/wp-json\/wp\/v2\/users\/3"}],"replies":[{"embeddable":true,"href":"https:\/\/fundacionincipe.com\/index.php\/wp-json\/wp\/v2\/comments?post=5632"}],"version-history":[{"count":0,"href":"https:\/\/fundacionincipe.com\/index.php\/wp-json\/wp\/v2\/posts\/5632\/revisions"}],"wp:featuredmedia":[{"embeddable":true,"href":"https:\/\/fundacionincipe.com\/index.php\/wp-json\/"}],"wp:attachment":[{"href":"https:\/\/fundacionincipe.com\/index.php\/wp-json\/wp\/v2\/media?parent=5632"}],"wp:term":[{"taxonomy":"category","embeddable":true,"href":"https:\/\/fundacionincipe.com\/index.php\/wp-json\/wp\/v2\/categories?post=5632"},{"taxonomy":"post_tag","embeddable":true,"href":"https:\/\/fundacionincipe.com\/index.php\/wp-json\/wp\/v2\/tags?post=5632"}],"curies":[{"name":"wp","href":"https:\/\/api.w.org\/{rel}","templated":true}]}}