{"id":5618,"date":"2018-04-17T14:11:46","date_gmt":"2018-04-17T12:11:46","guid":{"rendered":"http:\/\/www.incipe.org\/?p=5618"},"modified":"2018-04-17T14:11:46","modified_gmt":"2018-04-17T12:11:46","slug":"la-otan-y-su-continuo-proceso-de-adaptacion","status":"publish","type":"post","link":"https:\/\/fundacionincipe.com\/index.php\/2018\/04\/17\/la-otan-y-su-continuo-proceso-de-adaptacion\/","title":{"rendered":"La OTAN y su continuo proceso de adaptaci\u00f3n"},"content":{"rendered":"<p><!--:es--><strong>El 17 de abril INCIPE organiz\u00f3 un Desayuno de Trabajo bajo el t\u00edtulo <em>La OTAN y su continuo proceso de adaptaci\u00f3n<\/em> que corri\u00f3 a cargo de Jos\u00e9 Mar\u00eda L\u00f3pez-Navarro, Information Officer, OTAN. En su presentaci\u00f3n, L\u00f3pez-Navarro desgran\u00f3 los principales retos a los que se enfrenta la organizaci\u00f3n y destac\u00f3 la capacidad de adaptaci\u00f3n de la OTAN en el contexto de un \u201cespacio estrat\u00e9gico mutante\u201d. <\/strong><\/p>\n<p>As\u00ed, el cambio de paradigma tras la Guerra Fr\u00eda, las actuaciones en las Guerras de los Balcanes, la evoluci\u00f3n de misiones de combate a misiones de formaci\u00f3n en Afganist\u00e1n y las misiones mar\u00edtimas, entre otras, son un ejemplo de la destreza de la OTAN a la hora de responder a los cambios globales. Hoy en d\u00eda, la alianza busca contrarrestar las ciberamenazas y la guerra h\u00edbrida, <strong>empleando para ello el denominado \u201cenfoque en 360 grados\u201d<\/strong>, que engloba todo de tipo de actuaciones, pero prestando atenci\u00f3n a dos de los grandes problemas: la tensi\u00f3n en el este de Europa y la presi\u00f3n migratoria desde el sur. Para ello, la organizaci\u00f3n ha revisado su actuaci\u00f3n en cinco \u00e1reas: el fortalecimiento de la defensa colectiva y de la capacidad de disuasi\u00f3n, la proyecci\u00f3n de estabilidad hacia el sur (entrenando a las fuerzas de seguridad de pa\u00edses del Magreb), la lucha contra la amenaza terrorista, el fortalecimiento de la relaci\u00f3n entre la Uni\u00f3n Europea y la propia OTAN (destacando la creaci\u00f3n de un centro en Helsinki contra la Guerra H\u00edbrida) , as\u00ed como la reforma de la estructura de mandos de la alianza, creando un mando mar\u00edtimo y otro de car\u00e1cter log\u00edstico para el movimiento de tropas en Europa. <\/p>\n<p>Adem\u00e1s, desde 2014, la OTAN ha desplegado varios contingentes en los pa\u00edses del Este: en las rep\u00fablicas b\u00e1lticas y en Polonia se encuentran acantonados cuatro <em>battlegroup<\/em>, en el Mar Negro se sit\u00faa el cuartel de la brigada multinacional, y hay ocho peque\u00f1os acuartelamientos en los pa\u00edses lim\u00edtrofes con Rusia. Este despliegue busca mandar se\u00f1ales efectivas de que hay una capacidad de despliegue. En lo relativo a la lucha contra el terrorismo, L\u00f3pez-Navarro se\u00f1al\u00f3 que la prioridad es \u201cense\u00f1ar a los socios a defenderse\u201d, pero tambi\u00e9n mencion\u00f3 la creaci\u00f3n de una unidad de inteligencia exclusiva de la OTAN. <\/p>\n<p>Asimismo, destaca el esfuerzo de los pa\u00edses miembros por llegar \u2013o al menos acercarse- al gasto en defensa del 2% del PIB y puso sobre la mesa los ejes sobre los que girar\u00e1 la actuaci\u00f3n de la OTAN en los pr\u00f3ximos tiempos: la colaboraci\u00f3n en la movilidad militar, la lucha contra el terrorismo, la inclusi\u00f3n de m\u00e1s mujeres en el seno de la organizaci\u00f3n y, a trav\u00e9s de la <strong>campa\u00f1a #WeAreNATO en las redes sociales, dar a conocer la alianza atl\u00e1ntica y sus valores <\/strong>\u2013defensa de la libertad individual, de los Derechos Humanos y de la Democracia- a los j\u00f3venes.<\/p>\n<p>Pablo Blanco<br \/>\nINCIPE<\/p>\n<p><a href=\"http:\/\/www.incipe.org\/wp-content\/uploads\/2018\/05\/6760-035.jpg\"><img fetchpriority=\"high\" decoding=\"async\" src=\"http:\/\/www.incipe.org\/wp-content\/uploads\/2018\/05\/6760-035-300x225.jpg\" alt=\"6760-035\" width=\"300\" height=\"225\" class=\"alignnone size-medium wp-image-5623\" \/><\/a>   <a href=\"http:\/\/www.incipe.org\/wp-content\/uploads\/2018\/05\/6760-017.jpg\"><img decoding=\"async\" src=\"http:\/\/www.incipe.org\/wp-content\/uploads\/2018\/05\/6760-017-300x225.jpg\" alt=\"6760-017\" width=\"300\" height=\"225\" class=\"alignnone size-medium wp-image-5619\" \/><\/a>   <a href=\"http:\/\/www.incipe.org\/wp-content\/uploads\/2018\/05\/6760-019.jpg\"><img decoding=\"async\" src=\"http:\/\/www.incipe.org\/wp-content\/uploads\/2018\/05\/6760-019-300x225.jpg\" alt=\"6760-019\" width=\"300\" height=\"225\" class=\"alignnone size-medium wp-image-5620\" \/><\/a>   <a href=\"http:\/\/www.incipe.org\/wp-content\/uploads\/2018\/05\/6760-024.jpg\"><img loading=\"lazy\" decoding=\"async\" src=\"http:\/\/www.incipe.org\/wp-content\/uploads\/2018\/05\/6760-024-300x225.jpg\" alt=\"6760-024\" width=\"300\" height=\"225\" class=\"alignnone size-medium wp-image-5622\" \/><\/a>   <a href=\"http:\/\/www.incipe.org\/wp-content\/uploads\/2018\/05\/6760-021.jpg\"><img loading=\"lazy\" decoding=\"async\" src=\"http:\/\/www.incipe.org\/wp-content\/uploads\/2018\/05\/6760-021-300x225.jpg\" alt=\"6760-021\" width=\"300\" height=\"225\" class=\"alignnone size-medium wp-image-5621\" \/><\/a>   <a href=\"http:\/\/www.incipe.org\/wp-content\/uploads\/2018\/05\/6760-026.jpg\"><img loading=\"lazy\" decoding=\"async\" src=\"http:\/\/www.incipe.org\/wp-content\/uploads\/2018\/05\/6760-026-300x225.jpg\" alt=\"6760-026\" width=\"300\" height=\"225\" class=\"alignnone size-medium wp-image-5625\" \/><\/a><\/p>\n<p><!--:--><\/p>\n","protected":false},"excerpt":{"rendered":"<p>El 17 de abril INCIPE organiz\u00f3 un Desayuno de Trabajo bajo el t\u00edtulo La OTAN y su continuo proceso de adaptaci\u00f3n que corri\u00f3 a cargo de Jos\u00e9 Mar\u00eda L\u00f3pez-Navarro, Information [&hellip;]<\/p>\n","protected":false},"author":3,"featured_media":5623,"comment_status":"closed","ping_status":"closed","sticky":false,"template":"","format":"standard","meta":{"_acf_changed":false,"footnotes":""},"categories":[27],"tags":[],"class_list":["post-5618","post","type-post","status-publish","format-standard","has-post-thumbnail","hentry","category-desayunos-de-trabajo"],"acf":[],"_links":{"self":[{"href":"https:\/\/fundacionincipe.com\/index.php\/wp-json\/wp\/v2\/posts\/5618","targetHints":{"allow":["GET"]}}],"collection":[{"href":"https:\/\/fundacionincipe.com\/index.php\/wp-json\/wp\/v2\/posts"}],"about":[{"href":"https:\/\/fundacionincipe.com\/index.php\/wp-json\/wp\/v2\/types\/post"}],"author":[{"embeddable":true,"href":"https:\/\/fundacionincipe.com\/index.php\/wp-json\/wp\/v2\/users\/3"}],"replies":[{"embeddable":true,"href":"https:\/\/fundacionincipe.com\/index.php\/wp-json\/wp\/v2\/comments?post=5618"}],"version-history":[{"count":0,"href":"https:\/\/fundacionincipe.com\/index.php\/wp-json\/wp\/v2\/posts\/5618\/revisions"}],"wp:featuredmedia":[{"embeddable":true,"href":"https:\/\/fundacionincipe.com\/index.php\/wp-json\/"}],"wp:attachment":[{"href":"https:\/\/fundacionincipe.com\/index.php\/wp-json\/wp\/v2\/media?parent=5618"}],"wp:term":[{"taxonomy":"category","embeddable":true,"href":"https:\/\/fundacionincipe.com\/index.php\/wp-json\/wp\/v2\/categories?post=5618"},{"taxonomy":"post_tag","embeddable":true,"href":"https:\/\/fundacionincipe.com\/index.php\/wp-json\/wp\/v2\/tags?post=5618"}],"curies":[{"name":"wp","href":"https:\/\/api.w.org\/{rel}","templated":true}]}}