{"id":5607,"date":"2018-04-12T13:58:59","date_gmt":"2018-04-12T11:58:59","guid":{"rendered":"http:\/\/www.incipe.org\/?p=5607"},"modified":"2018-04-12T13:58:59","modified_gmt":"2018-04-12T11:58:59","slug":"developments-in-and-around-turkey","status":"publish","type":"post","link":"https:\/\/fundacionincipe.com\/index.php\/2018\/04\/12\/developments-in-and-around-turkey\/","title":{"rendered":"Developments in and around Turkey"},"content":{"rendered":"<p><!--:es--><strong>El pasado 12 de abril de 2018 INCIPE celebr\u00f3 un Desayuno de Trabajo bajo el t\u00edtulo<em> Developments in and around Turkey<\/em>, a cargo de \u00d6mer \u00d6nhon, Excmo. Embajador de Turqu\u00eda en Espa\u00f1a. El evento vers\u00f3 principalmente sobre el papel de Turqu\u00eda en la regi\u00f3n eurasi\u00e1tica, sus relaciones exteriores y los principales retos a los que se enfrenta.<\/strong><\/p>\n<p>El rol de Turqu\u00eda en la comunidad internacional viene fuertemente marcado por su ubicaci\u00f3n geogr\u00e1fica como intersecci\u00f3n entre distintas regiones; el pa\u00eds otomano se encuentra en el cruce entre Asia, Oriente Medio y Europa. Es un pa\u00eds que, adem\u00e1s, destaca por ser la 17\u00aa econom\u00eda mundial y por tener una poblaci\u00f3n de casi 80 millones de habitantes. En la actualidad, <strong>Turqu\u00eda se enfrenta, como muchos otros de su pa\u00edses vecinos, a complejos retos en materia de seguridad y defensa<\/strong>. La primavera \u00e1rabe \u2013si as\u00ed puede denominarse- afect\u00f3 de forma muy directa al pa\u00eds, causando efectos que a d\u00eda de hoy perduran. En este contexto, el pa\u00eds euroasi\u00e1tico remarca la especial dificultad que plantea su ubicaci\u00f3n y la necesidad de adoptar medidas reales y en cooperaci\u00f3n con la comunidad internacional.<\/p>\n<p>Entre los desaf\u00edos que Turqu\u00eda considera prioritarios para su seguridad podemos encontrar, en primer lugar, el terrorismo, desde, al menos, tres frentes: el DAESH, que si bien est\u00e1n luchando en la buena direcci\u00f3n, todav\u00eda est\u00e1n lejos de ser eliminados por completo; el PKK (Partido de los Trabajadores del Kurdist\u00e1n); y el movimiento liderado por Fetul\u00e1 G\u00fclen, autor del fallido golpe de Estado llevado a cabo el pasado julio de 2016. El <strong>flujo de refugiados de Siria tambi\u00e9n supone un reto para Turqu\u00eda<\/strong>. El pa\u00eds reivindica haber gestionado esta crisis con dinero de \u201csus propios impuestos\u201d y haber recibido poca ayuda internacional en comparaci\u00f3n. En tercer lugar, el radicalismo, y en especial, el abuso de la religi\u00f3n es extremadamente preocupante para el estado, as\u00ed como el afloramiento de sentimientos islam\u00f3fobos, xen\u00f3fobos, anti-semitistas y racistas. En \u00faltimo lugar, tambi\u00e9n se mencion\u00f3 la proliferaci\u00f3n de armas de destrucci\u00f3n masiva y el uso reciente de armas qu\u00edmicas, as\u00ed como la necesidad de darle una soluci\u00f3n conjunta a estos temas.<\/p>\n<p>Con respecto a las relaciones de Turqu\u00eda con la Uni\u00f3n Europea, este primero remarca su persistencia en conseguir la adhesi\u00f3n a la Uni\u00f3n, si bien alega que \u00e9sta hace esfuerzos por frenar este objetivo y no juzga a Turqu\u00eda con el mismo criterio que al resto de candidatos. Por otro lado, <strong>Turqu\u00eda reafirma su compromiso leal con la OTAN as\u00ed como con todas las organizaciones de las que es miembro<\/strong>, rechazando el argumento de que la pol\u00edtica exterior del pa\u00eds est\u00e9 dando un giro hacia Rusia. En efecto, las relaciones turco-rusas est\u00e1n en un momento \u00e1lgido. No obstante, ello no debe interpretarse como una renuncia a sus responsabilidades con la Alianza Atl\u00e1ntica. Finalmente, cabe resaltar la incipiente relaci\u00f3n entre Turqu\u00eda y pa\u00edses africanos. Hasta ahora, hay 40 embajadas turcas abiertas en el continente, y aunque en la actualidad la mayor parte de la relaci\u00f3n es en forma de ayuda humanitaria, se espera que se sigan expandiendo las relaciones. Entre otras cosas, Turqu\u00eda prioriza el cierre de las escuelas afines a Fetul\u00e1 G\u00fclen.<\/p>\n<p>Silvia Prada<br \/>\nINCIPE<\/p>\n<p><a href=\"http:\/\/www.incipe.org\/wp-content\/uploads\/2018\/05\/6756-023.jpg\"><img fetchpriority=\"high\" decoding=\"async\" src=\"http:\/\/www.incipe.org\/wp-content\/uploads\/2018\/05\/6756-023-300x240.jpg\" alt=\"6756-023\" width=\"300\" height=\"240\" class=\"alignnone size-medium wp-image-5609\" \/><\/a>   <a href=\"http:\/\/www.incipe.org\/wp-content\/uploads\/2018\/05\/6756-017.jpg\"><img decoding=\"async\" src=\"http:\/\/www.incipe.org\/wp-content\/uploads\/2018\/05\/6756-017-300x240.jpg\" alt=\"6756-017\" width=\"300\" height=\"240\" class=\"alignnone size-medium wp-image-5610\" \/><\/a>    <a href=\"http:\/\/www.incipe.org\/wp-content\/uploads\/2018\/05\/6756-010.jpg\"><img decoding=\"async\" src=\"http:\/\/www.incipe.org\/wp-content\/uploads\/2018\/05\/6756-010-300x240.jpg\" alt=\"6756-010\" width=\"300\" height=\"240\" class=\"alignnone size-medium wp-image-5611\" \/><\/a><!--:--><\/p>\n","protected":false},"excerpt":{"rendered":"<p>El pasado 12 de abril de 2018 INCIPE celebr\u00f3 un Desayuno de Trabajo bajo el t\u00edtulo Developments in and around Turkey, a cargo de \u00d6mer \u00d6nhon, Excmo. Embajador de Turqu\u00eda [&hellip;]<\/p>\n","protected":false},"author":3,"featured_media":5609,"comment_status":"closed","ping_status":"closed","sticky":false,"template":"","format":"standard","meta":{"_acf_changed":false,"footnotes":""},"categories":[27],"tags":[],"class_list":["post-5607","post","type-post","status-publish","format-standard","has-post-thumbnail","hentry","category-desayunos-de-trabajo"],"acf":[],"_links":{"self":[{"href":"https:\/\/fundacionincipe.com\/index.php\/wp-json\/wp\/v2\/posts\/5607","targetHints":{"allow":["GET"]}}],"collection":[{"href":"https:\/\/fundacionincipe.com\/index.php\/wp-json\/wp\/v2\/posts"}],"about":[{"href":"https:\/\/fundacionincipe.com\/index.php\/wp-json\/wp\/v2\/types\/post"}],"author":[{"embeddable":true,"href":"https:\/\/fundacionincipe.com\/index.php\/wp-json\/wp\/v2\/users\/3"}],"replies":[{"embeddable":true,"href":"https:\/\/fundacionincipe.com\/index.php\/wp-json\/wp\/v2\/comments?post=5607"}],"version-history":[{"count":0,"href":"https:\/\/fundacionincipe.com\/index.php\/wp-json\/wp\/v2\/posts\/5607\/revisions"}],"wp:featuredmedia":[{"embeddable":true,"href":"https:\/\/fundacionincipe.com\/index.php\/wp-json\/"}],"wp:attachment":[{"href":"https:\/\/fundacionincipe.com\/index.php\/wp-json\/wp\/v2\/media?parent=5607"}],"wp:term":[{"taxonomy":"category","embeddable":true,"href":"https:\/\/fundacionincipe.com\/index.php\/wp-json\/wp\/v2\/categories?post=5607"},{"taxonomy":"post_tag","embeddable":true,"href":"https:\/\/fundacionincipe.com\/index.php\/wp-json\/wp\/v2\/tags?post=5607"}],"curies":[{"name":"wp","href":"https:\/\/api.w.org\/{rel}","templated":true}]}}