{"id":5592,"date":"2018-03-23T12:32:08","date_gmt":"2018-03-23T11:32:08","guid":{"rendered":"http:\/\/www.incipe.org\/?p=5592"},"modified":"2018-03-23T12:32:08","modified_gmt":"2018-03-23T11:32:08","slug":"the-opcw-20-years-of-achievements-and-the-challenges-ahead","status":"publish","type":"post","link":"https:\/\/fundacionincipe.com\/index.php\/2018\/03\/23\/the-opcw-20-years-of-achievements-and-the-challenges-ahead\/","title":{"rendered":"The OPCW, 20 years of achievements and the challenges ahead"},"content":{"rendered":"<p><!--:es--><strong>El 23 de marzo de 2018, INCIPE celebr\u00f3 un Desayuno de Trabajo bajo el t\u00edtulo <em>The OPCW, 20 years of achievements and the challenges ahead<\/em>. El evento cont\u00f3 la ponencia de Ahmet Uz\u00fcmzc\u00fc, Director General de la OPAQ, as\u00ed como Fernando Arias, Embajador Representante Permanente de Espa\u00f1a ante la OPAQ y futuro Director General de la misma.<br \/>\n<\/strong><\/p>\n<p>El primer intento por el control y prohibici\u00f3n de las armas qu\u00edmicas se llev\u00f3 a cabo en el a\u00f1o 1899, en la Conferencia de La Haya. Este primer debate no result\u00f3 fruct\u00edfero, pues no consigui\u00f3 prevenir su utilizaci\u00f3n durante la Primera Guerra Mundial. Sin embargo, consigui\u00f3 iniciar el debate que posteriormente se retomar\u00eda; fueron varios intentos los que abogaron por llegar a un acuerdo sobre su uso, si bien cabe recalcar que el foco estaba puesto en la prohibici\u00f3n de su utilizaci\u00f3n m\u00e1s que en su producci\u00f3n. No fue hasta el a\u00f1o <strong>1997, tras 15 a\u00f1os de negociaciones, cuando entr\u00f3 en vigor la Convenci\u00f3n sobre las Armas Qu\u00edmicas (CAQ) y con ello, la Organizaci\u00f3n para la Prohibici\u00f3n de las Armas (OPAQ)<\/strong>. <\/p>\n<p>En la actualidad, la OPAQ se enfrenta a diversos retos, si bien desde su creaci\u00f3n \u2013hace ya m\u00e1s de 20 a\u00f1os- se han alcanzado grandes objetivos. Durante este periodo, <strong>m\u00e1s del 96% del arsenal qu\u00edmico declarado, equivalente a 72.000 toneladas m\u00e9tricas, ha sido destruido<\/strong>. As\u00ed, Rusia \u2013el pa\u00eds que m\u00e1s cantidad de armas qu\u00edmicas pose\u00eda- anunci\u00f3 la destrucci\u00f3n total de su arsenal declarado en septiembre de 2017, y Estados Unidos \u2013en el tercer puesto- finalizar\u00e1 esta tarea previsiblemente en 2023, habiendo ya destruido el 90% del mismo. <\/p>\n<p>La OPAQ cuenta en la actualidad con 192 Estados Miembros, siendo Israel, Corea del Norte, Sud\u00e1n del Sur y Egipto los \u00fanicos no ratificadores de la convenci\u00f3n. En este contexto, el reto para la OPAQ, tal y como aseguraba Fernando Arias, es la <strong>completa universalizaci\u00f3n de la organizaci\u00f3n<\/strong>. Ello es requerido en un doble sentido: por un lado, conseguir la adhesi\u00f3n de estos cuatro pa\u00edses restantes, y por otro, conseguir la implementaci\u00f3n de la convenci\u00f3n en su absoluta totalidad. Tambi\u00e9n en esta direcci\u00f3n, desde la OPAQ se defiende la no proliferaci\u00f3n de armas qu\u00edmicas. Este concepto, frecuentemente confundido con la no proliferaci\u00f3n de armas nucleares, difiere claramente: mientras que <strong>para la CAQ el objetivo \u00faltimo es la eliminaci\u00f3n total del arsenal qu\u00edmico<\/strong>, en el contexto de las armas nucleares, se ha aceptado que algunos pa\u00edses las posean, de forma que no se trabaja en pos de una  eliminaci\u00f3n absoluta.<\/p>\n<p>De esta forma, <strong>la agenda de la OPAQ es \u201cabierta, sin fin\u201d<\/strong> y debe focalizarse especialmente en tareas de prevenci\u00f3n. Ello es en la actualidad progresivamente m\u00e1s complejo de llevar a cabo, debido a las diversas manifestaciones de estas amenazas (defensa militar, terrorismo, etc). Las capacidades y adaptabilidad de la OPAQ se pusieron a prueba con el pol\u00e9mico caso de Siria, pa\u00eds que ha sufrido numerosos ataques qu\u00edmicos tanto por parte del Gobierno como por parte de organizaciones terroristas. La organizaci\u00f3n, de forma sin precedentes, envi\u00f3 una Comisi\u00f3n de Investigaci\u00f3n en 2014 a territorio en conflicto para esclarecer los hechos, que hoy en d\u00eda sigue en operaci\u00f3n. Adem\u00e1s, en una misi\u00f3n conjunta con las Naciones Unidas, se ha establecido un mecanismo para atribuir la responsabilidad de tales hechos. <\/p>\n<p>Adem\u00e1s, la OPAQ est\u00e1 desarrollando nuevas capacidades; es el caso, por ejemplo, de las <strong>operaciones RRAM (Rapid Response and Assistance Mission)<\/strong> para efectuar operaciones efectivas y r\u00e1pidas en respuesta a emergencias. Por \u00faltimo, se hizo especial \u00e9nfasis en la necesidad de promover el conocimiento de este organismo, generalmente poco conocido entre el p\u00fablico y la academia. <\/p>\n<p>Silvia Prada<br \/>\nINCIPE<\/p>\n<p><a href=\"http:\/\/www.incipe.org\/wp-content\/uploads\/2018\/04\/IMG_9659.jpg\"><img fetchpriority=\"high\" decoding=\"async\" src=\"http:\/\/www.incipe.org\/wp-content\/uploads\/2018\/04\/IMG_9659-300x225.jpg\" alt=\"IMG_9659\" width=\"300\" height=\"225\" class=\"alignnone size-medium wp-image-5594\" \/><\/a>   <a href=\"http:\/\/www.incipe.org\/wp-content\/uploads\/2018\/04\/IMG_9643.jpg\"><img decoding=\"async\" src=\"http:\/\/www.incipe.org\/wp-content\/uploads\/2018\/04\/IMG_9643-300x225.jpg\" alt=\"IMG_9643\" width=\"300\" height=\"225\" class=\"alignnone size-medium wp-image-5593\" \/><\/a>   <a href=\"http:\/\/www.incipe.org\/wp-content\/uploads\/2018\/04\/IMG_9687.jpg\"><img decoding=\"async\" src=\"http:\/\/www.incipe.org\/wp-content\/uploads\/2018\/04\/IMG_9687-300x225.jpg\" alt=\"IMG_9687\" width=\"300\" height=\"225\" class=\"alignnone size-medium wp-image-5595\" \/><\/a>   <a href=\"http:\/\/www.incipe.org\/wp-content\/uploads\/2018\/04\/IMG_9691.jpg\"><img loading=\"lazy\" decoding=\"async\" src=\"http:\/\/www.incipe.org\/wp-content\/uploads\/2018\/04\/IMG_9691-300x225.jpg\" alt=\"IMG_9691\" width=\"300\" height=\"225\" class=\"alignnone size-medium wp-image-5596\" \/><\/a>  <a href=\"http:\/\/www.incipe.org\/wp-content\/uploads\/2018\/04\/IMG_9769.jpg\"><img loading=\"lazy\" decoding=\"async\" src=\"http:\/\/www.incipe.org\/wp-content\/uploads\/2018\/04\/IMG_9769-300x225.jpg\" alt=\"IMG_9769\" width=\"300\" height=\"225\" class=\"alignnone size-medium wp-image-5597\" \/><\/a><br \/>\n<!--:--><\/p>\n","protected":false},"excerpt":{"rendered":"<p>El 23 de marzo de 2018, INCIPE celebr\u00f3 un Desayuno de Trabajo bajo el t\u00edtulo The OPCW, 20 years of achievements and the challenges ahead. El evento cont\u00f3 la ponencia [&hellip;]<\/p>\n","protected":false},"author":3,"featured_media":5594,"comment_status":"closed","ping_status":"closed","sticky":false,"template":"","format":"standard","meta":{"_acf_changed":false,"footnotes":""},"categories":[27],"tags":[],"class_list":["post-5592","post","type-post","status-publish","format-standard","has-post-thumbnail","hentry","category-desayunos-de-trabajo"],"acf":[],"_links":{"self":[{"href":"https:\/\/fundacionincipe.com\/index.php\/wp-json\/wp\/v2\/posts\/5592","targetHints":{"allow":["GET"]}}],"collection":[{"href":"https:\/\/fundacionincipe.com\/index.php\/wp-json\/wp\/v2\/posts"}],"about":[{"href":"https:\/\/fundacionincipe.com\/index.php\/wp-json\/wp\/v2\/types\/post"}],"author":[{"embeddable":true,"href":"https:\/\/fundacionincipe.com\/index.php\/wp-json\/wp\/v2\/users\/3"}],"replies":[{"embeddable":true,"href":"https:\/\/fundacionincipe.com\/index.php\/wp-json\/wp\/v2\/comments?post=5592"}],"version-history":[{"count":0,"href":"https:\/\/fundacionincipe.com\/index.php\/wp-json\/wp\/v2\/posts\/5592\/revisions"}],"wp:featuredmedia":[{"embeddable":true,"href":"https:\/\/fundacionincipe.com\/index.php\/wp-json\/"}],"wp:attachment":[{"href":"https:\/\/fundacionincipe.com\/index.php\/wp-json\/wp\/v2\/media?parent=5592"}],"wp:term":[{"taxonomy":"category","embeddable":true,"href":"https:\/\/fundacionincipe.com\/index.php\/wp-json\/wp\/v2\/categories?post=5592"},{"taxonomy":"post_tag","embeddable":true,"href":"https:\/\/fundacionincipe.com\/index.php\/wp-json\/wp\/v2\/tags?post=5592"}],"curies":[{"name":"wp","href":"https:\/\/api.w.org\/{rel}","templated":true}]}}