{"id":5530,"date":"2018-03-06T13:20:24","date_gmt":"2018-03-06T12:20:24","guid":{"rendered":"http:\/\/www.incipe.org\/?p=5530"},"modified":"2018-03-06T13:20:24","modified_gmt":"2018-03-06T12:20:24","slug":"la-politica-europea-y-exterior-del-nuevo-gobierno-aleman","status":"publish","type":"post","link":"https:\/\/fundacionincipe.com\/index.php\/2018\/03\/06\/la-politica-europea-y-exterior-del-nuevo-gobierno-aleman\/","title":{"rendered":"La pol\u00edtica europea y exterior del nuevo gobierno alem\u00e1n"},"content":{"rendered":"<p><!--:es--><strong>El 6 de marzo de 2018, INCIPE celebr\u00f3 un Desayuno de Trabajo bajo el t\u00edtulo <em>La pol\u00edtica europea y exterior del nuevo gobierno alem\u00e1n<\/em>, para el que se cont\u00f3 con la ponencia de Peter Tempel, Excmo. Embajador de la Rep\u00fablica Federal de Alemania en Espa\u00f1a. El encuentro gir\u00f3 en torno a las principales prioridades de Alemania \u2013tanto a nivel europeo como internacional- establecidas en el nuevo acuerdo de gobierno entre la CDU, de Angela Merkel, y el SPD, liderado por Martin Schultz.  <\/strong><\/p>\n<p>\u201cLo bueno se hace esperar\u201d (\u201cWas lange w\u00e4hrt, wird endlich gut\u201d) afirmaba el Embajador alem\u00e1n, refiri\u00e9ndose a la formaci\u00f3n de la nueva Gran Coalici\u00f3n alemana, tras m\u00e1s de cuatro meses de negociaciones entre partidos.  El nuevo acuerdo gubernamental, compuesto por m\u00e1s de 100 p\u00e1ginas, da paso al cuarto mandato de Angela Merkel, si bien con la presencia de los socialdem\u00f3cratas. De marcado corte europe\u00edsta, y por ello muy bien recibido por el resto de pa\u00edses miembros, provee entre sus l\u00edneas un mayor acercamiento de Alemania a la Uni\u00f3n. <\/p>\n<p>En este sentido, el pa\u00eds articula su pol\u00edtica de actuaci\u00f3n europea en varios ejes: el primero remarca la <strong>necesidad de una Europa m\u00e1s democr\u00e1tica y solidaria<\/strong>, apoyando la integraci\u00f3n europea y sobre todo, acerc\u00e1ndola a sus ciudadanos, de forma que ganen confianza y sea m\u00e1s transparente. Adem\u00e1s, se remarca a Europa como competitiva y promotora de inversiones. El bienestar de Alemania est\u00e1 estrechamente relacionado con el de Europa, y es por ello que pol\u00edticas de fomento de empleo, innovaci\u00f3n, mercado digital o el mantenimiento de fondos estructurales se hace de vital importancia. Por \u00faltimo, Alemania reclama una Europa de \u201coportunidades y justicia\u201d, especialmente para los j\u00f3venes, as\u00ed como la lucha por la evasi\u00f3n fiscal y la tributaci\u00f3n justa de las grandes empresas.<\/p>\n<p>En definitiva, <strong>Alemania hace especial \u00e9nfasis en la solidaridad rec\u00edproca<\/strong>; y ello tambi\u00e9n se traduce a una mayor contribuci\u00f3n a los presupuestos de la Uni\u00f3n Europea. Esta visi\u00f3n, tambi\u00e9n compartida por Francia, har\u00e1 de las relaciones franco-alemanas un eje reforzado y una oportunidad para Europa. Asimismo, el documento contempla una serie de retos a nivel internacional igualmente prioritarios para Alemania. As\u00ed, el conflicto en Siria, la inestabilidad en Oriente Medio y Sahel, el conflicto de Rusia y Ucrania o el rearme de Corea del Norte, suponen retos que irremediablemente requieren de cooperaci\u00f3n, tanto a nivel europeo como internacional. Alemania, en este campo, apuesta por un mayor gasto en ayuda humanitaria y gesti\u00f3n de crisis. No obstante, tambi\u00e9n remarca que en seguridad y defensa \u201cel dinero no es suficiente\u201d; se debe abogar por la seguridad colectiva y la cooperaci\u00f3n. <\/p>\n<p>La postura de Alemania es dialogante y abierta, y ello se refleja en su manejo del Brexit; reconociendo que las negociaciones van a ser duras, no queda otra alternativa m\u00e1s que actuar en torno a una base com\u00fan. Tambi\u00e9n en la relaci\u00f3n con Estados Unidos, que a pesar del poco \u00e9xito de la \u00faltima visita de Merkel a Washington, el pa\u00eds sigue abogando por el refuerzo de sus relaciones. <\/p>\n<p>Silvia Prada<br \/>\nINCIPE<\/p>\n<p><a href=\"http:\/\/www.incipe.org\/wp-content\/uploads\/2018\/03\/6745-005.jpg\"><img fetchpriority=\"high\" decoding=\"async\" src=\"http:\/\/www.incipe.org\/wp-content\/uploads\/2018\/03\/6745-005-300x225.jpg\" alt=\"6745-005\" width=\"300\" height=\"225\" class=\"alignnone size-medium wp-image-5534\" \/><\/a>   <a href=\"http:\/\/www.incipe.org\/wp-content\/uploads\/2018\/03\/6745-025.jpg\"><img decoding=\"async\" src=\"http:\/\/www.incipe.org\/wp-content\/uploads\/2018\/03\/6745-025-300x225.jpg\" alt=\"6745-025\" width=\"300\" height=\"225\" class=\"alignnone size-medium wp-image-5532\" \/><\/a>   <a href=\"http:\/\/www.incipe.org\/wp-content\/uploads\/2018\/03\/6745-040.jpg\"><img decoding=\"async\" src=\"http:\/\/www.incipe.org\/wp-content\/uploads\/2018\/03\/6745-040-300x225.jpg\" alt=\"6745-040\" width=\"300\" height=\"225\" class=\"alignnone size-medium wp-image-5533\" \/><\/a><!--:--><\/p>\n","protected":false},"excerpt":{"rendered":"<p>El 6 de marzo de 2018, INCIPE celebr\u00f3 un Desayuno de Trabajo bajo el t\u00edtulo La pol\u00edtica europea y exterior del nuevo gobierno alem\u00e1n, para el que se cont\u00f3 con [&hellip;]<\/p>\n","protected":false},"author":3,"featured_media":5534,"comment_status":"closed","ping_status":"closed","sticky":false,"template":"","format":"standard","meta":{"_acf_changed":false,"footnotes":""},"categories":[27],"tags":[],"class_list":["post-5530","post","type-post","status-publish","format-standard","has-post-thumbnail","hentry","category-desayunos-de-trabajo"],"acf":[],"_links":{"self":[{"href":"https:\/\/fundacionincipe.com\/index.php\/wp-json\/wp\/v2\/posts\/5530","targetHints":{"allow":["GET"]}}],"collection":[{"href":"https:\/\/fundacionincipe.com\/index.php\/wp-json\/wp\/v2\/posts"}],"about":[{"href":"https:\/\/fundacionincipe.com\/index.php\/wp-json\/wp\/v2\/types\/post"}],"author":[{"embeddable":true,"href":"https:\/\/fundacionincipe.com\/index.php\/wp-json\/wp\/v2\/users\/3"}],"replies":[{"embeddable":true,"href":"https:\/\/fundacionincipe.com\/index.php\/wp-json\/wp\/v2\/comments?post=5530"}],"version-history":[{"count":0,"href":"https:\/\/fundacionincipe.com\/index.php\/wp-json\/wp\/v2\/posts\/5530\/revisions"}],"wp:featuredmedia":[{"embeddable":true,"href":"https:\/\/fundacionincipe.com\/index.php\/wp-json\/"}],"wp:attachment":[{"href":"https:\/\/fundacionincipe.com\/index.php\/wp-json\/wp\/v2\/media?parent=5530"}],"wp:term":[{"taxonomy":"category","embeddable":true,"href":"https:\/\/fundacionincipe.com\/index.php\/wp-json\/wp\/v2\/categories?post=5530"},{"taxonomy":"post_tag","embeddable":true,"href":"https:\/\/fundacionincipe.com\/index.php\/wp-json\/wp\/v2\/tags?post=5530"}],"curies":[{"name":"wp","href":"https:\/\/api.w.org\/{rel}","templated":true}]}}